{"id":9936,"date":"2023-04-06T09:40:00","date_gmt":"2023-04-06T07:40:00","guid":{"rendered":"https:\/\/prahaskolska.200.solutions\/?p=9936"},"modified":"2023-04-05T15:37:09","modified_gmt":"2023-04-05T13:37:09","slug":"akademie-diky-ze-muzem-pomaha-ve-stredoskolacich-vzbudit-touhu-po-angazovanosti","status":"publish","type":"post","link":"https:\/\/prahaskolska.200.solutions\/?p=9936","title":{"rendered":"Akademie D\u00edky, \u017ee m\u016f\u017eem chce ve st\u0159edo\u0161kol\u00e1c\u00edch vzbudit touhu po anga\u017eovanosti"},"content":{"rendered":"\n<p class=\"has-black-color has-text-color\"><strong>Samet na \u0161kol\u00e1ch je projekt spolku D\u00edky, \u017ee m\u016f\u017eem a\u00a0organizace Post Bellum. Jeho \u00fa\u010delem je pomoci u\u010ditel\u016fm a student\u016fm na z\u00e1kladn\u00edch, st\u0159edn\u00edch a vysok\u00fdch \u0161kol\u00e1ch do v\u00fduky zapojit p\u011bstov\u00e1n\u00ed vztahu ke svobod\u011b a demokracii a podpo\u0159it ve studentech z\u00e1jem o ob\u010danskou anga\u017eovanost. Projekt zprost\u0159edkov\u00e1v\u00e1 \u0159adu workshop\u016f, p\u0159edn\u00e1\u0161ek a jin\u00fdch vzd\u011bl\u00e1vac\u00edch materi\u00e1l\u016f od r\u016fzn\u00fdch neziskov\u00fdch organizac\u00ed. Jedn\u00edm z\u00a0projekt\u016f byla i dvoudenn\u00ed Akademie D\u00edky, \u017ee m\u016f\u017eem, kter\u00e1 prob\u00edhala na p\u0159elomu b\u0159ezna a dubna v\u00a0Praze.<\/strong><\/p>\n\n\n\n<p>Akademie pro st\u0159edo\u0161kol\u00e1ky trvala dva dny a konala se v Magenta Experience Center na Pankr\u00e1ci, ve Vnitroblocku a v\u00a0Kampusu Hybernsk\u00e1. Se\u0161lo se v\u00edce ne\u017e pades\u00e1t student\u016f, kte\u0159\u00ed m\u011bli mo\u017enost si na panelov\u00e9 diskuzi popov\u00eddat s\u00a0n\u011bkolika zaj\u00edmav\u00fdmi hosty v\u011bnuj\u00edc\u00edch se komunikaci s mlad\u00fdmi lidmi. Pat\u0159\u00ed mezi n\u011b nap\u0159. Johana Bazl\u00e9rov\u00e1, Luk\u00e1\u0161 Fritscher \u010di Anna Zemanov\u00e1. \u00a0Krom\u011b debaty prob\u011bhlo tak\u00e9 n\u011bkolik besed s\u00a0mlad\u00fdmi aktivisty, jako nap\u0159\u00edklad Johana Nejedlov\u00e1 z organizace <em>Konsent<\/em> nebo Adam Dvo\u0159\u00e1k z <em>Nevypus\u0165 du\u0161i<\/em>. Prob\u011bhlo tak\u00e9 n\u011bkolik workshop\u016f, nap\u0159\u00edklad od spolku Politika (nejen) pro mlad\u00e9 nebo od Univerzity Karlovy v cetru Didaktikon.<\/p>\n\n\n\n<figure class=\"wp-block-image size-large\"><img loading=\"lazy\" decoding=\"async\" width=\"1024\" height=\"683\" src=\"https:\/\/prahaskolska.200.solutions\/wp-content\/uploads\/2023\/04\/DSC_1344up-1024x683.jpg\" alt=\"\" class=\"wp-image-9942\" srcset=\"https:\/\/prahaskolska.200.solutions\/wp-content\/uploads\/2023\/04\/DSC_1344up-1024x683.jpg 1024w, https:\/\/prahaskolska.200.solutions\/wp-content\/uploads\/2023\/04\/DSC_1344up-300x200.jpg 300w, https:\/\/prahaskolska.200.solutions\/wp-content\/uploads\/2023\/04\/DSC_1344up-768x512.jpg 768w, https:\/\/prahaskolska.200.solutions\/wp-content\/uploads\/2023\/04\/DSC_1344up-1536x1024.jpg 1536w, https:\/\/prahaskolska.200.solutions\/wp-content\/uploads\/2023\/04\/DSC_1344up-2048x1365.jpg 2048w\" sizes=\"auto, (max-width: 1024px) 100vw, 1024px\" \/><figcaption class=\"wp-element-caption\"><sup>Foto: Jakub Kos<\/sup><\/figcaption><\/figure>\n\n\n\n<p>V\u00a0tomto form\u00e1tu se akce konala poprv\u00e9, p\u0159edt\u00edm v\u0161ak ji\u017e t\u0159ikr\u00e1t prob\u011bhla jako\u017eto p\u0159\u00edpravn\u00fd kurz pro studenty, kte\u0159\u00ed na sv\u00fdch \u0161kol\u00e1ch iniciovali tzv. sametov\u00e9 festivaly. Ty se odehr\u00e1vaj\u00ed v\u00a0obdob\u00ed v\u00fdro\u010d\u00ed sametov\u00e9 revoluce a jejich c\u00edlem je p\u0159ipomenout ud\u00e1losti roku 1989 a p\u0159ibl\u00ed\u017eit je student\u016fm.<\/p>\n\n\n\n<p>\u201eMy se dlouhodob\u011b sna\u017e\u00edme aktivizovat studenty a vzbuzovat u mlad\u00fdch lid\u00ed z\u00e1jem o t\u00e9mata svobody, demokracie a lidsk\u00fdch pr\u00e1v, pota\u017emo aktu\u00e1ln\u00ed spole\u010densk\u00e1 t\u00e9mata. P\u0159i\u0161lo n\u00e1m l\u00edto, \u017ee jsme s nimi v kontaktu p\u0159ev\u00e1\u017en\u011b jen na podzim, kdy po\u0159\u00e1daj\u00ed festivaly na sv\u00fdch \u0161kol\u00e1ch k v\u00fdro\u010d\u00ed sametov\u00e9 revoluce, tak jsme se rozhodli uspo\u0159\u00e1dat setk\u00e1n\u00ed i na ja\u0159e, pozvat dal\u0161\u00ed \u0161koly a dal\u0161\u00ed studenty, kte\u0159\u00ed projekt t\u0159eba je\u0161t\u011b neznali a pro v\u0161echny p\u0159ipravit co nejv\u00edc inspirativn\u00ed a pestr\u00fd program,\u201c \u0159\u00edk\u00e1 jeden z&nbsp;organiz\u00e1tor\u016f ze spolku <em>D\u00edky, \u017ee m\u016f\u017eem<\/em>, Matou\u0161 Ettler.<\/p>\n\n\n\n<p>Spolek pl\u00e1nuje dal\u0161\u00ed Akademii na podzim, kter\u00e1 prob\u011bhne op\u011bt ve form\u00e1tu p\u0159\u00edpravy student\u016f, kte\u0159\u00ed budou m\u00edt z\u00e1jem na sv\u00e9 \u0161kole po\u0159\u00e1dat ji\u017e zm\u00edn\u011bn\u00e9 sametov\u00e9 festivaly.<\/p>\n","protected":false},"excerpt":{"rendered":"<p>Samet na \u0161kol\u00e1ch je projekt spolku D\u00edky, \u017ee m\u016f\u017eem a\u00a0organizace Post Bellum. Jeho \u00fa\u010delem je pomoci u\u010ditel\u016fm a student\u016fm na z\u00e1kladn\u00edch, st\u0159edn\u00edch a vysok\u00fdch \u0161kol\u00e1ch do v\u00fduky zapojit p\u011bstov\u00e1n\u00ed vztahu ke svobod\u011b a demokracii a podpo\u0159it ve studentech z\u00e1jem o ob\u010danskou anga\u017eovanost. Projekt zprost\u0159edkov\u00e1v\u00e1 \u0159adu workshop\u016f, p\u0159edn\u00e1\u0161ek a jin\u00fdch vzd\u011bl\u00e1vac\u00edch materi\u00e1l\u016f od r\u016fzn\u00fdch neziskov\u00fdch organizac\u00ed. [&hellip;]<\/p>\n","protected":false},"author":32,"featured_media":9940,"comment_status":"open","ping_status":"open","sticky":false,"template":"","format":"standard","meta":{"inline_featured_image":false,"_breakdance_hide_in_design_set":false,"_breakdance_tags":"","footnotes":""},"categories":[29,43,41,19,40],"tags":[],"class_list":["post-9936","post","type-post","status-publish","format-standard","has-post-thumbnail","hentry","category-akce","category-pro-studenty","category-pro-verejnost","category-skoly-inspiruji","category-stredni-skoly"],"acf":[],"_links":{"self":[{"href":"https:\/\/prahaskolska.200.solutions\/index.php?rest_route=\/wp\/v2\/posts\/9936","targetHints":{"allow":["GET"]}}],"collection":[{"href":"https:\/\/prahaskolska.200.solutions\/index.php?rest_route=\/wp\/v2\/posts"}],"about":[{"href":"https:\/\/prahaskolska.200.solutions\/index.php?rest_route=\/wp\/v2\/types\/post"}],"author":[{"embeddable":true,"href":"https:\/\/prahaskolska.200.solutions\/index.php?rest_route=\/wp\/v2\/users\/32"}],"replies":[{"embeddable":true,"href":"https:\/\/prahaskolska.200.solutions\/index.php?rest_route=%2Fwp%2Fv2%2Fcomments&post=9936"}],"version-history":[{"count":9,"href":"https:\/\/prahaskolska.200.solutions\/index.php?rest_route=\/wp\/v2\/posts\/9936\/revisions"}],"predecessor-version":[{"id":9990,"href":"https:\/\/prahaskolska.200.solutions\/index.php?rest_route=\/wp\/v2\/posts\/9936\/revisions\/9990"}],"wp:featuredmedia":[{"embeddable":true,"href":"https:\/\/prahaskolska.200.solutions\/index.php?rest_route=\/wp\/v2\/media\/9940"}],"wp:attachment":[{"href":"https:\/\/prahaskolska.200.solutions\/index.php?rest_route=%2Fwp%2Fv2%2Fmedia&parent=9936"}],"wp:term":[{"taxonomy":"category","embeddable":true,"href":"https:\/\/prahaskolska.200.solutions\/index.php?rest_route=%2Fwp%2Fv2%2Fcategories&post=9936"},{"taxonomy":"post_tag","embeddable":true,"href":"https:\/\/prahaskolska.200.solutions\/index.php?rest_route=%2Fwp%2Fv2%2Ftags&post=9936"}],"curies":[{"name":"wp","href":"https:\/\/api.w.org\/{rel}","templated":true}]}}