{"id":9925,"date":"2023-04-05T09:40:00","date_gmt":"2023-04-05T07:40:00","guid":{"rendered":"https:\/\/prahaskolska.200.solutions\/?p=9925"},"modified":"2023-04-05T10:59:50","modified_gmt":"2023-04-05T08:59:50","slug":"jak-probiha-oficialni-navsteva-ministra-zahranici-studenti-fsv-v-lodzi-s-janem-lipavskym","status":"publish","type":"post","link":"https:\/\/prahaskolska.200.solutions\/?p=9925","title":{"rendered":"Jak prob\u00edh\u00e1 ofici\u00e1ln\u00ed n\u00e1v\u0161t\u011bva ministra zahrani\u010d\u00ed? Studenti FSV v\u00a0Lod\u017ei s\u00a0Janem Lipavsk\u00fdm"},"content":{"rendered":"\n<p class=\"has-vivid-cyan-blue-color has-text-color\"><strong>V\u00a0r\u00e1mci pr\u00e1ce ve spolku Politika (nejen) pro mlad\u00e9, jsem spolu se svou kolegyn\u00ed Karol\u00ednou Fejtovou m\u011bl mo\u017enost z\u00fa\u010dastnit se n\u00e1v\u0161t\u011bvy ministra zahrani\u010d\u00ed na summitu Bukure\u0161\u0165sk\u00e9 dev\u00edtky v\u00a0polsk\u00e9 Lod\u017ei. V\u00a0r\u00e1mci tohoto v\u00fdjezdu se n\u00e1m poskytnul zaj\u00edmav\u00fd n\u00e1hled na to, jak takov\u00e1 jedn\u00e1n\u00ed prob\u00edhaj\u00ed a jak vypad\u00e1 medi\u00e1ln\u00ed z\u00e1kulis\u00ed.<\/strong><\/p>\n\n\n\n<p>Do Polska jsme let\u011bli vl\u00e1dn\u00edm speci\u00e1lem. Na palub\u011b krom\u011b Jana Lipavsk\u00e9ho let\u011bli i z\u00e1stupci m\u00e9di\u00ed, kter\u00e9 ministerstvo zahrani\u010d\u00ed pozvalo. Po p\u0159ist\u00e1n\u00ed jsme polici\u00ed prov\u00e1zenou kolonou vyrazili sm\u011brem k&nbsp;hotelu, kde byli minist\u0159i ubytovan\u00ed. Na jedn\u00e1n\u00ed jsme let\u011bli den p\u0159edem, jeliko\u017e na ve\u010der p\u0159ed summitem byla napl\u00e1novan\u00e1 ve\u010de\u0159e ministr\u016f a n\u00e1v\u0161t\u011bva koncertu.<\/p>\n\n\n\n<p>Druh\u00fd den pro n\u00e1s za\u010dal n\u00e1v\u0161t\u011bvou press centra, kde jsme se akreditovali, abychom m\u011bli p\u0159\u00edstup nap\u0159\u00edklad na fototerm\u00edny jednotliv\u00fdch ministr\u016f, nebo na z\u00e1v\u011bre\u010dn\u00e9 \u201efamilly photo\u201c. Pot\u00e9 jsme m\u011bli domluven\u00fd rozhovor s&nbsp;panem Lipavsk\u00fdm, kde n\u00e1m je\u0161t\u011b, ne\u017e summit za\u010dal \u0159ekl, co je to B9, jak funguje a pro\u010d je na\u0161e \u010dlenstv\u00ed v&nbsp;n\u00ed d\u016fle\u017eit\u00e9.<\/p>\n\n\n\n<figure class=\"wp-block-image size-large is-resized\"><img decoding=\"async\" src=\"https:\/\/prahaskolska.200.solutions\/wp-content\/uploads\/2023\/04\/WhatsApp-Image-2023-04-04-at-16.39.34-edited-1.jpeg\" alt=\"\" class=\"wp-image-9981\" width=\"437\" srcset=\"https:\/\/prahaskolska.200.solutions\/wp-content\/uploads\/2023\/04\/WhatsApp-Image-2023-04-04-at-16.39.34-edited-1.jpeg 946w, https:\/\/prahaskolska.200.solutions\/wp-content\/uploads\/2023\/04\/WhatsApp-Image-2023-04-04-at-16.39.34-edited-1-200x300.jpeg 200w, https:\/\/prahaskolska.200.solutions\/wp-content\/uploads\/2023\/04\/WhatsApp-Image-2023-04-04-at-16.39.34-edited-1-683x1024.jpeg 683w, https:\/\/prahaskolska.200.solutions\/wp-content\/uploads\/2023\/04\/WhatsApp-Image-2023-04-04-at-16.39.34-edited-1-768x1152.jpeg 768w\" sizes=\"(max-width: 946px) 100vw, 946px\" \/><figcaption class=\"wp-element-caption\">Kry\u0161tof Ji\u0159\u00edk a Karol\u00edna Fejtov\u00e1 v v lobby hotelu Vienna house, kde se summit odehr\u00e1val<\/figcaption><\/figure>\n\n\n\n<p>Pr\u016fb\u011bh jedn\u00e1n\u00ed byl neve\u0159ejn\u00fd, tak jsme voln\u00fd \u010das tr\u00e1vili v&nbsp;press centru a stejn\u011b jako ostatn\u00ed z\u00e1stupci \u010desk\u00fdch i zahrani\u010dn\u00edch m\u00e9di\u00ed jsme zpracov\u00e1vali do t\u00e9 doby nasb\u00edran\u00fd materi\u00e1l a p\u0159ipravovali se na tiskovou konferenci, kde m\u011bl ministr shrnout pr\u016fb\u011bh jedn\u00e1n\u00ed. Cel\u00fd are\u00e1l b\u00fdval\u00e9 fabriky, kde se setk\u00e1n\u00ed konalo, byl nep\u0159etr\u017eit\u011b hl\u00edd\u00e1n polici\u00ed a p\u0159i vstupu do jednac\u00ed m\u00edstnosti a jej\u00ed p\u0159eds\u00edn\u011b jsme byli d\u016fkladn\u011b prohled\u00e1n\u00ed kv\u016fli zbran\u00edm.<\/p>\n\n\n\n<p>Jeliko\u017e jsme museli z&nbsp;\u010dasov\u00fdch d\u016fvod\u016f let\u011bt zp\u011bt do \u010ceska je\u0161t\u011b p\u0159ed za\u010d\u00e1tkem ofici\u00e1ln\u00ed tiskov\u00e9 konference ministr\u016f B9, byla pro \u010desk\u00e9 novin\u00e1\u0159e uspo\u0159\u00e1d\u00e1na jedna jen s&nbsp;Janem Lipavsk\u00fdm. Ta byla \u017eiv\u011b p\u0159en\u00e1\u0161ena. Ministr pot\u00e9 je\u0161t\u011b poskytnul rozhovor polsk\u00e9 televizi, b\u011bhem kter\u00e9ho m\u011bli zpravodajci ji\u017e pr\u00fd tradi\u010dn\u00ed sprint, kdy museli b\u011bhem deseti minut, ne\u017e jsme vyrazili na leti\u0161t\u011b, odeslat v\u0161echny materi\u00e1ly a informace do redakce. Je\u0161t\u011b b\u011bhem cesty kolonou tak v\u0161ichni zad\u00e1vali do syst\u00e9mu zpr\u00e1vy a pokra\u010dovali prakticky a\u017e do letadla, kde museli za\u0159\u00edzen\u00ed vypnout.<\/p>\n\n\n\n<p>T\u00edm dvoudenn\u00ed n\u00e1v\u0161t\u011bva Lod\u017ee skon\u010dila.<\/p>\n","protected":false},"excerpt":{"rendered":"<p>V\u00a0r\u00e1mci pr\u00e1ce ve spolku Politika (nejen) pro mlad\u00e9, jsem spolu se svou kolegyn\u00ed Karol\u00ednou Fejtovou m\u011bl mo\u017enost z\u00fa\u010dastnit se n\u00e1v\u0161t\u011bvy ministra zahrani\u010d\u00ed na summitu Bukure\u0161\u0165sk\u00e9 dev\u00edtky v\u00a0polsk\u00e9 Lod\u017ei. V\u00a0r\u00e1mci tohoto v\u00fdjezdu se n\u00e1m poskytnul zaj\u00edmav\u00fd n\u00e1hled na to, jak takov\u00e1 jedn\u00e1n\u00ed prob\u00edhaj\u00ed a jak vypad\u00e1 medi\u00e1ln\u00ed z\u00e1kulis\u00ed. Do Polska jsme let\u011bli vl\u00e1dn\u00edm speci\u00e1lem. Na palub\u011b [&hellip;]<\/p>\n","protected":false},"author":32,"featured_media":9932,"comment_status":"open","ping_status":"open","sticky":false,"template":"","format":"standard","meta":{"inline_featured_image":false,"_breakdance_hide_in_design_set":false,"_breakdance_tags":"","footnotes":""},"categories":[19,35,38],"tags":[],"class_list":["post-9925","post","type-post","status-publish","format-standard","has-post-thumbnail","hentry","category-skoly-inspiruji","category-studentska-tvorba","category-vysoke-skoly"],"acf":[],"_links":{"self":[{"href":"https:\/\/prahaskolska.200.solutions\/index.php?rest_route=\/wp\/v2\/posts\/9925","targetHints":{"allow":["GET"]}}],"collection":[{"href":"https:\/\/prahaskolska.200.solutions\/index.php?rest_route=\/wp\/v2\/posts"}],"about":[{"href":"https:\/\/prahaskolska.200.solutions\/index.php?rest_route=\/wp\/v2\/types\/post"}],"author":[{"embeddable":true,"href":"https:\/\/prahaskolska.200.solutions\/index.php?rest_route=\/wp\/v2\/users\/32"}],"replies":[{"embeddable":true,"href":"https:\/\/prahaskolska.200.solutions\/index.php?rest_route=%2Fwp%2Fv2%2Fcomments&post=9925"}],"version-history":[{"count":8,"href":"https:\/\/prahaskolska.200.solutions\/index.php?rest_route=\/wp\/v2\/posts\/9925\/revisions"}],"predecessor-version":[{"id":9985,"href":"https:\/\/prahaskolska.200.solutions\/index.php?rest_route=\/wp\/v2\/posts\/9925\/revisions\/9985"}],"wp:featuredmedia":[{"embeddable":true,"href":"https:\/\/prahaskolska.200.solutions\/index.php?rest_route=\/wp\/v2\/media\/9932"}],"wp:attachment":[{"href":"https:\/\/prahaskolska.200.solutions\/index.php?rest_route=%2Fwp%2Fv2%2Fmedia&parent=9925"}],"wp:term":[{"taxonomy":"category","embeddable":true,"href":"https:\/\/prahaskolska.200.solutions\/index.php?rest_route=%2Fwp%2Fv2%2Fcategories&post=9925"},{"taxonomy":"post_tag","embeddable":true,"href":"https:\/\/prahaskolska.200.solutions\/index.php?rest_route=%2Fwp%2Fv2%2Ftags&post=9925"}],"curies":[{"name":"wp","href":"https:\/\/api.w.org\/{rel}","templated":true}]}}