{"id":9912,"date":"2023-04-04T09:02:00","date_gmt":"2023-04-04T07:02:00","guid":{"rendered":"https:\/\/prahaskolska.200.solutions\/?p=9912"},"modified":"2023-04-07T13:44:06","modified_gmt":"2023-04-07T11:44:06","slug":"nekdy-staci-male-gesto-novy-projekt-neziskove-organizace-post-bellum","status":"publish","type":"post","link":"https:\/\/prahaskolska.200.solutions\/?p=9912","title":{"rendered":"N\u011bkdy sta\u010d\u00ed mal\u00e9 gesto: Nov\u00fd projekt neziskov\u00e9 organizace Post Bellum"},"content":{"rendered":"\n<p><strong>V\u00e9st \u017e\u00e1ky ke kritick\u00e9mu my\u0161len\u00ed, um\u011bt se zamyslet nad vlastn\u00edmi rozhodnut\u00edmi a osvojit si z\u00e1klady badatelsk\u00e9 pr\u00e1ce. Pro tyto \u00fa\u010dely vznikl metodick\u00fd se\u0161it s&nbsp;n\u00e1zvem <em>N\u011bkdy sta\u010d\u00ed mal\u00e9 gesto<\/em>, kter\u00fd mohou pedagogov\u00e9 pou\u017e\u00edt ve sv\u00e9 v\u00fduce, aby u student\u016f rozv\u00edjeli konstruktivn\u00ed my\u0161len\u00ed a empatii. &nbsp;<\/strong><\/p>\n\n\n<div class=\"wp-block-image\">\n<figure class=\"alignleft size-large is-resized\"><img loading=\"lazy\" decoding=\"async\" src=\"https:\/\/prahaskolska.200.solutions\/wp-content\/uploads\/2023\/04\/Wz_mLn_E-1-724x1024.png\" alt=\"\" class=\"wp-image-9917\" width=\"252\" height=\"355\" srcset=\"https:\/\/prahaskolska.200.solutions\/wp-content\/uploads\/2023\/04\/Wz_mLn_E-1-724x1024.png 724w, https:\/\/prahaskolska.200.solutions\/wp-content\/uploads\/2023\/04\/Wz_mLn_E-1-212x300.png 212w, https:\/\/prahaskolska.200.solutions\/wp-content\/uploads\/2023\/04\/Wz_mLn_E-1-768x1086.png 768w, https:\/\/prahaskolska.200.solutions\/wp-content\/uploads\/2023\/04\/Wz_mLn_E-1-1087x1536.png 1087w, https:\/\/prahaskolska.200.solutions\/wp-content\/uploads\/2023\/04\/Wz_mLn_E-1.png 1190w\" sizes=\"auto, (max-width: 252px) 100vw, 252px\" \/><figcaption class=\"wp-element-caption\"><sup>Uk\u00e1zka tituln\u00ed strany v\u00fdukov\u00e9ho se\u0161itu<\/sup><\/figcaption><\/figure><\/div>\n\n\n<p>Se\u0161it slou\u017e\u00ed p\u0159edev\u0161\u00edm jako dopl\u0148kov\u00fd materi\u00e1l k v\u00fdstav\u011b <em>P\u0159\u00edb\u011bhy na\u0161ich soused\u016f ve&nbsp;St\u0159edo\u010desk\u00e9m kraji<\/em>, kterou si lze po domluv\u011b s&nbsp;Post Bellum zap\u016fj\u010dit do \u0161kol. V\u00fdstava vznikla d\u00edky \u017e\u00e1k\u016fm z\u00e1kladn\u00edch a st\u0159edn\u00edch \u0161kol, kte\u0159\u00ed se do projektu zapojili. Studenti b\u011bhem sv\u00e9 pr\u00e1ce nav\u0161t\u00edvili pam\u011btn\u00edky a za pomoci pedagog\u016f, dokumentarist\u016f a historik\u016f zaznamenali jejich sv\u011bdectv\u00ed o ud\u00e1lostech minul\u00e9ho stolet\u00ed. <\/p>\n\n\n\n<p>V\u00fdstava se skl\u00e1d\u00e1 z&nbsp;p\u0159\u00edb\u011bh\u016f celkem p\u011bti pam\u011btn\u00edk\u016f. Se\u0161it slou\u017e\u00ed jako doprovodn\u00fd materi\u00e1l, nicm\u00e9n\u011b s&nbsp;n\u00edm lze pracovat i bez toho, ani\u017e by studenti v\u00fdstavu zhl\u00e9dli.<\/p>\n\n\n\n<p>Hlavn\u00edm c\u00edlem autor\u016f se\u0161itu je v\u00e9st \u017e\u00e1ky ke kritick\u00e9mu my\u0161len\u00ed, nau\u010dit se pracovat se zdroji a p\u0159iv\u00e9st studenty k&nbsp;zamy\u0161len\u00ed se nad p\u0159\u00edb\u011bhem pam\u011btn\u00edka v&nbsp;celkov\u00e9m historick\u00e9m kontextu. Dal\u0161\u00edm d\u016fle\u017eit\u00fdm bodem je, aby si \u017e\u00e1ci skrz pracovn\u00ed listy vyzkou\u0161eli z\u00e1klady badatelsk\u00e9 pr\u00e1ce &#8211; kladen\u00ed ot\u00e1zek, zpracov\u00e1n\u00ed re\u0161er\u0161\u00ed, zasazen\u00ed informac\u00ed do historick\u00e9ho kontextu a n\u00e1sledn\u00e9 kritick\u00e9 zhodnocen\u00ed.<\/p>\n\n\n\n<p>Publikace se skl\u00e1d\u00e1 z&nbsp;n\u011bkolika pracovn\u00edch list\u016f, kter\u00e9 se zam\u011b\u0159uj\u00ed na t\u0159i z&nbsp;p\u011bti pam\u011btn\u00edk\u016f, o nich\u017e v\u00fdstava vypr\u00e1v\u00ed. Jedn\u00e1 se o celkem p\u011bt kapitol. \u00davodn\u00ed kapitola sezn\u00e1m\u00ed studenty s&nbsp;c\u00edli obsahu a stru\u010dn\u011b vysv\u011btl\u00ed, jak s&nbsp;materi\u00e1ly pracovat, n\u00e1sleduj\u00edc\u00ed t\u0159i kapitoly se t\u00fdkaj\u00ed pam\u011btn\u00edk\u016f. Posledn\u00ed kapitola pom\u00e1h\u00e1 \u017e\u00e1k\u016fm reflektovat poznatky, kter\u00e9 si z&nbsp;vypln\u011bn\u00ed pracovn\u00edch list\u016f odn\u00e1\u0161ej\u00ed.<\/p>\n\n\n\n<p>K&nbsp;metodick\u00e9mu se\u0161itu p\u0159ipravilo Post Bellum workshop ur\u010den\u00fd pro u\u010ditele z\u00e1kladn\u00edch a st\u0159edn\u00edch \u0161kol. Lektor pedagogy bl\u00ed\u017ee sezn\u00e1m\u00ed se se\u0161item, projde ho s&nbsp;nimi kapitolu po kapitole a p\u0159edstav\u00ed jim zp\u016fsoby a tipy, jak s&nbsp;materi\u00e1lem co nejl\u00e9pe pracovat, aby si z&nbsp;pr\u00e1ce s&nbsp;n\u00edm \u017e\u00e1ci odnesli co nejv\u00edce zku\u0161enost\u00ed.&nbsp;Semin\u00e1\u0159 ur\u010den\u00fd pro u\u010ditele pra\u017esk\u00fdch z\u00e1kladn\u00edch a st\u0159edn\u00edch \u0161kol se uskute\u010dn\u00ed 12. dubna 2023. \u00da\u010dast na n\u011bm je zcela zdarma. Odkaz na p\u0159ihl\u00e1\u0161ku a detaily akce naleznete <a href=\"https:\/\/docs.google.com\/forms\/d\/e\/1FAIpQLSfi4uaGtPfWby_ZDtkiO1jIlPwClnwTjOCBuSTeTLa_TWS9fA\/viewform\">zde<\/a>.<\/p>\n\n\n\n<p>Metodick\u00fd se\u0161it je mo\u017en\u00e9 si zdarma st\u00e1hnout pod t\u00edmto <a href=\"https:\/\/www.dropbox.com\/s\/y3surbydmpy8dl5\/N%C4%9Bkdy%20sta%C4%8D%C3%AD%20mal%C3%A9%20gesto_P%C5%99%C3%ADb%C4%9Bhy%20pam%C4%9Btn%C3%ADk%C5%AF%20St%C5%99edo%C4%8Desk%C3%A9ho%20kraje.pdf?dl=0\">odkazem<\/a>.<\/p>\n\n\n<div class=\"wp-block-image\">\n<figure class=\"aligncenter size-large is-resized\"><img loading=\"lazy\" decoding=\"async\" src=\"https:\/\/prahaskolska.200.solutions\/wp-content\/uploads\/2023\/04\/PN_logo_sRGB-1024x782.jpg\" alt=\"\" class=\"wp-image-9918\" width=\"190\" height=\"145\" srcset=\"https:\/\/prahaskolska.200.solutions\/wp-content\/uploads\/2023\/04\/PN_logo_sRGB-1024x782.jpg 1024w, https:\/\/prahaskolska.200.solutions\/wp-content\/uploads\/2023\/04\/PN_logo_sRGB-300x229.jpg 300w, https:\/\/prahaskolska.200.solutions\/wp-content\/uploads\/2023\/04\/PN_logo_sRGB-768x587.jpg 768w, https:\/\/prahaskolska.200.solutions\/wp-content\/uploads\/2023\/04\/PN_logo_sRGB.jpg 1270w\" sizes=\"auto, (max-width: 190px) 100vw, 190px\" \/><\/figure><\/div>\n\n\n<p><sup>Zdroj obr\u00e1zk\u016f: Post Bellum<\/sup><\/p>\n","protected":false},"excerpt":{"rendered":"<p>V\u00e9st \u017e\u00e1ky ke kritick\u00e9mu my\u0161len\u00ed, um\u011bt se zamyslet nad vlastn\u00edmi rozhodnut\u00edmi a osvojit si z\u00e1klady badatelsk\u00e9 pr\u00e1ce. Pro tyto \u00fa\u010dely vznikl metodick\u00fd se\u0161it s&nbsp;n\u00e1zvem N\u011bkdy sta\u010d\u00ed mal\u00e9 gesto, kter\u00fd mohou pedagogov\u00e9 pou\u017e\u00edt ve sv\u00e9 v\u00fduce, aby u student\u016f rozv\u00edjeli konstruktivn\u00ed my\u0161len\u00ed a empatii. &nbsp; Se\u0161it slou\u017e\u00ed p\u0159edev\u0161\u00edm jako dopl\u0148kov\u00fd materi\u00e1l k v\u00fdstav\u011b P\u0159\u00edb\u011bhy na\u0161ich soused\u016f [&hellip;]<\/p>\n","protected":false},"author":23,"featured_media":9915,"comment_status":"open","ping_status":"open","sticky":false,"template":"","format":"standard","meta":{"inline_featured_image":false,"_breakdance_hide_in_design_set":false,"_breakdance_tags":"","footnotes":""},"categories":[78,42,149],"tags":[],"class_list":["post-9912","post","type-post","status-publish","format-standard","has-post-thumbnail","hentry","category-napady-do-vyuky-praha-skolska","category-pro-pedagogy","category-pro-reditele-skol"],"acf":[],"_links":{"self":[{"href":"https:\/\/prahaskolska.200.solutions\/index.php?rest_route=\/wp\/v2\/posts\/9912","targetHints":{"allow":["GET"]}}],"collection":[{"href":"https:\/\/prahaskolska.200.solutions\/index.php?rest_route=\/wp\/v2\/posts"}],"about":[{"href":"https:\/\/prahaskolska.200.solutions\/index.php?rest_route=\/wp\/v2\/types\/post"}],"author":[{"embeddable":true,"href":"https:\/\/prahaskolska.200.solutions\/index.php?rest_route=\/wp\/v2\/users\/23"}],"replies":[{"embeddable":true,"href":"https:\/\/prahaskolska.200.solutions\/index.php?rest_route=%2Fwp%2Fv2%2Fcomments&post=9912"}],"version-history":[{"count":3,"href":"https:\/\/prahaskolska.200.solutions\/index.php?rest_route=\/wp\/v2\/posts\/9912\/revisions"}],"predecessor-version":[{"id":10023,"href":"https:\/\/prahaskolska.200.solutions\/index.php?rest_route=\/wp\/v2\/posts\/9912\/revisions\/10023"}],"wp:featuredmedia":[{"embeddable":true,"href":"https:\/\/prahaskolska.200.solutions\/index.php?rest_route=\/wp\/v2\/media\/9915"}],"wp:attachment":[{"href":"https:\/\/prahaskolska.200.solutions\/index.php?rest_route=%2Fwp%2Fv2%2Fmedia&parent=9912"}],"wp:term":[{"taxonomy":"category","embeddable":true,"href":"https:\/\/prahaskolska.200.solutions\/index.php?rest_route=%2Fwp%2Fv2%2Fcategories&post=9912"},{"taxonomy":"post_tag","embeddable":true,"href":"https:\/\/prahaskolska.200.solutions\/index.php?rest_route=%2Fwp%2Fv2%2Ftags&post=9912"}],"curies":[{"name":"wp","href":"https:\/\/api.w.org\/{rel}","templated":true}]}}