{"id":9907,"date":"2023-04-03T09:05:00","date_gmt":"2023-04-03T07:05:00","guid":{"rendered":"https:\/\/prahaskolska.200.solutions\/?p=9907"},"modified":"2023-04-02T23:55:54","modified_gmt":"2023-04-02T21:55:54","slug":"pronasledovani-studenti-z-beloruska-se-sesli-se-zastupci-msmt","status":"publish","type":"post","link":"https:\/\/prahaskolska.200.solutions\/?p=9907","title":{"rendered":"Pron\u00e1sledovan\u00ed studenti z B\u011bloruska se se\u0161li se z\u00e1stupci M\u0160MT"},"content":{"rendered":"\n<p><strong>Ve st\u0159edu 29. b\u0159ezna se z\u00e1stupci veden\u00ed M\u0160MT se\u0161li se skupinou pron\u00e1sledovan\u00fdch studentek a student\u016f z B\u011bloruska, kte\u0159\u00ed projevili z\u00e1jem o studium v \u010cesk\u00e9 republice. <\/strong><\/p>\n\n\n\n<p>Situace v zemi, kter\u00e1 je ozna\u010dov\u00e1na za posledn\u00ed evropskou diktaturu, je dle student\u016f opravdu tristn\u00ed. P\u0159i setk\u00e1n\u00ed zazn\u011blo, \u017ee na \u00fazem\u00ed B\u011blorusku je v sou\u010dasn\u00e9 dob\u011b v\u011bzn\u011bno minim\u00e1ln\u011b 50 studentek a student\u016f. Dal\u0161\u00edch nejm\u00e9n\u011b 153 studuj\u00edc\u00edch bylo donuceno opustit univerzity a mnoho dal\u0161\u00edch ze strachu o bezpe\u010dnost svoji rodnou zemi opustilo. Des\u00edtky a\u017e stovky dal\u0161\u00edch mus\u00ed \u010delit neust\u00e1l\u00fdm repres\u00edm ze strany b\u011blorusk\u00e9ho re\u017eimu.<\/p>\n\n\n\n<p><em>\u201eN\u011bkdo dok\u00e1zal uprchnout, n\u00e1m se to bohu\u017eel nepoda\u0159ilo a ocitli jsme se ve v\u011bzen\u00ed. Hlavn\u00ed \u00fakol demokratick\u00fdch st\u00e1t\u016f, co se t\u00fdk\u00e1 b\u011blorusk\u00fdch vysoko\u0161kol\u00e1k\u016f, je poskytovat jim podporu, proto\u017ee jsme to pr\u00e1v\u011b my, kdo m\u016f\u017ee zajistit demokratickou budoucnost B\u011bloruska,\u201c<\/em> \u0159\u00edk\u00e1 jeden z perzekvovan\u00fdch student\u016f.<\/p>\n\n\n\n<p>Podporu za M\u0160MT student\u016fm p\u0159isl\u00edbili n\u00e1m\u011bstek ministra \u0161kolstv\u00ed Jaroslav Miller a vrchn\u00ed \u0159editel sekce mezin\u00e1rodn\u00edch vztah\u016f V\u00e1clav Vel\u010dovsk\u00fd. <em>\u201ePr\u00e1v\u011b vysoko\u0161kol\u0161t\u00ed studenti byli v&nbsp;historii, v\u010detn\u011b t\u00e9 na\u0161\u00ed, \u010dasto nositel\u00e9 zm\u011bny. Na p\u0159\u00edkladu \u010dty\u0159 student\u016f, jejich\u017e p\u0159\u00edb\u011bhy jsme si dnes mohli vyslechnout, jsme na vlastn\u00ed u\u0161i sly\u0161eli, jak funguj\u00ed represivn\u00ed opat\u0159en\u00ed v&nbsp;B\u011blorusku. \u017de pracovn\u00ed t\u00e1bory, \u0161it\u00ed uniforem \u010di pracovn\u00edch bot, nen\u00ed minulost\u00ed. Ukazuje to, jak nesamoz\u0159ejm\u00e9 svoboda i demokracie jsou, a jak obrovsk\u00e1 je odvaha t\u011bchto dvacetilet\u00fdch student\u016f, kte\u0159\u00ed se nakonec do B\u011bloruska cht\u011bj\u00ed vr\u00e1tit a pod\u00edlet se na demokratiza\u010dn\u00edch zm\u011bn\u00e1ch uvnit\u0159 tamn\u00ed spole\u010dnosti,\u201c<\/em> uvedl Vel\u010dovsk\u00fd po setk\u00e1n\u00ed se studenty.<\/p>\n\n\n\n<p>Zdroj: M\u0160MT<\/p>\n\n\n\n<p><sup>Zdroj obr\u00e1zku: <a href=\"https:\/\/unsplash.com\/photos\/AUVH9wcQhFU\">Unsplash<\/a><\/sup><\/p>\n","protected":false},"excerpt":{"rendered":"<p>Ve st\u0159edu 29. b\u0159ezna se z\u00e1stupci veden\u00ed M\u0160MT se\u0161li se skupinou pron\u00e1sledovan\u00fdch studentek a student\u016f z B\u011bloruska, kte\u0159\u00ed projevili z\u00e1jem o studium v \u010cesk\u00e9 republice. Situace v zemi, kter\u00e1 je ozna\u010dov\u00e1na za posledn\u00ed evropskou diktaturu, je dle student\u016f opravdu tristn\u00ed. P\u0159i setk\u00e1n\u00ed zazn\u011blo, \u017ee na \u00fazem\u00ed B\u011blorusku je v sou\u010dasn\u00e9 dob\u011b v\u011bzn\u011bno minim\u00e1ln\u011b 50 studentek [&hellip;]<\/p>\n","protected":false},"author":24,"featured_media":9908,"comment_status":"open","ping_status":"open","sticky":false,"template":"","format":"standard","meta":{"inline_featured_image":false,"_breakdance_hide_in_design_set":false,"_breakdance_tags":"","footnotes":""},"categories":[28,38],"tags":[],"class_list":["post-9907","post","type-post","status-publish","format-standard","has-post-thumbnail","hentry","category-aktualne-ze-skolstvi","category-vysoke-skoly"],"acf":[],"_links":{"self":[{"href":"https:\/\/prahaskolska.200.solutions\/index.php?rest_route=\/wp\/v2\/posts\/9907","targetHints":{"allow":["GET"]}}],"collection":[{"href":"https:\/\/prahaskolska.200.solutions\/index.php?rest_route=\/wp\/v2\/posts"}],"about":[{"href":"https:\/\/prahaskolska.200.solutions\/index.php?rest_route=\/wp\/v2\/types\/post"}],"author":[{"embeddable":true,"href":"https:\/\/prahaskolska.200.solutions\/index.php?rest_route=\/wp\/v2\/users\/24"}],"replies":[{"embeddable":true,"href":"https:\/\/prahaskolska.200.solutions\/index.php?rest_route=%2Fwp%2Fv2%2Fcomments&post=9907"}],"version-history":[{"count":3,"href":"https:\/\/prahaskolska.200.solutions\/index.php?rest_route=\/wp\/v2\/posts\/9907\/revisions"}],"predecessor-version":[{"id":9922,"href":"https:\/\/prahaskolska.200.solutions\/index.php?rest_route=\/wp\/v2\/posts\/9907\/revisions\/9922"}],"wp:featuredmedia":[{"embeddable":true,"href":"https:\/\/prahaskolska.200.solutions\/index.php?rest_route=\/wp\/v2\/media\/9908"}],"wp:attachment":[{"href":"https:\/\/prahaskolska.200.solutions\/index.php?rest_route=%2Fwp%2Fv2%2Fmedia&parent=9907"}],"wp:term":[{"taxonomy":"category","embeddable":true,"href":"https:\/\/prahaskolska.200.solutions\/index.php?rest_route=%2Fwp%2Fv2%2Fcategories&post=9907"},{"taxonomy":"post_tag","embeddable":true,"href":"https:\/\/prahaskolska.200.solutions\/index.php?rest_route=%2Fwp%2Fv2%2Ftags&post=9907"}],"curies":[{"name":"wp","href":"https:\/\/api.w.org\/{rel}","templated":true}]}}