{"id":9882,"date":"2023-03-31T09:52:00","date_gmt":"2023-03-31T07:52:00","guid":{"rendered":"https:\/\/prahaskolska.200.solutions\/?p=9882"},"modified":"2023-03-30T14:53:02","modified_gmt":"2023-03-30T12:53:02","slug":"vitezkou-27-rocniku-urban-design-award-se-stala-tereza-rihova","status":"publish","type":"post","link":"https:\/\/prahaskolska.200.solutions\/?p=9882","title":{"rendered":"V\u00edt\u011bzkou 27. ro\u010dn\u00edku Urban Design Award se stala Tereza \u0158\u00edhov\u00e1"},"content":{"rendered":"\n<p><strong>Na Fakult\u011b architektury \u010cVUT prob\u011bhlo vyhl\u00e1\u0161en\u00ed 27. ro\u010dn\u00edku sout\u011b\u017ee Urban Design Award. Mezi sebou se  utkali studenti osmi \u0161kol architektury ze zem\u00ed Visegr\u00e1dsk\u00e9 skupiny. V\u00edt\u011bzkou sout\u011b\u017ee se stala Tereza \u0158\u00edhov\u00e1 se sv\u00fdm projektem rozvoje centra Strakonic.<\/strong><\/p>\n\n\n\n<p>V sout\u011b\u017ei se se\u0161lo celkem 62 studentsk\u00fdch prac\u00ed. Porotci byli Mateusz Gyurkovich, Igor Hobza, Jan Mackovi\u010d, Katar\u00edna Smatanov\u00e1, P\u00e9ter Szal\u00f3, Agnieszka Szumilas a Radek Toman. <\/p>\n\n\n\n<p>Projekty, kter\u00e9 obdr\u017eely ocen\u011bn\u00ed, se zam\u011b\u0159uj\u00ed na efektivn\u00ed dopl\u0148ov\u00e1n\u00ed center, vhodn\u00e1 m\u011b\u0159\u00edtka ve\u0159ejn\u00fdch prostranstv\u00ed nebo rozvoj periferi\u00ed. Podle Agnieszky\u00a0Szumilas se \u201e<em>n\u011bkter\u00e9 studentsk\u00e9 n\u00e1vrhy se m\u016f\u017eou zd\u00e1t nere\u00e1ln\u00e9, bl\u00e1zniv\u00e9, ale n\u011bkdy je pot\u0159eba b\u00fdt radik\u00e1ln\u00ed, abychom si pot\u0159ebu zm\u011bny uv\u011bdomili<\/em>.\u201c<\/p>\n\n\n\n<p>V\u00edt\u011bzka Tereza \u0158\u00edhov\u00e1 z\u00a0ateli\u00e9ru Rothbauer sv\u016fj projekt zasadila do jiho\u010desk\u00fdch Strakonic. Pomoc\u00ed citliv\u00fdch \u00faprav ve sv\u00e9 pr\u00e1ci znovunal\u00e9z\u00e1 centrum m\u011bsta a jeho vztah k \u0159ece Otav\u011b, kter\u00fd byl pro Strakonice v d\u0159\u00edv\u011bj\u0161\u00edch dob\u00e1ch typick\u00fd a o kter\u00fd m\u011bsto p\u0159i\u0161lo v d\u016fsledku ru\u0161n\u00e9 automobilov\u00e9 dopravy. Porota vyzdvihla hlavn\u011b pe\u010dlivou pr\u00e1ci a autor\u010dinu inspiraci p\u016fvodn\u00ed urb\u00e1nn\u00ed strukturou m\u011bsta. V hodnocen\u00ed poroty se p\u00ed\u0161e: \u201e<em>S pomoc\u00ed velmi dob\u0159e zvolen\u00fdch regulativ\u016f vytv\u00e1\u0159\u00ed novou \u00farove\u0148 \u0159\u00ed\u010dn\u00edch b\u0159eh\u016f, blokovou strukturu s<\/em>\u00a0<em>p\u0159\u00edjemn\u00fdmi uli\u010dn\u00edmi prostory i mal\u00e1 n\u00e1m\u011bst\u00ed,<\/em>\u201c<\/p>\n\n\n\n<p>Jedn\u00edm z ocen\u011bn\u00fdch projekt\u016f je tak\u00e9 koncept rozvoje Sarajeva od Zory Bog\u00e1rov\u00e9 z FA VUT Brno. Porotci v pr\u00e1ci ocenili &#8222;<em>um\u00edrn\u011bn\u00e9 a drobn\u00e9 z\u00e1sahy, kter\u00e9 nal\u00e9zaj\u00ed a rekonstruuj\u00ed skryt\u00e9 hodnoty st\u00e1vaj\u00edc\u00edch struktur \u010di objevuj\u00ed mo\u017enosti nov\u00fdch impulz\u016f v kontextu sou\u010dasnosti<\/em>.&#8220;<\/p>\n\n\n\n<p><em>\u201eV posledn\u00edch letech vid\u00edme mezi ocen\u011bn\u00fdmi \u010dast\u011bji um\u00edrn\u011bn\u00e9 a drobn\u00e9 z\u00e1sahy, kter\u00e9 nal\u00e9zaj\u00ed a rekonstruuj\u00ed skryt\u00e9 hodnoty st\u00e1vaj\u00edc\u00edch struktur \u010di objevuj\u00ed mo\u017enosti nov\u00fdch impulz\u016f v kontextu sou\u010dasnosti. Takov\u00fdm p\u0159\u00edkladem je ocen\u011bn\u00fd koncept pro rozvoj Sarajeva,\u201d\u00a0<\/em>komentuje v\u00fdb\u011br poroty Zuzana Pol\u00e1kov\u00e1 z\u00a0\u00dastavu prostorov\u00e9ho pl\u00e1nov\u00e1n\u00ed FA \u010cVUT.<\/p>\n\n\n\n<p>V\u0161echny ocen\u011bn\u00e9 pr\u00e1ce v\u010detn\u011b vyj\u00e1d\u0159en\u00ed poroty jsou dostupn\u00e9 na\u00a0<a href=\"https:\/\/www.fa.cvut.cz\/cs\/galerie\/souteze\/25939-urban-design-award\/archiv-projektu?year=39235\">str\u00e1nk\u00e1ch sout\u011b\u017ee<\/a>.<\/p>\n\n\n\n<p><strong>Seznam ocen\u011bn\u00fdch projekt\u016f:<\/strong><\/p>\n\n\n\n<p><strong>1. CENA Tereza \u0158\u00edhov\u00e1 \u2013 Return to the river<\/strong><\/p>\n\n\n\n<p>FA \u010cVUT Praha, \u00dastav navrhov\u00e1n\u00ed I.<\/p>\n\n\n\n<p>Vedouc\u00ed pr\u00e1ce: doc. Ing. arch. Zden\u011bk Rothbauer<\/p>\n\n\n\n<p><strong>2. CENA Patr\u00edcia Peckov\u00e1 \u2013 Kohnova cihelna \u2013 uhl\u00edkov\u011b neutr\u00e1ln\u00ed m\u011bsto<\/strong><\/p>\n\n\n\n<p>FA VUT Brno, \u00dastav urbanismu<\/p>\n\n\n\n<p>Vedouc\u00ed pr\u00e1ce: doc. Ing. arch. Gabriel Kop\u00e1\u010dik, Dr.<\/p>\n\n\n\n<p><strong>3. CENA Martina Kov\u00e1\u010dov\u00e1, Krist\u00edna \u010cangelov\u00e1 \u2013 Bratislava Petr\u017ealka DK L\u00faky zone<\/strong><\/p>\n\n\n\n<p>FAD STU Bratislava, \u00dastav architekt\u00fary ob\u010dianskych budov<\/p>\n\n\n\n<p>Vedouc\u00ed pr\u00e1ce: Ing. arch. Jozef B\u00e1tor, Ph.D., Ing. arch. \u0160tefan Polakovi\u010d<\/p>\n\n\n\n<p><strong>ODM\u011aNA:&nbsp;&nbsp;&nbsp;&nbsp;&nbsp;&nbsp; Anna Mahdalov\u00e1 \u2013 Still looking for a garden city<\/strong><\/p>\n\n\n\n<p>&nbsp;&nbsp;&nbsp;&nbsp;&nbsp;&nbsp;&nbsp;&nbsp;&nbsp;&nbsp;&nbsp;&nbsp;&nbsp;&nbsp;&nbsp;&nbsp;&nbsp;&nbsp;&nbsp;&nbsp;&nbsp;&nbsp;&nbsp;&nbsp;&nbsp;&nbsp;&nbsp;&nbsp;&nbsp;&nbsp; FA \u010cVUT Praha, \u00dastav urbanismu<\/p>\n\n\n\n<p>\u00a0\u00a0\u00a0\u00a0\u00a0\u00a0\u00a0\u00a0\u00a0\u00a0\u00a0\u00a0\u00a0\u00a0\u00a0\u00a0\u00a0\u00a0\u00a0\u00a0\u00a0\u00a0\u00a0\u00a0\u00a0\u00a0\u00a0\u00a0\u00a0\u00a0 Vedouc\u00ed pr\u00e1ce: Ing. arch. Michal Kuzemensk\u00fd, Ing. arch. Petra Kunarov\u00e1<\/p>\n\n\n\n<p><strong>ODM\u011aNA: &nbsp;&nbsp;&nbsp;&nbsp;&nbsp;&nbsp; Tam\u00e1s Gombos, M\u00e1t\u00e9 \u00c9rsek \u2013 VBL.PRSPRTY<\/strong><\/p>\n\n\n\n<p>&nbsp;&nbsp;&nbsp;&nbsp;&nbsp;&nbsp;&nbsp;&nbsp;&nbsp;&nbsp;&nbsp;&nbsp;&nbsp;&nbsp;&nbsp;&nbsp;&nbsp;&nbsp;&nbsp;&nbsp;&nbsp;&nbsp;&nbsp;&nbsp;&nbsp;&nbsp;&nbsp;&nbsp;&nbsp;&nbsp; FA BME Budape\u0161\u0165, \u00dastav urbanismu a m\u011bstsk\u00e9ho pl\u00e1nov\u00e1n\u00ed<\/p>\n\n\n\n<p>\u00a0\u00a0\u00a0\u00a0\u00a0\u00a0\u00a0\u00a0\u00a0\u00a0\u00a0\u00a0\u00a0\u00a0\u00a0\u00a0\u00a0\u00a0\u00a0\u00a0\u00a0\u00a0\u00a0\u00a0\u00a0\u00a0\u00a0\u00a0\u00a0\u00a0 Vedouc\u00ed pr\u00e1ce: prof. Dr. Gy\u00f6rgy Alf\u00f6ldi DLA<\/p>\n\n\n\n<p><strong>ODM\u011aNA:&nbsp;&nbsp;&nbsp;&nbsp;&nbsp;&nbsp; Zora Bog\u00e1rov\u00e1 \u2013 Delirious Sarajevo<\/strong><\/p>\n\n\n\n<p>&nbsp;&nbsp;&nbsp;&nbsp;&nbsp;&nbsp;&nbsp;&nbsp;&nbsp;&nbsp;&nbsp;&nbsp;&nbsp;&nbsp;&nbsp;&nbsp;&nbsp;&nbsp;&nbsp;&nbsp;&nbsp;&nbsp;&nbsp;&nbsp;&nbsp;&nbsp;&nbsp;&nbsp;&nbsp;&nbsp; FA VUT Brno, \u00dastav pam\u00e1tkov\u00e9 p\u00e9\u010de<\/p>\n\n\n\n<p>\u00a0\u00a0\u00a0\u00a0\u00a0\u00a0\u00a0\u00a0\u00a0\u00a0\u00a0\u00a0\u00a0\u00a0\u00a0\u00a0\u00a0\u00a0\u00a0\u00a0\u00a0\u00a0\u00a0\u00a0\u00a0\u00a0\u00a0\u00a0\u00a0\u00a0 Vedouc\u00ed pr\u00e1ce: Ing. arch. Radek Toman Ph.D.\u00a0\u00a0\u00a0\u00a0\u00a0\u00a0\u00a0\u00a0\u00a0\u00a0\u00a0<\/p>\n\n\n\n<p><strong>ODM\u011aNA: &nbsp;&nbsp;&nbsp;&nbsp;&nbsp;&nbsp; Michal Kri\u017eo \u2013 WARSAW \u2013 KAMIONEK<\/strong><\/p>\n\n\n\n<p>&nbsp;&nbsp;&nbsp;&nbsp;&nbsp;&nbsp;&nbsp;&nbsp;&nbsp;&nbsp;&nbsp;&nbsp;&nbsp;&nbsp;&nbsp;&nbsp;&nbsp;&nbsp;&nbsp;&nbsp;&nbsp;&nbsp;&nbsp;&nbsp;&nbsp;&nbsp;&nbsp;&nbsp;&nbsp;&nbsp; FAD STU Bratislava, \u00dastav ekologickej a experiment\u00e1lnej architekt\u00fary<\/p>\n\n\n\n<p>\u00a0\u00a0\u00a0\u00a0\u00a0\u00a0\u00a0\u00a0\u00a0\u00a0\u00a0\u00a0\u00a0\u00a0\u00a0\u00a0\u00a0\u00a0\u00a0\u00a0\u00a0\u00a0\u00a0\u00a0\u00a0\u00a0\u00a0\u00a0\u00a0\u00a0 Vedouc\u00ed pr\u00e1ce: doc. Ing. arch. Heinrich Pifko, Ph.D.<\/p>\n\n\n\n<p><sup>Zdroj: \u010cVUT<\/sup><\/p>\n","protected":false},"excerpt":{"rendered":"<p>Na Fakult\u011b architektury \u010cVUT prob\u011bhlo vyhl\u00e1\u0161en\u00ed 27. ro\u010dn\u00edku sout\u011b\u017ee Urban Design Award. Mezi sebou se utkali studenti osmi \u0161kol architektury ze zem\u00ed Visegr\u00e1dsk\u00e9 skupiny. V\u00edt\u011bzkou sout\u011b\u017ee se stala Tereza \u0158\u00edhov\u00e1 se sv\u00fdm projektem rozvoje centra Strakonic. V sout\u011b\u017ei se se\u0161lo celkem 62 studentsk\u00fdch prac\u00ed. Porotci byli Mateusz Gyurkovich, Igor Hobza, Jan Mackovi\u010d, Katar\u00edna Smatanov\u00e1, P\u00e9ter [&hellip;]<\/p>\n","protected":false},"author":24,"featured_media":9885,"comment_status":"open","ping_status":"open","sticky":false,"template":"","format":"standard","meta":{"inline_featured_image":false,"_breakdance_hide_in_design_set":false,"_breakdance_tags":"","footnotes":""},"categories":[35,38],"tags":[],"class_list":["post-9882","post","type-post","status-publish","format-standard","has-post-thumbnail","hentry","category-studentska-tvorba","category-vysoke-skoly"],"acf":[],"_links":{"self":[{"href":"https:\/\/prahaskolska.200.solutions\/index.php?rest_route=\/wp\/v2\/posts\/9882","targetHints":{"allow":["GET"]}}],"collection":[{"href":"https:\/\/prahaskolska.200.solutions\/index.php?rest_route=\/wp\/v2\/posts"}],"about":[{"href":"https:\/\/prahaskolska.200.solutions\/index.php?rest_route=\/wp\/v2\/types\/post"}],"author":[{"embeddable":true,"href":"https:\/\/prahaskolska.200.solutions\/index.php?rest_route=\/wp\/v2\/users\/24"}],"replies":[{"embeddable":true,"href":"https:\/\/prahaskolska.200.solutions\/index.php?rest_route=%2Fwp%2Fv2%2Fcomments&post=9882"}],"version-history":[{"count":1,"href":"https:\/\/prahaskolska.200.solutions\/index.php?rest_route=\/wp\/v2\/posts\/9882\/revisions"}],"predecessor-version":[{"id":9884,"href":"https:\/\/prahaskolska.200.solutions\/index.php?rest_route=\/wp\/v2\/posts\/9882\/revisions\/9884"}],"wp:featuredmedia":[{"embeddable":true,"href":"https:\/\/prahaskolska.200.solutions\/index.php?rest_route=\/wp\/v2\/media\/9885"}],"wp:attachment":[{"href":"https:\/\/prahaskolska.200.solutions\/index.php?rest_route=%2Fwp%2Fv2%2Fmedia&parent=9882"}],"wp:term":[{"taxonomy":"category","embeddable":true,"href":"https:\/\/prahaskolska.200.solutions\/index.php?rest_route=%2Fwp%2Fv2%2Fcategories&post=9882"},{"taxonomy":"post_tag","embeddable":true,"href":"https:\/\/prahaskolska.200.solutions\/index.php?rest_route=%2Fwp%2Fv2%2Ftags&post=9882"}],"curies":[{"name":"wp","href":"https:\/\/api.w.org\/{rel}","templated":true}]}}