{"id":9878,"date":"2023-03-30T13:51:27","date_gmt":"2023-03-30T11:51:27","guid":{"rendered":"https:\/\/prahaskolska.200.solutions\/?p=9878"},"modified":"2023-03-30T13:51:29","modified_gmt":"2023-03-30T11:51:29","slug":"den-ucitelu-ve-znameni-protestu","status":"publish","type":"post","link":"https:\/\/prahaskolska.200.solutions\/?p=9878","title":{"rendered":"Den u\u010ditel\u016f ve znamen\u00ed protest\u016f"},"content":{"rendered":"\n<p><strong>Den u\u010ditel\u016f se ka\u017edoro\u010dn\u011b slav\u00ed v\u00a0den v\u00fdro\u010d\u00ed narozen\u00ed Jana Amose Komensk\u00e9ho. Letos se v\u0161ak krom\u011b oslav i demonstrovalo.\u00a0<\/strong><\/p>\n\n\n\n<p>Den u\u010ditel\u016f se na \u00fazem\u00ed \u010cesk\u00e9 republiky slav\u00ed ji\u017e od roku 1955, kdy byl vyhl\u00e1\u0161en vl\u00e1dou \u010cSSR jako prost\u0159edek mor\u00e1ln\u00edho ocen\u011bn\u00ed pr\u00e1ce pedagog\u016f. Datum 28. b\u0159ezna nebylo vybr\u00e1no n\u00e1hodn\u011b, p\u0159ipad\u00e1 toti\u017e na v\u00fdro\u010d\u00ed narozen\u00ed Jana Amose Komensk\u00e9ho.\u00a0<\/p>\n\n\n\n<p><strong>Letos nejen oslavy<\/strong><\/p>\n\n\n\n<p>Leto\u0161n\u00ed Den u\u010ditel\u016f se nenesl jen ve znamen\u00ed oslav.\u00a0V\u00a0hlavn\u00edm m\u011bst\u011b se se\u0161lo asi tis\u00edc lid\u00ed na protest proti n\u00edzk\u00fdm plat\u016fm akademik\u016f v\u00a0humanitn\u00edch a\u00a0spole\u010denskov\u011bdn\u00edch oborech. Po\u017eadovali v\u00edce finan\u010dn\u00edch prost\u0159edk\u016f a zrovnopr\u00e1vn\u011bn\u00ed plat\u016f pedagog\u016f nap\u0159\u00ed\u010d obory. Po\u017eadavky podpo\u0159il Vysoko\u0161kolsk\u00fd odborov\u00fd svaz, kter\u00fd na 28. b\u0159ezen vyhl\u00e1sil st\u00e1vkovou pohotovost.\u00a0<\/p>\n\n\n\n<p>Neprotestovalo se jen v\u00a0Praze. V\u00a0kampusu \u00fasteck\u00e9 Univerzity Jana Evangelisty Purkyn\u011b zaplnili pedagogov\u00e9 i\u00a0studenti p\u0159i protestu m\u00edstn\u00ed amfite\u00e1tr. D\u011bkanka tamn\u00ed filosofick\u00e9 fakulty uvedla, \u017ee jej\u00ed fakulta letos hospoda\u0159\u00ed se ztr\u00e1tou p\u011bt milion\u016f korun. Situaci popsala jako katastrof\u00e1ln\u00ed.\u00a0<\/p>\n\n\n\n<p>Ministr \u0161kolstv\u00ed Vladim\u00edr Bala\u0161 \/STAN\/ ch\u00e1pe nespokojenost vysoko\u0161kolsk\u00fdch pedagog\u016f, nicm\u00e9n\u011b probl\u00e9m nechce \u0159e\u0161it jen zv\u00fd\u0161en\u00edm finan\u010dn\u00edch prost\u0159edk\u016f od st\u00e1tu. V\u00a0\u00fater\u00fd prob\u011bhlo jedn\u00e1n\u00ed mezi ministrem \u0161kolstv\u00ed a premi\u00e9rem, na\u00a0kter\u00e9m se \u0159e\u0161ily pr\u00e1v\u011b platy vysoko\u0161kolsk\u00fdch pedagog\u016f. Ve st\u0159edu se platy zab\u00fdvali minist\u0159i na zased\u00e1n\u00ed vl\u00e1dy. St\u00e1t letos p\u0159id\u00e1 vysok\u00fdm \u0161kol\u00e1m t\u00e9m\u011b\u0159 miliardu korun jako dodate\u010dnou kompenzaci.\u00a0<\/p>\n\n\n\n<p><strong>Pavel st\u00e1vku podpo\u0159il\u00a0<\/strong><\/p>\n\n\n\n<p>Nov\u00fd prezident Petr Pavel jako prvn\u00ed nav\u0161t\u00edvil b\u011bhem sv\u00e9 cesty Moravskoslezsk\u00fdm krajem Ostravskou univerzitu, kde se vyj\u00e1d\u0159il ke\u00a0st\u00e1vce pedagog\u016f. Podle n\u011bj by m\u011blo ministerstvo \u0161kolstv\u00ed promyslet syst\u00e9mov\u00e9 \u0159e\u0161en\u00ed, kter\u00e9 zajist\u00ed rovnom\u011brn\u00e9 a\u00a0spravedliv\u00e9 odm\u011b\u0148ov\u00e1n\u00ed pedagog\u016f.\u00a0<\/p>\n\n\n\n<p>D\u00e1le Pavel nav\u0161t\u00edvil Gymn\u00e1zium Petra Bezru\u010de ve Fr\u00fddku-M\u00edstku. B\u011bhem besedy se prezident vyslovil pro sn\u00ed\u017een\u00ed v\u011bkov\u00e9 hranice aktivn\u00edho volebn\u00edho pr\u00e1va na 16 let. Podle n\u011bj maj\u00ed mlad\u00ed lid\u00e9 dostate\u010dn\u00fd p\u0159ehled o situaci v\u00a0zemi, kter\u00fd je \u010dasto v\u011bt\u0161\u00ed ne\u017e p\u0159ehled generace jejich rodi\u010d\u016f, kte\u0159\u00ed u\u017e mnohdy na v\u011bci ve\u0159ejn\u00e9 z r\u016fzn\u00fdch d\u016fvod\u016f rezignovali.<\/p>\n\n\n\n<p><strong><em>Tento text vznikl v r\u00e1mci projektu Studentsk\u00e9 zpravodajstv\u00ed, kter\u00fd d\u00e1v\u00e1 mlad\u00fdm lidem p\u0159\u00edle\u017eitost z\u00edskat zku\u0161enosti s redak\u010dn\u00edm psan\u00edm<\/em>.<\/strong><\/p>\n\n\n\n<p><sup>Zdroj obr\u00e1zku:<a href=\"Zdroj: https:\/\/pixabay.com\/cs\/photos\/u%c4%8ditel-vlastnictv%c3%ad-rostlin-3765909\/)\"> Pixabay<\/a><\/sup><\/p>\n","protected":false},"excerpt":{"rendered":"<p>Den u\u010ditel\u016f se ka\u017edoro\u010dn\u011b slav\u00ed v\u00a0den v\u00fdro\u010d\u00ed narozen\u00ed Jana Amose Komensk\u00e9ho. Letos se v\u0161ak krom\u011b oslav i demonstrovalo.\u00a0 Den u\u010ditel\u016f se na \u00fazem\u00ed \u010cesk\u00e9 republiky slav\u00ed ji\u017e od roku 1955, kdy byl vyhl\u00e1\u0161en vl\u00e1dou \u010cSSR jako prost\u0159edek mor\u00e1ln\u00edho ocen\u011bn\u00ed pr\u00e1ce pedagog\u016f. Datum 28. b\u0159ezna nebylo vybr\u00e1no n\u00e1hodn\u011b, p\u0159ipad\u00e1 toti\u017e na v\u00fdro\u010d\u00ed narozen\u00ed Jana Amose Komensk\u00e9ho.\u00a0 [&hellip;]<\/p>\n","protected":false},"author":9,"featured_media":9879,"comment_status":"open","ping_status":"open","sticky":false,"template":"","format":"standard","meta":{"inline_featured_image":false,"_breakdance_hide_in_design_set":false,"_breakdance_tags":"","footnotes":""},"categories":[46],"tags":[],"class_list":["post-9878","post","type-post","status-publish","format-standard","has-post-thumbnail","hentry","category-studentske-zpravodajstvi"],"acf":[],"_links":{"self":[{"href":"https:\/\/prahaskolska.200.solutions\/index.php?rest_route=\/wp\/v2\/posts\/9878","targetHints":{"allow":["GET"]}}],"collection":[{"href":"https:\/\/prahaskolska.200.solutions\/index.php?rest_route=\/wp\/v2\/posts"}],"about":[{"href":"https:\/\/prahaskolska.200.solutions\/index.php?rest_route=\/wp\/v2\/types\/post"}],"author":[{"embeddable":true,"href":"https:\/\/prahaskolska.200.solutions\/index.php?rest_route=\/wp\/v2\/users\/9"}],"replies":[{"embeddable":true,"href":"https:\/\/prahaskolska.200.solutions\/index.php?rest_route=%2Fwp%2Fv2%2Fcomments&post=9878"}],"version-history":[{"count":1,"href":"https:\/\/prahaskolska.200.solutions\/index.php?rest_route=\/wp\/v2\/posts\/9878\/revisions"}],"predecessor-version":[{"id":9880,"href":"https:\/\/prahaskolska.200.solutions\/index.php?rest_route=\/wp\/v2\/posts\/9878\/revisions\/9880"}],"wp:featuredmedia":[{"embeddable":true,"href":"https:\/\/prahaskolska.200.solutions\/index.php?rest_route=\/wp\/v2\/media\/9879"}],"wp:attachment":[{"href":"https:\/\/prahaskolska.200.solutions\/index.php?rest_route=%2Fwp%2Fv2%2Fmedia&parent=9878"}],"wp:term":[{"taxonomy":"category","embeddable":true,"href":"https:\/\/prahaskolska.200.solutions\/index.php?rest_route=%2Fwp%2Fv2%2Fcategories&post=9878"},{"taxonomy":"post_tag","embeddable":true,"href":"https:\/\/prahaskolska.200.solutions\/index.php?rest_route=%2Fwp%2Fv2%2Ftags&post=9878"}],"curies":[{"name":"wp","href":"https:\/\/api.w.org\/{rel}","templated":true}]}}