{"id":9875,"date":"2023-03-30T13:10:03","date_gmt":"2023-03-30T11:10:03","guid":{"rendered":"https:\/\/prahaskolska.200.solutions\/?p=9875"},"modified":"2023-03-30T13:11:11","modified_gmt":"2023-03-30T11:11:11","slug":"msmt-a-pedagogicke-fakulty-podepsaly-spolecne-memorandum","status":"publish","type":"post","link":"https:\/\/prahaskolska.200.solutions\/?p=9875","title":{"rendered":"M\u0160MT a pedagogick\u00e9 fakulty podepsaly spole\u010dn\u00e9 memorandum"},"content":{"rendered":"\n<p><strong>U p\u0159\u00edle\u017eitosti Dne u\u010ditel\u016f bylo podeps\u00e1no memorandum mezi ministrem \u0161kolstv\u00ed Vladim\u00edrem Bala\u0161em \/STAN\/ a z\u00e1stupci fakult p\u0159ipravuj\u00edc\u00edch u\u010ditele. Dokument se v\u011bnuje p\u0159\u00edprav\u011b u\u010ditel\u016f a dal\u0161\u00edch pedagogick\u00fdch pracovn\u00edk\u016f. <\/strong><\/p>\n\n\n\n<p>Dle memoranda, kter\u00e9 vzniklo v n\u00e1vaznosti na napl\u0148ov\u00e1n\u00ed Strategie vzd\u011bl\u00e1vac\u00ed politiky \u010cR do roku 2030+, maj\u00ed u\u010ditel\u00e9 a pedagogi\u010dt\u00ed pracovn\u00edci naprosto z\u00e1sadn\u00ed v\u00fdznam ve vzd\u011bl\u00e1vac\u00edm syst\u00e9mu na v\u0161ech stupn\u00edch \u0161kol. U\u010ditel\u00e9 jsou t\u011bmi, kdo ovliv\u0148uj\u00ed budoucnost nastupuj\u00edc\u00ed generace. Sv\u00fdm vlivem ur\u010duj\u00ed, zda budou budouc\u00ed generace schopn\u00e9 \u017e\u00edt plnohodnotn\u00fd \u017eivot, zda budou mezi sebou efektivn\u011bji komunikovat, spolupracovat a u\u010dit se nov\u00fdm v\u011bcem.<\/p>\n\n\n\n<p>&#8222;<em>Fakulty p\u0159ipravuj\u00edc\u00ed u\u010ditele a M\u0160MT tak u p\u0159\u00edle\u017eitosti Dne u\u010ditel\u016f spole\u010dn\u011b prohla\u0161uj\u00ed, \u017ee si vz\u00e1jemn\u011b v\u00e1\u017e\u00ed prob\u00edhaj\u00edc\u00ed intenzivn\u00ed spolupr\u00e1ce na realizaci Reformy pregradu\u00e1ln\u00ed p\u0159\u00edpravy u\u010ditel\u016f a cht\u011bj\u00ed tuto spolupr\u00e1ci d\u00e1le prohlubovat,<\/em>&#8220; p\u00ed\u0161e se v dokumentu.<\/p>\n\n\n\n<p>Mezi signat\u00e1\u0159e memoranda pat\u0159\u00ed krom\u011b ministra \u0161kolstv\u00ed p\u0159edseda Asociace d\u011bkan\u016f pedagogick\u00fdch fakult \u010cR Daniel Janda\u010dka, p\u0159edseda Asociace d\u011bkan\u016f filozofick\u00fdch fakult Robert Anton\u00edn, p\u0159edseda d\u011bkan\u016f p\u0159\u00edrodov\u011bdn\u00fdch fakult Tom\u00e1\u0161 Ka\u0161parovsk\u00fd a p\u0159edseda Asociace d\u011bkan\u016f t\u011blov\u00fdchovn\u00fdch fakult Miroslav Petr.<\/p>\n\n\n\n<p>Zdroj: M\u0160MT<\/p>\n\n\n\n<p><sup>Zdroj obr\u00e1zku: <a href=\"https:\/\/pixabay.com\/cs\/photos\/starosta-podpis-podepsat-dosp\u011bl\u00fd-917149\/\">Pixabay<\/a><\/sup><\/p>\n","protected":false},"excerpt":{"rendered":"<p>U p\u0159\u00edle\u017eitosti Dne u\u010ditel\u016f bylo podeps\u00e1no memorandum mezi ministrem \u0161kolstv\u00ed Vladim\u00edrem Bala\u0161em \/STAN\/ a z\u00e1stupci fakult p\u0159ipravuj\u00edc\u00edch u\u010ditele. Dokument se v\u011bnuje p\u0159\u00edprav\u011b u\u010ditel\u016f a dal\u0161\u00edch pedagogick\u00fdch pracovn\u00edk\u016f. Dle memoranda, kter\u00e9 vzniklo v n\u00e1vaznosti na napl\u0148ov\u00e1n\u00ed Strategie vzd\u011bl\u00e1vac\u00ed politiky \u010cR do roku 2030+, maj\u00ed u\u010ditel\u00e9 a pedagogi\u010dt\u00ed pracovn\u00edci naprosto z\u00e1sadn\u00ed v\u00fdznam ve vzd\u011bl\u00e1vac\u00edm syst\u00e9mu na v\u0161ech [&hellip;]<\/p>\n","protected":false},"author":24,"featured_media":9876,"comment_status":"open","ping_status":"open","sticky":false,"template":"","format":"standard","meta":{"inline_featured_image":false,"_breakdance_hide_in_design_set":false,"_breakdance_tags":"","footnotes":""},"categories":[28],"tags":[],"class_list":["post-9875","post","type-post","status-publish","format-standard","has-post-thumbnail","hentry","category-aktualne-ze-skolstvi"],"acf":[],"_links":{"self":[{"href":"https:\/\/prahaskolska.200.solutions\/index.php?rest_route=\/wp\/v2\/posts\/9875","targetHints":{"allow":["GET"]}}],"collection":[{"href":"https:\/\/prahaskolska.200.solutions\/index.php?rest_route=\/wp\/v2\/posts"}],"about":[{"href":"https:\/\/prahaskolska.200.solutions\/index.php?rest_route=\/wp\/v2\/types\/post"}],"author":[{"embeddable":true,"href":"https:\/\/prahaskolska.200.solutions\/index.php?rest_route=\/wp\/v2\/users\/24"}],"replies":[{"embeddable":true,"href":"https:\/\/prahaskolska.200.solutions\/index.php?rest_route=%2Fwp%2Fv2%2Fcomments&post=9875"}],"version-history":[{"count":1,"href":"https:\/\/prahaskolska.200.solutions\/index.php?rest_route=\/wp\/v2\/posts\/9875\/revisions"}],"predecessor-version":[{"id":9877,"href":"https:\/\/prahaskolska.200.solutions\/index.php?rest_route=\/wp\/v2\/posts\/9875\/revisions\/9877"}],"wp:featuredmedia":[{"embeddable":true,"href":"https:\/\/prahaskolska.200.solutions\/index.php?rest_route=\/wp\/v2\/media\/9876"}],"wp:attachment":[{"href":"https:\/\/prahaskolska.200.solutions\/index.php?rest_route=%2Fwp%2Fv2%2Fmedia&parent=9875"}],"wp:term":[{"taxonomy":"category","embeddable":true,"href":"https:\/\/prahaskolska.200.solutions\/index.php?rest_route=%2Fwp%2Fv2%2Fcategories&post=9875"},{"taxonomy":"post_tag","embeddable":true,"href":"https:\/\/prahaskolska.200.solutions\/index.php?rest_route=%2Fwp%2Fv2%2Ftags&post=9875"}],"curies":[{"name":"wp","href":"https:\/\/api.w.org\/{rel}","templated":true}]}}