{"id":9859,"date":"2023-03-31T09:17:00","date_gmt":"2023-03-31T07:17:00","guid":{"rendered":"https:\/\/prahaskolska.200.solutions\/?p=9859"},"modified":"2023-03-30T15:27:48","modified_gmt":"2023-03-30T13:27:48","slug":"vystava-bely-kolarove-a-petera-faba-v-atelieru-josefa-sudka","status":"publish","type":"post","link":"https:\/\/prahaskolska.200.solutions\/?p=9859","title":{"rendered":"V\u00fdstava B\u011bly Kol\u00e1\u0159ov\u00e9 a Petera Faba v Ateli\u00e9ru Josefa Sudka"},"content":{"rendered":"\n<p><strong>V Ateli\u00e9ru Josefe Sudka je aktu\u00e1ln\u011b k\u00a0vid\u011bn\u00ed v\u00fdstava <em>Milujeme sv\u011btlo<\/em> dvojice fotograf\u016f B\u011bly Kol\u00e1\u0159ov\u00e9 a Petera Faba. V\u00a0\u010dem jsou oba auto\u0159i odli\u0161n\u00ed? Do jak\u00e9 m\u00edry je mo\u017en\u00e9 jejich tvorbu propojit v\u00a0jeden kompaktn\u00ed celek? I na tyto ot\u00e1zky<strong> v\u00fdstava<\/strong> odpov\u00edd\u00e1.<\/strong><\/p>\n\n\n<div class=\"wp-block-image\">\n<figure class=\"alignleft size-large is-resized\"><img loading=\"lazy\" decoding=\"async\" src=\"https:\/\/prahaskolska.200.solutions\/wp-content\/uploads\/2023\/03\/FullSizeRender-3-963x1024.jpg\" alt=\"\" class=\"wp-image-9862\" width=\"256\" height=\"272\" srcset=\"https:\/\/prahaskolska.200.solutions\/wp-content\/uploads\/2023\/03\/FullSizeRender-3-963x1024.jpg 963w, https:\/\/prahaskolska.200.solutions\/wp-content\/uploads\/2023\/03\/FullSizeRender-3-282x300.jpg 282w, https:\/\/prahaskolska.200.solutions\/wp-content\/uploads\/2023\/03\/FullSizeRender-3-768x817.jpg 768w, https:\/\/prahaskolska.200.solutions\/wp-content\/uploads\/2023\/03\/FullSizeRender-3-1445x1536.jpg 1445w, https:\/\/prahaskolska.200.solutions\/wp-content\/uploads\/2023\/03\/FullSizeRender-3.jpg 1787w\" sizes=\"auto, (max-width: 256px) 100vw, 256px\" \/><figcaption class=\"wp-element-caption\">fotogramy Petera Faba<\/figcaption><\/figure><\/div>\n\n\n<p>Hlavn\u00ed parketou B\u011bly Kol\u00e1\u0159ov\u00e9 (1923-2010) byla \u010dernob\u00edl\u00e1 fotografie a jej\u00ed jasn\u00e9 a precizn\u00ed kompozice. Experiment\u00e1ln\u00ed a pestrobarevn\u00e1 tvorba slovensk\u00e9ho fotografa Petera Fabo (1983) se zase pohybuje ve fascinuj\u00edc\u00edm chaosu. Na prvn\u00ed pohled se nezd\u00e1, \u017ee by toho m\u011bli tito dva auto\u0159i mnoho spole\u010dn\u00e9ho, ka\u017ed\u00fd le\u017e\u00ed na pomysln\u00fdch protip\u00f3lech fotografie. V\u00fdstava Milujeme sv\u011btlo v\u0161ak oba autory spojuje naprosto p\u0159irozen\u011b. A to i p\u0159es vz\u00e1jemnou \u010dasovou bari\u00e9ru, kter\u00e1 \u010din\u00ed v\u00edce ne\u017e p\u016fl stolet\u00ed.<\/p>\n\n\n<div class=\"wp-block-image\">\n<figure class=\"alignright size-large is-resized\"><img loading=\"lazy\" decoding=\"async\" src=\"https:\/\/prahaskolska.200.solutions\/wp-content\/uploads\/2023\/03\/IMG-9771-1-804x1024.jpg\" alt=\"\" class=\"wp-image-9864\" width=\"268\" height=\"342\" srcset=\"https:\/\/prahaskolska.200.solutions\/wp-content\/uploads\/2023\/03\/IMG-9771-1-804x1024.jpg 804w, https:\/\/prahaskolska.200.solutions\/wp-content\/uploads\/2023\/03\/IMG-9771-1-235x300.jpg 235w, https:\/\/prahaskolska.200.solutions\/wp-content\/uploads\/2023\/03\/IMG-9771-1-768x978.jpg 768w, https:\/\/prahaskolska.200.solutions\/wp-content\/uploads\/2023\/03\/IMG-9771-1-1206x1536.jpg 1206w, https:\/\/prahaskolska.200.solutions\/wp-content\/uploads\/2023\/03\/IMG-9771-1.jpg 1507w\" sizes=\"auto, (max-width: 268px) 100vw, 268px\" \/><figcaption class=\"wp-element-caption\">fotogram B\u011bly Kol\u00e1\u0159ov\u00e9<\/figcaption><\/figure><\/div>\n\n\n<p><strong>Kouzlo fotogramu<\/strong><\/p>\n\n\n\n<p class=\"has-text-align-left\">N\u00e1zev v\u00fdstavy odkazuje na fotogramy &#8211; techniku fotografie, kter\u00e9 se oba um\u011blci intenzivn\u011b v\u011bnovali. Kouzlo fotogramu spo\u010d\u00edv\u00e1 v tom, \u017ee k n\u00ed nen\u00ed pot\u0159eba fotoapar\u00e1t ani negativ. Autor pod zv\u011bt\u0161ovac\u00ed p\u0159\u00edstroj v\u00a0temn\u00e9 komo\u0159e ,,pouze\u201c um\u00edst\u00ed p\u0159edm\u011bt \u010di p\u0159edm\u011bty na sv\u011btlocitliv\u00fd materi\u00e1l. Po vyvol\u00e1n\u00ed a ust\u00e1len\u00ed vznikne kol\u00e1\u017e, kter\u00e1 se skl\u00e1d\u00e1 z\u00a0obrys\u016f a fragment\u016f p\u0159edem um\u00edst\u011bn\u00fdch objekt\u016f. <\/p>\n\n\n\n<p class=\"has-text-align-left\">Mezi nejslavn\u011bj\u0161\u00ed jm\u00e9na spojen\u00e1 s t\u00edmto um\u011bleck\u00fdm sm\u011brem pat\u0159\u00ed avantgardn\u00ed fotograf Man Ray, n\u011bkter\u00fdmi historiky pova\u017eov\u00e1n za otce fotogramu. Na na\u0161\u00ed kulturn\u00ed sc\u00e9n\u011b se nejv\u00edce proslavil Jaroslav R\u00f6ssler, Jind\u0159ich \u0160treit, Jarom\u00edr Funke nebo pr\u00e1v\u011b B\u011bla Kol\u00e1\u0159ov\u00e1. Kvalitu a n\u00e1paditost jej\u00ed tvorby jen potvrzuje fakt, \u017ee se u \u0159ady d\u011bl nepoda\u0159ilo rozkl\u00ed\u010dovat, jak\u00fdm zp\u016fsobem vznikly. Zp\u016fsob vzniku fotogramu z\u016fst\u00e1v\u00e1 i nad\u00e1le z\u00e1hadou.<\/p>\n\n\n\n<figure class=\"wp-block-image size-large\"><img loading=\"lazy\" decoding=\"async\" width=\"1024\" height=\"292\" src=\"https:\/\/prahaskolska.200.solutions\/wp-content\/uploads\/2023\/03\/FullSizeRender-2-1024x292.jpg\" alt=\"\" class=\"wp-image-9861\" srcset=\"https:\/\/prahaskolska.200.solutions\/wp-content\/uploads\/2023\/03\/FullSizeRender-2-1024x292.jpg 1024w, https:\/\/prahaskolska.200.solutions\/wp-content\/uploads\/2023\/03\/FullSizeRender-2-300x85.jpg 300w, https:\/\/prahaskolska.200.solutions\/wp-content\/uploads\/2023\/03\/FullSizeRender-2-768x219.jpg 768w, https:\/\/prahaskolska.200.solutions\/wp-content\/uploads\/2023\/03\/FullSizeRender-2-1536x437.jpg 1536w, https:\/\/prahaskolska.200.solutions\/wp-content\/uploads\/2023\/03\/FullSizeRender-2.jpg 1900w\" sizes=\"auto, (max-width: 1024px) 100vw, 1024px\" \/><figcaption class=\"wp-element-caption\">fotogramy B\u011bly Kol\u00e1\u0159ov\u00e9<\/figcaption><\/figure>\n\n\n\n<p>V\u00fdstavu je mo\u017en\u00e9 nav\u0161t\u00edvit do 9. dubna, vstupn\u00e9 \u010din\u00ed symbolick\u00fdch 10 korun (pro studenty um\u011bleck\u00fdch \u0161kol je vstup zdarma). Otev\u0159eno je ka\u017ed\u00fd den krom\u011b pond\u011bl\u00ed od 12 do 18 hodin. <\/p>\n\n\n\n<p><strong><em>Tento text vznikl v r\u00e1mci projektu Studentsk\u00e9 zpravodajstv\u00ed, kter\u00fd d\u00e1v\u00e1 mlad\u00fdm lidem p\u0159\u00edle\u017eitost z\u00edskat zku\u0161enosti s redak\u010dn\u00edm psan\u00edm<\/em>.<\/strong><\/p>\n","protected":false},"excerpt":{"rendered":"<p>V Ateli\u00e9ru Josefe Sudka je aktu\u00e1ln\u011b k\u00a0vid\u011bn\u00ed v\u00fdstava Milujeme sv\u011btlo dvojice fotograf\u016f B\u011bly Kol\u00e1\u0159ov\u00e9 a Petera Faba. V\u00a0\u010dem jsou oba auto\u0159i odli\u0161n\u00ed? Do jak\u00e9 m\u00edry je mo\u017en\u00e9 jejich tvorbu propojit v\u00a0jeden kompaktn\u00ed celek? I na tyto ot\u00e1zky v\u00fdstava odpov\u00edd\u00e1. Hlavn\u00ed parketou B\u011bly Kol\u00e1\u0159ov\u00e9 (1923-2010) byla \u010dernob\u00edl\u00e1 fotografie a jej\u00ed jasn\u00e9 a precizn\u00ed kompozice. Experiment\u00e1ln\u00ed a [&hellip;]<\/p>\n","protected":false},"author":23,"featured_media":9860,"comment_status":"open","ping_status":"open","sticky":false,"template":"","format":"standard","meta":{"inline_featured_image":false,"_breakdance_hide_in_design_set":false,"_breakdance_tags":"","footnotes":""},"categories":[46],"tags":[],"class_list":["post-9859","post","type-post","status-publish","format-standard","has-post-thumbnail","hentry","category-studentske-zpravodajstvi"],"acf":[],"_links":{"self":[{"href":"https:\/\/prahaskolska.200.solutions\/index.php?rest_route=\/wp\/v2\/posts\/9859","targetHints":{"allow":["GET"]}}],"collection":[{"href":"https:\/\/prahaskolska.200.solutions\/index.php?rest_route=\/wp\/v2\/posts"}],"about":[{"href":"https:\/\/prahaskolska.200.solutions\/index.php?rest_route=\/wp\/v2\/types\/post"}],"author":[{"embeddable":true,"href":"https:\/\/prahaskolska.200.solutions\/index.php?rest_route=\/wp\/v2\/users\/23"}],"replies":[{"embeddable":true,"href":"https:\/\/prahaskolska.200.solutions\/index.php?rest_route=%2Fwp%2Fv2%2Fcomments&post=9859"}],"version-history":[{"count":9,"href":"https:\/\/prahaskolska.200.solutions\/index.php?rest_route=\/wp\/v2\/posts\/9859\/revisions"}],"predecessor-version":[{"id":9889,"href":"https:\/\/prahaskolska.200.solutions\/index.php?rest_route=\/wp\/v2\/posts\/9859\/revisions\/9889"}],"wp:featuredmedia":[{"embeddable":true,"href":"https:\/\/prahaskolska.200.solutions\/index.php?rest_route=\/wp\/v2\/media\/9860"}],"wp:attachment":[{"href":"https:\/\/prahaskolska.200.solutions\/index.php?rest_route=%2Fwp%2Fv2%2Fmedia&parent=9859"}],"wp:term":[{"taxonomy":"category","embeddable":true,"href":"https:\/\/prahaskolska.200.solutions\/index.php?rest_route=%2Fwp%2Fv2%2Fcategories&post=9859"},{"taxonomy":"post_tag","embeddable":true,"href":"https:\/\/prahaskolska.200.solutions\/index.php?rest_route=%2Fwp%2Fv2%2Ftags&post=9859"}],"curies":[{"name":"wp","href":"https:\/\/api.w.org\/{rel}","templated":true}]}}