{"id":9824,"date":"2023-03-24T12:04:00","date_gmt":"2023-03-24T11:04:00","guid":{"rendered":"https:\/\/prahaskolska.200.solutions\/?p=9824"},"modified":"2023-03-27T10:10:08","modified_gmt":"2023-03-27T08:10:08","slug":"karel-capek-pres-sbirani-kaktusu-az-k-socialnim-problemum-v-tehdejsi-praze","status":"publish","type":"post","link":"https:\/\/prahaskolska.200.solutions\/?p=9824","title":{"rendered":"Karel \u010capek: p\u0159es sb\u00edr\u00e1n\u00ed kaktus\u016f a\u017e k soci\u00e1ln\u00edm probl\u00e9m\u016fm v tehdej\u0161\u00ed Praze"},"content":{"rendered":"\n<p><strong>Dev\u00e1t\u00e9ho ledna jsme si p\u0159ipomn\u011bli narozen\u00ed jednoho z&nbsp;na\u0161ich nejzn\u00e1m\u011bj\u0161\u00edch spisovatel\u016f Karla \u010capka, kter\u00fd by oslavil 133. narozeniny. O \u010capkovi se u\u010d\u00edme ji\u017e od d\u011btstv\u00ed. Um\u00edme nazpam\u011b\u0165 jeho nejd\u016fle\u017eit\u011bj\u0161\u00ed d\u00edla, ale unikaj\u00ed n\u00e1m zaj\u00edmav\u00e9 souvislosti v&nbsp;jeho \u017eivot\u011b. T\u0159eba kaktusy. Nejen\u017ee byl \u010capek jejich zan\u00edcen\u00fdm sb\u011bratelem, ale kaktusy ho ovlivnily jako autora beletristick\u00e9 literatury, novin\u00e1\u0159e nebo jako amat\u00e9rsk\u00e9ho fotografa.&nbsp;<\/strong><\/p>\n\n\n<div class=\"wp-block-image\">\n<figure class=\"alignright size-full is-resized\"><img loading=\"lazy\" decoding=\"async\" src=\"https:\/\/prahaskolska.200.solutions\/wp-content\/uploads\/2023\/03\/image-7.jpeg\" alt=\"\" class=\"wp-image-9827\" width=\"258\" height=\"367\"\/><figcaption class=\"wp-element-caption\"><sup>Karel \u010capek, dobov\u00e1 fotografie (1936) Autor: Nezn\u00e1m\u00fd \u2013 http:\/\/www.nndb.com\/people\/951\/000113612\/, Voln\u00e9 d\u00edlo, https:\/\/commons.wikimedia.org\/w\/index.php?curid=12706610<\/sup><\/figcaption><\/figure><\/div>\n\n\n<p>A\u0165 u\u017e se jedn\u00e1 o fejetony nebo pov\u00eddky, Karel \u010capek se n\u00e1padn\u011b \u010dasto zmi\u0148uje o sb\u00edr\u00e1n\u00ed nejr\u016fzn\u011bj\u0161\u00edch v\u011bc\u00ed. D\u016fkaz o tom, \u017ee sb\u00edr\u00e1n\u00ed kaktus\u016f propadl najdeme v&nbsp;jedn\u00e9 z&nbsp;jeho pov\u00eddek s&nbsp;n\u00e1zvem Ukraden\u00fd kaktus.&nbsp;\u201e<em>N\u00e1dhern\u011b popisuje, jak je ka\u017ed\u00fd spr\u00e1vn\u00fd sb\u011bratel ochotn\u00fd pro svoji sb\u00edrku ud\u011blat skoro cokoliv. I ten, kdo tomu p\u0159\u00edli\u0161 nerozum\u00ed, hned pochop\u00ed to tajemno. Sb\u011bratel si nav\u00edc, stejn\u011b jako \u010capek, taky r\u00e1d ze sv\u00e9 v\u00e1\u0161n\u011b ud\u011bl\u00e1 legraci<\/em>,\u201c \u0158\u00edk\u00e1 Petr Todorov, p\u0159edseda Klubu sb\u011bratel\u016f kaktus\u016f z&nbsp;P\u0159\u00edbramska.&nbsp;&nbsp;<\/p>\n\n\n\n<p>Kaktusy zavedly \u010capka do pra\u017esk\u00fdch Ko\u0161\u00ed\u0159, kam se pravd\u011bpodobn\u011b chodil radit s&nbsp;na\u0161\u00edm p\u0159edn\u00edm odborn\u00edkem na kaktusy, Albertem Vojt\u011bchem Fri\u010dem, kter\u00fd byl v&nbsp;Evrop\u011b zn\u00e1m pod p\u0159ezd\u00edvkou Lovec kaktus\u016f. To, \u017ee se \u010capek osobn\u011b s&nbsp;Fri\u010dem znal nazna\u010duje i skute\u010dnost, \u017ee je kaktus\u00e1\u0159ovo jm\u00e9no zm\u00edn\u011bno pr\u00e1v\u011b v&nbsp;Ukraden\u00e9m kaktusu:&nbsp;<\/p>\n\n\n\n<p>,,<em>Ale tuhle vloni jsme za\u010dali pozorovat, \u017ee se n\u00e1m ztr\u00e1cej\u00ed kaktusy; a to ne n\u011bjak\u00e9 ty na oko, co kdekdo chce m\u00edt, ale zrovna takov\u00e9 ty speciality; jednou to byl Echinocactus Wislizenii, podruh\u00e9 Graessnerii, pak jedna Wittia, import p\u0159\u00edmo z&nbsp;Kostariky, pak jedna Species nova, kterou poslal Fri\u010d, potom jeden Melocactus Leopoldii, unik\u00e1t, kter\u00fd nikdo v&nbsp;Evrop\u011b nevid\u011bl u\u017e p\u0159es pades\u00e1t let, a nakonec Pilocereus fimbriatus ze San Dominga, prvn\u00ed kus, kter\u00fd p\u0159i\u0161el do Evropy. Poslouchejte, ten zlod\u011bj musel b\u00fdt n\u011bjak\u00fd znalec!<\/em>,\u2018\u2018&nbsp;p\u00ed\u0161e se v \u010capkov\u011b d\u00edle.<\/p>\n\n\n\n<p>Ko\u0161\u00ed\u0159e byly za prvn\u00ed republiky chudou \u010dtvrt\u00ed, ve kter\u00e9 v\u011bt\u0161inou \u017eili lid\u00e9 na okraji spole\u010dnosti. Pr\u00e1v\u011b tento z\u00e1\u017eitek, kdy \u010capek stanul tv\u00e1\u0159\u00ed v&nbsp;tv\u00e1\u0159 b\u00edd\u011b a utrpen\u00ed ho inspiroval k&nbsp;s\u00e9rii \u010dl\u00e1nk\u016f o Praze a jej\u00edm okol\u00ed, v nich\u017e se zab\u00fdval soci\u00e1ln\u00edmi a spole\u010densk\u00fdmi probl\u00e9my.&nbsp;<\/p>\n\n\n\n<p>,,<em><strong>Vnitrozemsk\u00fd Pra\u017e\u00e1k zn\u00e1 ov\u0161em jen Letnou, Hrad\u010dany, Pet\u0159\u00edn a snad je\u0161t\u011b Riegrovy sady; Vy\u0161ehrad sp\u00ed\u0161e jen ze star\u00fdch pov\u011bst\u00ed a \u017didovsk\u00e9 pece z&nbsp;\u0159e\u010d\u00ed pon\u011bkud ponur\u00fdch. Je nutno s&nbsp;badatelskou v\u00e1\u0161n\u00ed cestovat po sam\u00e9m okraji Prahy od Podol\u00ed po Vyso\u010dany a od \u0160\u00e1rky po Hlubo\u010depy a Zl\u00edchov, abyste s&nbsp;hr\u016fzou a podivem ohmatali reli\u00e9f Prahy\u2026<\/strong><\/em>\u2018\u2018&nbsp;<\/p>\n\n\n\n<p>(Karel \u010capek, Ned\u011bln\u00ed fejetony v&nbsp;Lidov\u00fdch novin\u00e1ch)<\/p>\n\n\n\n<p>\u010capek se d\u00edky kaktus\u016fm dostal a\u017e k&nbsp;psychologii. Stalo se tak, kdy\u017e za\u010dal zkoumat osobnost i du\u0161i v\u0161ech sb\u011bratel\u016f. Nap\u0159\u00edklad ve sb\u00edrce sv\u00fdch fejeton\u016f s&nbsp;n\u00e1zvem <em>Od \u010dlov\u011bka k&nbsp;\u010dlov\u011bku<\/em> zd\u016fvod\u0148uje, pro\u010d b\u00fdvaj\u00ed podle n\u011bj sb\u011brateli kaktus\u016f sp\u00ed\u0161e mu\u017ei, ne\u017e \u017eeny:<\/p>\n\n\n\n<p>\u201e<em>Pokud jsem mohl v na\u0161em podneb\u00ed pozorovati, p\u011bstiteli kaktus\u016f jsou v\u011bt\u0161inou mu\u017ei; d\u011blaj\u00ed si sb\u00edrku kaktus\u016f tak, jako jin\u00ed mu\u017ei d\u011blaj\u00ed sb\u00edrku zbran\u00ed, me\u010d\u016f, \u0161\u00edp\u016f, kop\u00ed, arkebuz, halaparten, o\u0161t\u011bp\u016f a tes\u00e1k\u016f. V\u00e1\u0161e\u0148 pro kaktusy je, abych tak \u0159ekl, militaristick\u00e1, a tedy p\u0159ev\u00e1\u017en\u011b mu\u017esk\u00e1<\/em>.\u201c<\/p>\n\n\n\n<p>Douf\u00e1m, \u017ee a\u017e p\u0159\u00ed\u0161t\u011b usly\u0161\u00edte zm\u00ednku o Karlu \u010capkovi, nevybav\u00ed se V\u00e1m pouze jm\u00e9na knih, kter\u00e9 napsal, ale t\u0159eba jeho fotografie milovan\u00fdch kaktus\u016f, kter\u00fdm toho byl ochoten tolik ob\u011btovat.&nbsp;<\/p>\n\n\n\n<p><strong><em>Tento text vznikl v r\u00e1mci projektu Studentsk\u00e9 zpravodajstv\u00ed, kter\u00fd d\u00e1v\u00e1 mlad\u00fdm lidem p\u0159\u00edle\u017eitost z\u00edskat zku\u0161enosti s redak\u010dn\u00edm psan\u00edm<\/em>.<\/strong><\/p>\n\n\n\n<p><sup>Zdroj \u00favodn\u00ed fotografie: Kl\u00e1ra Nov\u00e1\u010dkov\u00e1<\/sup><\/p>\n","protected":false},"excerpt":{"rendered":"<p>Dev\u00e1t\u00e9ho ledna jsme si p\u0159ipomn\u011bli narozen\u00ed jednoho z&nbsp;na\u0161ich nejzn\u00e1m\u011bj\u0161\u00edch spisovatel\u016f Karla \u010capka, kter\u00fd by oslavil 133. narozeniny. O \u010capkovi se u\u010d\u00edme ji\u017e od d\u011btstv\u00ed. Um\u00edme nazpam\u011b\u0165 jeho nejd\u016fle\u017eit\u011bj\u0161\u00ed d\u00edla, ale unikaj\u00ed n\u00e1m zaj\u00edmav\u00e9 souvislosti v&nbsp;jeho \u017eivot\u011b. T\u0159eba kaktusy. Nejen\u017ee byl \u010capek jejich zan\u00edcen\u00fdm sb\u011bratelem, ale kaktusy ho ovlivnily jako autora beletristick\u00e9 literatury, novin\u00e1\u0159e nebo jako [&hellip;]<\/p>\n","protected":false},"author":23,"featured_media":9825,"comment_status":"open","ping_status":"open","sticky":false,"template":"","format":"standard","meta":{"inline_featured_image":false,"_breakdance_hide_in_design_set":false,"_breakdance_tags":"","footnotes":""},"categories":[46],"tags":[],"class_list":["post-9824","post","type-post","status-publish","format-standard","has-post-thumbnail","hentry","category-studentske-zpravodajstvi"],"acf":[],"_links":{"self":[{"href":"https:\/\/prahaskolska.200.solutions\/index.php?rest_route=\/wp\/v2\/posts\/9824","targetHints":{"allow":["GET"]}}],"collection":[{"href":"https:\/\/prahaskolska.200.solutions\/index.php?rest_route=\/wp\/v2\/posts"}],"about":[{"href":"https:\/\/prahaskolska.200.solutions\/index.php?rest_route=\/wp\/v2\/types\/post"}],"author":[{"embeddable":true,"href":"https:\/\/prahaskolska.200.solutions\/index.php?rest_route=\/wp\/v2\/users\/23"}],"replies":[{"embeddable":true,"href":"https:\/\/prahaskolska.200.solutions\/index.php?rest_route=%2Fwp%2Fv2%2Fcomments&post=9824"}],"version-history":[{"count":4,"href":"https:\/\/prahaskolska.200.solutions\/index.php?rest_route=\/wp\/v2\/posts\/9824\/revisions"}],"predecessor-version":[{"id":9840,"href":"https:\/\/prahaskolska.200.solutions\/index.php?rest_route=\/wp\/v2\/posts\/9824\/revisions\/9840"}],"wp:featuredmedia":[{"embeddable":true,"href":"https:\/\/prahaskolska.200.solutions\/index.php?rest_route=\/wp\/v2\/media\/9825"}],"wp:attachment":[{"href":"https:\/\/prahaskolska.200.solutions\/index.php?rest_route=%2Fwp%2Fv2%2Fmedia&parent=9824"}],"wp:term":[{"taxonomy":"category","embeddable":true,"href":"https:\/\/prahaskolska.200.solutions\/index.php?rest_route=%2Fwp%2Fv2%2Fcategories&post=9824"},{"taxonomy":"post_tag","embeddable":true,"href":"https:\/\/prahaskolska.200.solutions\/index.php?rest_route=%2Fwp%2Fv2%2Ftags&post=9824"}],"curies":[{"name":"wp","href":"https:\/\/api.w.org\/{rel}","templated":true}]}}