{"id":9706,"date":"2023-03-20T13:21:44","date_gmt":"2023-03-20T12:21:44","guid":{"rendered":"https:\/\/prahaskolska.200.solutions\/?p=9706"},"modified":"2024-04-09T20:51:18","modified_gmt":"2024-04-09T18:51:18","slug":"po-dvou-letech-probehne-letni-skola-pameti-naroda-jak-a-kde-se-prihlasit","status":"publish","type":"post","link":"https:\/\/prahaskolska.200.solutions\/?p=9706","title":{"rendered":"Po dvou letech prob\u011bhne Letn\u00ed \u0161kola Pam\u011bti n\u00e1roda. Jak a kde se p\u0159ihl\u00e1sit?"},"content":{"rendered":"\n<p><strong>V&nbsp;l\u00e9t\u011b se uskute\u010dn\u00ed ji\u017e \u010dtvrt\u00fd ro\u010dn\u00edk Letn\u00ed \u0161koly Pam\u011bti n\u00e1roda. Semin\u00e1\u0159 se bude konat od 11. do 14. \u010cervence v&nbsp;prostor\u00e1ch Broumovsk\u00e9ho kl\u00e1\u0161tera. Tato vzd\u011bl\u00e1vac\u00ed akce je ur\u010dena pro pedagogy z&nbsp;\u010cesk\u00e9 republiky i ze Slovenska, kte\u0159\u00ed by r\u00e1di na\u010derpali inspiraci pro svoji v\u00fduku. Kde se m\u016f\u017eete zaregistrovat a jak\u00e1 bude n\u00e1pl\u0148 leto\u0161n\u00edho ro\u010dn\u00edku?<\/strong><\/p>\n\n\n\n<p>Leto\u0161n\u00edmi t\u00e9maty bude p\u0159edev\u0161\u00edm \u010desk\u00fd a slovensk\u00fd pohled na spole\u010dnou historii. Program uk\u00e1\u017ee, jak s&nbsp;touto t\u00e9matikou pracovat se studenty na \u0161kol\u00e1ch \u010di jak co nejl\u00e9pe zpracovat p\u0159\u00edb\u011bhy pam\u011btn\u00edk\u016f. \u00da\u010dastn\u00edci se budou tak\u00e9 v\u011bnovat ot\u00e1zk\u00e1m mezigenera\u010dn\u00edho vyu\u010dov\u00e1n\u00ed. Na pedagogy \u010dek\u00e1 s\u00e9rie p\u0159edn\u00e1\u0161ek, diskuz\u00ed, \u0161kolen\u00ed \u010di praktick\u00fdch lekc\u00ed.&nbsp;<\/p>\n\n\n<div class=\"wp-block-image\">\n<figure class=\"alignleft size-full is-resized\"><img loading=\"lazy\" decoding=\"async\" width=\"878\" height=\"878\" src=\"https:\/\/prahaskolska.200.solutions\/wp-content\/uploads\/2023\/03\/image-6.jpeg\" alt=\"\" class=\"wp-image-9711\" style=\"width:358px;height:358px\" srcset=\"https:\/\/prahaskolska.200.solutions\/wp-content\/uploads\/2023\/03\/image-6.jpeg 878w, https:\/\/prahaskolska.200.solutions\/wp-content\/uploads\/2023\/03\/image-6-300x300.jpeg 300w, https:\/\/prahaskolska.200.solutions\/wp-content\/uploads\/2023\/03\/image-6-150x150.jpeg 150w, https:\/\/prahaskolska.200.solutions\/wp-content\/uploads\/2023\/03\/image-6-768x768.jpeg 768w\" sizes=\"auto, (max-width: 878px) 100vw, 878px\" \/><\/figure><\/div>\n\n\n<p>Organizace Post Bellum je zn\u00e1m\u00e1 p\u0159edev\u0161\u00edm d\u00edky&nbsp;jednomu ze sv\u00fdch \u00fasp\u011b\u0161n\u00fdch projekt\u016f s n\u00e1zvem P\u0159\u00edb\u011bhy na\u0161ich soused\u016f. Program je ur\u010den pro studenty 8. a 9. t\u0159\u00edd z\u00e1kladn\u00edch \u0161kol. C\u00edlem je naj\u00edt a oslovit ve sv\u00e9m okol\u00ed pam\u011btn\u00edka, vymyslet ot\u00e1zky a ud\u011blat s&nbsp;n\u00edm rozhovor. V\u00fdsledkem m\u00e1 b\u00fdt kr\u00e1tk\u00e1 report\u00e1\u017e o zaj\u00edmav\u00e9 osobnosti, kter\u00e1 bude p\u0159id\u00e1na do datab\u00e1ze Post Bellum. I to bude jednou z n\u00e1pln\u00ed leto\u0161n\u00ed Letn\u00ed \u0161koly. Pro u\u010ditele bude p\u0159ipraven storytellingov\u00fd kurz, kter\u00fd \u00fa\u010dastn\u00edk\u016fm uk\u00e1\u017ee, jak naj\u00edt p\u0159\u00edb\u011bh ve vypr\u00e1v\u011bn\u00ed vybran\u00e9ho pam\u011btn\u00edka. P\u0159\u00edb\u011bhovou d\u00edlnu povede Martin Hak, zku\u0161en\u00fd lektor vyprav\u011b\u010dsk\u00fdch dovednost\u00ed. U\u010ditel\u00e9 si budou moci sami vyzkou\u0161et nahr\u00e1v\u00e1n\u00ed vzpom\u00ednek pam\u011btn\u00edka.<\/p>\n\n\n\n<p>Bonusov\u00fdm bodem leto\u0161n\u00edho programu je setk\u00e1n\u00ed s&nbsp;Mikul\u00e1\u0161em Kroupou, novin\u00e1\u0159em a spolupracovn\u00edkem&nbsp;\u010cesk\u00e9ho&nbsp;rozhlasu, ale p\u0159edev\u0161\u00edm \u0159editelem organizace Post Bellum a vedouc\u00edm ji\u017e zmi\u0148ovan\u00e9ho projektu P\u0159\u00edb\u011bhy na\u0161ich soused\u016f.&nbsp;<\/p>\n\n\n\n<p>P\u0159ihl\u00e1sit se na kurz je mo\u017en\u00e9 od poloviny b\u0159ezna. Cena za jednoho \u00fa\u010dastn\u00edka je 1150 K\u010d, v\u010detn\u011b ubytov\u00e1n\u00ed a pln\u00e9 penze. Odkaz na p\u0159ihl\u00e1\u0161ku naleznete pod t\u00edmto odkazem:\u00a0<a href=\"https:\/\/docs.google.com\/forms\/d\/e\/1FAIpQLSeU0y11OXKhWc1Twnjcv_vP8Oo-_E129CqI82ZHhEztkM2L_w\/viewform\">https:\/\/docs.google.com\/forms\/d\/e\/1FAIpQLSeU0y11OXKhWc1Twnjcv_vP8Oo-_E129CqI82ZHhEztkM2L_w\/viewform<\/a><\/p>\n\n\n\n<p>Letn\u00ed \u0161kola Pam\u011bti n\u00e1roda se uskute\u010dn\u00ed za finan\u010dn\u00ed podpory Erasmus+ v r\u00e1mci projektu Mezigenera\u010dn\u00edho vzd\u011bl\u00e1v\u00e1n\u00ed v \u010deskoslovensk\u00e9m kontextu.<\/p>\n\n\n\n<p><sup>Zdroj obr\u00e1zk\u016f: Post Bellum<\/sup><\/p>\n","protected":false},"excerpt":{"rendered":"<p>V&nbsp;l\u00e9t\u011b se uskute\u010dn\u00ed ji\u017e \u010dtvrt\u00fd ro\u010dn\u00edk Letn\u00ed \u0161koly Pam\u011bti n\u00e1roda. Semin\u00e1\u0159 se bude konat od 11. do 14. \u010cervence v&nbsp;prostor\u00e1ch Broumovsk\u00e9ho kl\u00e1\u0161tera. Tato vzd\u011bl\u00e1vac\u00ed akce je ur\u010dena pro pedagogy z&nbsp;\u010cesk\u00e9 republiky i ze Slovenska, kte\u0159\u00ed by r\u00e1di na\u010derpali inspiraci pro svoji v\u00fduku. Kde se m\u016f\u017eete zaregistrovat a jak\u00e1 bude n\u00e1pl\u0148 leto\u0161n\u00edho ro\u010dn\u00edku? Leto\u0161n\u00edmi t\u00e9maty bude [&hellip;]<\/p>\n","protected":false},"author":23,"featured_media":9713,"comment_status":"open","ping_status":"open","sticky":false,"template":"","format":"standard","meta":{"inline_featured_image":false,"_breakdance_hide_in_design_set":false,"_breakdance_tags":"","footnotes":""},"categories":[29,19,96],"tags":[],"class_list":["post-9706","post","type-post","status-publish","format-standard","has-post-thumbnail","hentry","category-akce","category-skoly-inspiruji","category-tipy-na-leto"],"acf":[],"_links":{"self":[{"href":"https:\/\/prahaskolska.200.solutions\/index.php?rest_route=\/wp\/v2\/posts\/9706","targetHints":{"allow":["GET"]}}],"collection":[{"href":"https:\/\/prahaskolska.200.solutions\/index.php?rest_route=\/wp\/v2\/posts"}],"about":[{"href":"https:\/\/prahaskolska.200.solutions\/index.php?rest_route=\/wp\/v2\/types\/post"}],"author":[{"embeddable":true,"href":"https:\/\/prahaskolska.200.solutions\/index.php?rest_route=\/wp\/v2\/users\/23"}],"replies":[{"embeddable":true,"href":"https:\/\/prahaskolska.200.solutions\/index.php?rest_route=%2Fwp%2Fv2%2Fcomments&post=9706"}],"version-history":[{"count":5,"href":"https:\/\/prahaskolska.200.solutions\/index.php?rest_route=\/wp\/v2\/posts\/9706\/revisions"}],"predecessor-version":[{"id":15872,"href":"https:\/\/prahaskolska.200.solutions\/index.php?rest_route=\/wp\/v2\/posts\/9706\/revisions\/15872"}],"wp:featuredmedia":[{"embeddable":true,"href":"https:\/\/prahaskolska.200.solutions\/index.php?rest_route=\/wp\/v2\/media\/9713"}],"wp:attachment":[{"href":"https:\/\/prahaskolska.200.solutions\/index.php?rest_route=%2Fwp%2Fv2%2Fmedia&parent=9706"}],"wp:term":[{"taxonomy":"category","embeddable":true,"href":"https:\/\/prahaskolska.200.solutions\/index.php?rest_route=%2Fwp%2Fv2%2Fcategories&post=9706"},{"taxonomy":"post_tag","embeddable":true,"href":"https:\/\/prahaskolska.200.solutions\/index.php?rest_route=%2Fwp%2Fv2%2Ftags&post=9706"}],"curies":[{"name":"wp","href":"https:\/\/api.w.org\/{rel}","templated":true}]}}