{"id":9693,"date":"2023-03-17T09:12:00","date_gmt":"2023-03-17T08:12:00","guid":{"rendered":"https:\/\/prahaskolska.200.solutions\/?p=9693"},"modified":"2023-03-16T14:37:13","modified_gmt":"2023-03-16T13:37:13","slug":"karierni-dny-na-cvut-propoji-studenty-s-firmami","status":"publish","type":"post","link":"https:\/\/prahaskolska.200.solutions\/?p=9693","title":{"rendered":"Kari\u00e9rn\u00ed dny na \u010cVUT propoj\u00ed studenty s firmami"},"content":{"rendered":"\n<p><strong>Absolventi informatick\u00fdch, elektrotechnick\u00fdch a stroja\u0159sk\u00fdch obor\u016f jsou na trhu pr\u00e1ce velice \u017e\u00e1dan\u00ed. Fakulta strojn\u00ed \u010cVUT a Fakulta elektrotechnick\u00e1 \u010cVUT cht\u011bj\u00ed vyj\u00edt firm\u00e1m vst\u0159\u00edc a spole\u010dn\u011b letos uspo\u0159\u00e1daj\u00ed ji\u017e druh\u00fd ro\u010dn\u00edch Kari\u00e9rn\u00edch dn\u016f<\/strong>.<strong> Akce se kon\u00e1 28. a 29. b\u0159ezna 2023 a jej\u00ed sou\u010d\u00e1st\u00ed bude tak\u00e9 doprovodn\u00fd odborn\u00fd program.<\/strong><\/p>\n\n\n\n<p>Kari\u00e9rn\u00ed dny maj\u00ed za c\u00edl umo\u017enit p\u0159\u00edm\u00fd kontakt p\u011bti a p\u016fl tis\u00edce student\u016f se zam\u011bstnavateli nejr\u016fzn\u011bj\u0161\u00edch velikost\u00ed od gigant\u016f \u010desk\u00e9ho pr\u016fmyslu a\u017e po mal\u00e9 progresivn\u00ed start-upy. Leto\u0161n\u00edho ro\u010dn\u00edku akce se z\u00fa\u010dastn\u00ed z\u00e1stupci celkem 80 spole\u010dnost\u00ed, kte\u0159\u00ed obsad\u00ed prostory obou fakult. Na programu budou prezentace firem, p\u0159edn\u00e1\u0161ky, skupinov\u00e9 i individu\u00e1ln\u00ed diskuze a workshopy.<\/p>\n\n\n\n<p><em>\u201eLo\u0148sk\u00e9 Kari\u00e9rn\u00ed dny prok\u00e1zaly, \u017ee po absolventech stroja\u0159sk\u00fdch a elektrotechnick\u00fdch obor\u016f \u010cVUT je st\u00e1le enormn\u00ed popt\u00e1vka. Osmdes\u00e1t pr\u016fmyslov\u00fdch partner\u016f tam prezentovalo sv\u00e9 firmy a nab\u00eddky uplatn\u011bn\u00ed. A p\u0159es p\u011bt tis\u00edc student\u016f u nich vyhled\u00e1valo informace a navazovalo osobn\u00ed kontakty s perspektivn\u00edmi zam\u011bstnavateli. Pr\u016fb\u011bh akce potvrdil, \u017ee Kari\u00e9rn\u00ed dny jsou u\u017eite\u010dn\u00e9 nejen pro firmy, ale i pro na\u0161e studenty, proto budeme takov\u00e9 akce po\u0159\u00e1dat i nad\u00e1le,&#8220;<\/em> \u0159\u00edk\u00e1 doc. Miroslav \u0160paniel, d\u011bkan fakulty strojn\u00ed \u010cVUT v Praze.<\/p>\n\n\n\n<p>Na chodb\u00e1ch a v posluch\u00e1rn\u00e1ch fakult budou z\u00e1stupci firem k dispozici v obou dnech od 9.00 do 16.00 hodin. V\u00edce informaci o Kari\u00e9rn\u00edch dnech Fakulty strojn\u00ed a Fakulty elektrotechnick\u00e9 \u010cVUT naleznete na webu <a href=\"https:\/\/www.karierni-dny-fs-fel.cvut.cz\/\">https:\/\/www.karierni-dny-fs-fel.cvut.cz\/<\/a>.<\/p>\n\n\n\n<p>Zdroj: \u010cVUT<\/p>\n","protected":false},"excerpt":{"rendered":"<p>Absolventi informatick\u00fdch, elektrotechnick\u00fdch a stroja\u0159sk\u00fdch obor\u016f jsou na trhu pr\u00e1ce velice \u017e\u00e1dan\u00ed. Fakulta strojn\u00ed \u010cVUT a Fakulta elektrotechnick\u00e1 \u010cVUT cht\u011bj\u00ed vyj\u00edt firm\u00e1m vst\u0159\u00edc a spole\u010dn\u011b letos uspo\u0159\u00e1daj\u00ed ji\u017e druh\u00fd ro\u010dn\u00edch Kari\u00e9rn\u00edch dn\u016f. Akce se kon\u00e1 28. a 29. b\u0159ezna 2023 a jej\u00ed sou\u010d\u00e1st\u00ed bude tak\u00e9 doprovodn\u00fd odborn\u00fd program. Kari\u00e9rn\u00ed dny maj\u00ed za c\u00edl umo\u017enit p\u0159\u00edm\u00fd [&hellip;]<\/p>\n","protected":false},"author":24,"featured_media":9694,"comment_status":"open","ping_status":"open","sticky":false,"template":"","format":"standard","meta":{"inline_featured_image":false,"_breakdance_hide_in_design_set":false,"_breakdance_tags":"","footnotes":""},"categories":[29,43,38],"tags":[],"class_list":["post-9693","post","type-post","status-publish","format-standard","has-post-thumbnail","hentry","category-akce","category-pro-studenty","category-vysoke-skoly"],"acf":[],"_links":{"self":[{"href":"https:\/\/prahaskolska.200.solutions\/index.php?rest_route=\/wp\/v2\/posts\/9693","targetHints":{"allow":["GET"]}}],"collection":[{"href":"https:\/\/prahaskolska.200.solutions\/index.php?rest_route=\/wp\/v2\/posts"}],"about":[{"href":"https:\/\/prahaskolska.200.solutions\/index.php?rest_route=\/wp\/v2\/types\/post"}],"author":[{"embeddable":true,"href":"https:\/\/prahaskolska.200.solutions\/index.php?rest_route=\/wp\/v2\/users\/24"}],"replies":[{"embeddable":true,"href":"https:\/\/prahaskolska.200.solutions\/index.php?rest_route=%2Fwp%2Fv2%2Fcomments&post=9693"}],"version-history":[{"count":2,"href":"https:\/\/prahaskolska.200.solutions\/index.php?rest_route=\/wp\/v2\/posts\/9693\/revisions"}],"predecessor-version":[{"id":9697,"href":"https:\/\/prahaskolska.200.solutions\/index.php?rest_route=\/wp\/v2\/posts\/9693\/revisions\/9697"}],"wp:featuredmedia":[{"embeddable":true,"href":"https:\/\/prahaskolska.200.solutions\/index.php?rest_route=\/wp\/v2\/media\/9694"}],"wp:attachment":[{"href":"https:\/\/prahaskolska.200.solutions\/index.php?rest_route=%2Fwp%2Fv2%2Fmedia&parent=9693"}],"wp:term":[{"taxonomy":"category","embeddable":true,"href":"https:\/\/prahaskolska.200.solutions\/index.php?rest_route=%2Fwp%2Fv2%2Fcategories&post=9693"},{"taxonomy":"post_tag","embeddable":true,"href":"https:\/\/prahaskolska.200.solutions\/index.php?rest_route=%2Fwp%2Fv2%2Ftags&post=9693"}],"curies":[{"name":"wp","href":"https:\/\/api.w.org\/{rel}","templated":true}]}}