{"id":9684,"date":"2023-03-16T13:40:26","date_gmt":"2023-03-16T12:40:26","guid":{"rendered":"https:\/\/prahaskolska.200.solutions\/?p=9684"},"modified":"2023-03-16T13:55:27","modified_gmt":"2023-03-16T12:55:27","slug":"letosni-noc-vedcu-zahalena-tajemstvim","status":"publish","type":"post","link":"https:\/\/prahaskolska.200.solutions\/?p=9684","title":{"rendered":"Leto\u0161n\u00ed Noc v\u011bdc\u016f zahalen\u00e1 tajemstv\u00edm"},"content":{"rendered":"\n<p><strong>Jako ka\u017ed\u00fd rok na podzim, i letos se odehraje tradi\u010dn\u00ed akce s n\u00e1zvem Noc v\u011bdc\u016f. Univerzity a dal\u0161\u00ed vzd\u011bl\u00e1vac\u00ed instituce otev\u0159ou sv\u00e9 br\u00e1ny v p\u00e1tek 6. \u0159\u00edjna. <\/strong><\/p>\n\n\n\n<p>Akci prov\u00e1z\u00ed ka\u017ed\u00fd rok jin\u00e9 t\u00e9ma, jinak tomu nebude ani letos. T\u00e9matem leto\u0161n\u00edho ro\u010dn\u00edku je Tajemstv\u00ed. P\u0159ed stovkami let byly p\u0159\u00edrodn\u00ed a spole\u010densk\u00e9 jevy zahalen\u00e9 tajemstv\u00edm. Lid\u00e9 kv\u016fli neexistuj\u00edc\u00edm mo\u017enostem podrobn\u00e9ho zkoum\u00e1n\u00ed sv\u011bta neznali d\u016fvody pohybu vesm\u00edrn\u00fdch t\u011bles, ukl\u00e1d\u00e1n\u00ed energie \u010di \u0161\u00ed\u0159en\u00ed nemoc\u00ed. Pro lidi se po stalet\u00ed jednalo o nerozlu\u0161titeln\u00e9 z\u00e1hady. <\/p>\n\n\n\n<figure class=\"wp-block-image size-large\"><img loading=\"lazy\" decoding=\"async\" width=\"1024\" height=\"682\" src=\"https:\/\/prahaskolska.200.solutions\/wp-content\/uploads\/2023\/03\/2-1-1024x682.jpg\" alt=\"\" class=\"wp-image-9688\" srcset=\"https:\/\/prahaskolska.200.solutions\/wp-content\/uploads\/2023\/03\/2-1-1024x682.jpg 1024w, https:\/\/prahaskolska.200.solutions\/wp-content\/uploads\/2023\/03\/2-1-300x200.jpg 300w, https:\/\/prahaskolska.200.solutions\/wp-content\/uploads\/2023\/03\/2-1-768x512.jpg 768w, https:\/\/prahaskolska.200.solutions\/wp-content\/uploads\/2023\/03\/2-1.jpg 1280w\" sizes=\"auto, (max-width: 1024px) 100vw, 1024px\" \/><figcaption class=\"wp-element-caption\"><sup>Noc v\u011bdc\u016f 2019<\/sup><\/figcaption><\/figure>\n\n\n\n<p><em>\u201eNoc v\u011bdc\u016f je skv\u011blou p\u0159\u00edle\u017eitost\u00ed, jak hrav\u011b a interaktivn\u011b nakouknout pod pokli\u010dku takov\u00fdch tajemstv\u00ed nap\u0159\u00ed\u010d v\u0161emi p\u0159\u00edrodov\u011bdn\u00fdmi, spole\u010denskov\u011bdn\u00edmi, um\u011bleck\u00fdmi nebo technick\u00fdmi obory,\u201c<\/em> \u0159\u00edk\u00e1 mana\u017eerka n\u00e1rodn\u00edho koordin\u00e1tora Jit\u0159enka Navr\u00e1tilov\u00e1.<\/p>\n\n\n\n<p>V Praze prob\u00edh\u00e1 v r\u00e1mci Noci v\u011bdc\u016f \u00fazk\u00e1 spolupr\u00e1ce mezi v\u0161emi p\u011bti ve\u0159ejn\u00fdmi vysok\u00fdmi \u0161kolami. Jedn\u00e1 se o \u010cesk\u00e9 vysok\u00e9 u\u010den\u00ed technick\u00e9, \u010ceskou zem\u011bd\u011blskou univerzitu v Praze, Univerzitu Karlovu, Vysokou \u0161kolu ekonomickou i Vysokou \u0161kolu chemicko-technologickou v Praze. V\u0161echny ve\u0159ejn\u00e9 vysok\u00e9 \u0161koly p\u0159ipravuj\u00ed spole\u010dnou aktivitu, jej\u00ed\u017e n\u00e1pl\u0148 je prozat\u00edm nezn\u00e1m\u00e1. Dle Dany Kordov\u00e9, koordin\u00e1torky Noci v\u011bdc\u016f v Praze, se d\u00edky spolupr\u00e1ci jednotliv\u00fdch organiz\u00e1tor\u016f prohlubuje komunikace, popularizace a vazba mezi jednotliv\u00fdmi univerzitami v Praze. <\/p>\n\n\n\n<figure class=\"wp-block-image size-large\"><img loading=\"lazy\" decoding=\"async\" width=\"1024\" height=\"682\" src=\"https:\/\/prahaskolska.200.solutions\/wp-content\/uploads\/2023\/03\/7-1024x682.jpg\" alt=\"\" class=\"wp-image-9690\" srcset=\"https:\/\/prahaskolska.200.solutions\/wp-content\/uploads\/2023\/03\/7-1024x682.jpg 1024w, https:\/\/prahaskolska.200.solutions\/wp-content\/uploads\/2023\/03\/7-300x200.jpg 300w, https:\/\/prahaskolska.200.solutions\/wp-content\/uploads\/2023\/03\/7-768x512.jpg 768w, https:\/\/prahaskolska.200.solutions\/wp-content\/uploads\/2023\/03\/7.jpg 1280w\" sizes=\"auto, (max-width: 1024px) 100vw, 1024px\" \/><figcaption class=\"wp-element-caption\"><sup>Noc v\u011bdc\u016f 2019<\/sup><\/figcaption><\/figure>\n\n\n\n<p>Krom\u011b univerzit se do po\u0159\u00e1d\u00e1n\u00ed Noci v\u011bdc\u016f v leto\u0161n\u00edm ro\u010dn\u00edku zapoj\u00ed tak\u00e9 men\u0161\u00ed organizace, jako jsou gymn\u00e1zia, pracovi\u0161t\u011b Akademie v\u011bd \u010cR \u010di knihovny. <\/p>\n\n\n\n<p>I letos Noc v\u011bdc\u016f doprovod\u00ed sout\u011b\u017e populariz\u00e1tor\u016f v\u011bdy s n\u00e1zvem \u010cesk\u00fd v\u0161ev\u011bd. Jej\u00edm c\u00edlem je p\u0159edat div\u00e1k\u016fm krom\u011b nad\u0161en\u00ed pro v\u011bdu tak\u00e9 kus samotn\u00e9ho v\u011bd\u011bn\u00ed srozumitelnou formou. Do sout\u011b\u017ee se v\u0161ichni populariz\u00e1to\u0159i a populariz\u00e1torky v\u011bdy mohou p\u0159ihl\u00e1sit do konce dubna.<\/p>\n\n\n\n<figure class=\"wp-block-image size-large\"><img loading=\"lazy\" decoding=\"async\" width=\"1024\" height=\"682\" src=\"https:\/\/prahaskolska.200.solutions\/wp-content\/uploads\/2023\/03\/6-1024x682.jpg\" alt=\"\" class=\"wp-image-9691\" srcset=\"https:\/\/prahaskolska.200.solutions\/wp-content\/uploads\/2023\/03\/6-1024x682.jpg 1024w, https:\/\/prahaskolska.200.solutions\/wp-content\/uploads\/2023\/03\/6-300x200.jpg 300w, https:\/\/prahaskolska.200.solutions\/wp-content\/uploads\/2023\/03\/6-768x512.jpg 768w, https:\/\/prahaskolska.200.solutions\/wp-content\/uploads\/2023\/03\/6.jpg 1280w\" sizes=\"auto, (max-width: 1024px) 100vw, 1024px\" \/><figcaption class=\"wp-element-caption\"><sup>Noc v\u011bdc\u016f 2019<\/sup><\/figcaption><\/figure>\n\n\n\n<p>Akce Noc v\u011bdc\u016f vznikla ji\u017e v roce 2005 z podn\u011btu Evropsk\u00e9 komise. Jej\u00edm c\u00edlem je uk\u00e1zat lidem, \u017ee v\u011bda je zaj\u00edmav\u00e1 a pln\u00e1 fascinuj\u00edc\u00edch d\u016fkaz\u016f. Prob\u00edh\u00e1 nap\u0159\u00ed\u010d Evropou na stovk\u00e1ch m\u00edst v\u017edy jeden den v roce. V r\u00e1mci akce jsou zp\u0159\u00edstupn\u011bny univerzity, v\u011bdeck\u00e1 a v\u00fdzkumn\u00e1 pracovi\u0161t\u011b, science centra a dal\u0161\u00ed organizace. Sou\u010d\u00e1st\u00ed Noci v\u011bdc\u016f jsou komentovan\u00e9 prohl\u00eddky, popul\u00e1rn\u011b vzd\u011bl\u00e1vac\u00ed p\u0159edn\u00e1\u0161ky, workshopy, experimenty, v\u011bdeck\u00e1 show \u010di hudebn\u00ed vystoupen\u00ed. <\/p>\n\n\n\n<p>Zdroj: \u010cVUT<\/p>\n\n\n\n<p><sup>Zdroj obr\u00e1zk\u016f: Noc v\u011bdc\u016f<\/sup><\/p>\n","protected":false},"excerpt":{"rendered":"<p>Jako ka\u017ed\u00fd rok na podzim, i letos se odehraje tradi\u010dn\u00ed akce s n\u00e1zvem Noc v\u011bdc\u016f. Univerzity a dal\u0161\u00ed vzd\u011bl\u00e1vac\u00ed instituce otev\u0159ou sv\u00e9 br\u00e1ny v p\u00e1tek 6. \u0159\u00edjna. Akci prov\u00e1z\u00ed ka\u017ed\u00fd rok jin\u00e9 t\u00e9ma, jinak tomu nebude ani letos. T\u00e9matem leto\u0161n\u00edho ro\u010dn\u00edku je Tajemstv\u00ed. P\u0159ed stovkami let byly p\u0159\u00edrodn\u00ed a spole\u010densk\u00e9 jevy zahalen\u00e9 tajemstv\u00edm. Lid\u00e9 kv\u016fli [&hellip;]<\/p>\n","protected":false},"author":24,"featured_media":9686,"comment_status":"open","ping_status":"open","sticky":false,"template":"","format":"standard","meta":{"inline_featured_image":false,"_breakdance_hide_in_design_set":false,"_breakdance_tags":"","footnotes":""},"categories":[29,41],"tags":[],"class_list":["post-9684","post","type-post","status-publish","format-standard","has-post-thumbnail","hentry","category-akce","category-pro-verejnost"],"acf":[],"_links":{"self":[{"href":"https:\/\/prahaskolska.200.solutions\/index.php?rest_route=\/wp\/v2\/posts\/9684","targetHints":{"allow":["GET"]}}],"collection":[{"href":"https:\/\/prahaskolska.200.solutions\/index.php?rest_route=\/wp\/v2\/posts"}],"about":[{"href":"https:\/\/prahaskolska.200.solutions\/index.php?rest_route=\/wp\/v2\/types\/post"}],"author":[{"embeddable":true,"href":"https:\/\/prahaskolska.200.solutions\/index.php?rest_route=\/wp\/v2\/users\/24"}],"replies":[{"embeddable":true,"href":"https:\/\/prahaskolska.200.solutions\/index.php?rest_route=%2Fwp%2Fv2%2Fcomments&post=9684"}],"version-history":[{"count":3,"href":"https:\/\/prahaskolska.200.solutions\/index.php?rest_route=\/wp\/v2\/posts\/9684\/revisions"}],"predecessor-version":[{"id":9692,"href":"https:\/\/prahaskolska.200.solutions\/index.php?rest_route=\/wp\/v2\/posts\/9684\/revisions\/9692"}],"wp:featuredmedia":[{"embeddable":true,"href":"https:\/\/prahaskolska.200.solutions\/index.php?rest_route=\/wp\/v2\/media\/9686"}],"wp:attachment":[{"href":"https:\/\/prahaskolska.200.solutions\/index.php?rest_route=%2Fwp%2Fv2%2Fmedia&parent=9684"}],"wp:term":[{"taxonomy":"category","embeddable":true,"href":"https:\/\/prahaskolska.200.solutions\/index.php?rest_route=%2Fwp%2Fv2%2Fcategories&post=9684"},{"taxonomy":"post_tag","embeddable":true,"href":"https:\/\/prahaskolska.200.solutions\/index.php?rest_route=%2Fwp%2Fv2%2Ftags&post=9684"}],"curies":[{"name":"wp","href":"https:\/\/api.w.org\/{rel}","templated":true}]}}