{"id":9656,"date":"2023-03-15T12:39:50","date_gmt":"2023-03-15T11:39:50","guid":{"rendered":"https:\/\/prahaskolska.200.solutions\/?p=9656"},"modified":"2023-03-15T12:39:51","modified_gmt":"2023-03-15T11:39:51","slug":"meta-podpora-integrace-na-skolach","status":"publish","type":"post","link":"https:\/\/prahaskolska.200.solutions\/?p=9656","title":{"rendered":"META \u2013 podpora integrace na \u0161kol\u00e1ch"},"content":{"rendered":"\n<p><strong>Pomoc student\u016fm poch\u00e1zej\u00edc\u00edm z r\u016fzn\u00e9ho kulturn\u00edho a jazykov\u00e9ho prost\u0159ed\u00ed, jejich sna\u017e\u0161\u00ed za\u010dlen\u011bn\u00ed a z\u00edsk\u00e1n\u00ed vzd\u011bl\u00e1n\u00ed na vysok\u00e9 \u00farovni. To jsou c\u00edle nevl\u00e1dn\u00ed organizace META, kter\u00e1 se zam\u011b\u0159uje na podporu integrace na \u0161kol\u00e1ch. <\/strong><\/p>\n\n\n\n<p>Program pom\u00e1h\u00e1 u\u010ditel\u016fm a dal\u0161\u00edm pracovn\u00edk\u016fm ve \u0161kol\u00e1ch zlep\u0161it sv\u00e9 znalosti a dovednosti v oblasti inkluzivn\u00edho vzd\u011bl\u00e1v\u00e1n\u00ed a poskytuje jim n\u00e1stroje, d\u00edky nim\u017e mohou efektivn\u011bji pracovat s r\u016fzn\u00fdmi pot\u0159ebami \u017e\u00e1k\u016f. META poskytuje podporu tak\u00e9 rodi\u010d\u016fm a rodin\u00e1m, aby l\u00e9pe porozum\u011bli vzd\u011bl\u00e1vac\u00edmu procesu v \u010cesku a z\u00edskali informace o tom, jak mohou sv\u00e9mu d\u00edt\u011bti pomoci.<\/p>\n\n\n\n<p>Krom\u011b rodi\u010d\u016f a u\u010ditel\u016f META pom\u00e1h\u00e1 samoz\u0159ejm\u011b i student\u016fm. Nap\u0159\u00edklad t\u011bm, kte\u0159\u00ed se u\u010d\u00ed nov\u00fd jazyk, nab\u00edz\u00ed mo\u017enost konverzovat s rodil\u00fdmi mluv\u010d\u00edmi, aby mohli zlep\u0161it svou v\u00fdslovnost a porozum\u011bn\u00ed jazyku. Krom\u011b toho tak\u00e9 spole\u010dnost organizuje akce a workshopy, kter\u00e9 pom\u00e1haj\u00ed student\u016fm pochopit r\u016fzn\u00e1 kulturn\u00ed prost\u0159ed\u00ed.<\/p>\n\n\n\n<p>\u201e<em>Necel\u00fdch p\u011bt procent obyvatelstva v \u010cesk\u00e9 republice tvo\u0159\u00ed cizinci. Nej\u010dast\u011bji se jedn\u00e1 o Slov\u00e1ky, Ukrajince a Vietnamce. P\u0159esto\u017ee je toto \u010d\u00edslo oproti n\u011bkter\u00fdm evropsk\u00fdm zem\u00edm n\u00edzk\u00e9, bud\u00ed cizinci u n\u00e1s velk\u00e9 v\u00e1\u0161n\u011b a koluje o nich mnoho nepravd a dezinformac\u00ed<\/em>,\u201c stoj\u00ed na internetov\u00fdch str\u00e1nk\u00e1ch organizace.<\/p>\n\n\n\n<p>\u201e<em>Nab\u00edz\u00edme semin\u00e1\u0159e, metodickou podporu a materi\u00e1ly do v\u00fduky. Navrhujeme a prosazujeme syst\u00e9mov\u00e9 zm\u011bny, kter\u00e9 reflektuj\u00ed pot\u0159eby \u0161kol a d\u011bt\u00ed s odli\u0161n\u00fdm mate\u0159sk\u00fdm jazykem a kter\u00e9 rozv\u00edj\u00ed jejich potenci\u00e1l. Prost\u0159ednictv\u00edm aktivit pro ve\u0159ejnost se sna\u017e\u00edme podpo\u0159it otev\u0159en\u00fd dialog a porozum\u011bn\u00ed mezi lidmi s migra\u010dn\u00ed zku\u0161enost\u00ed a v\u011bt\u0161inovou spole\u010dnost\u00ed,<\/em>\u201c \u0159\u00edk\u00e1 Daria Vlasenko, kter\u00e1 se v\u00a0r\u00e1mci META zab\u00fdv\u00e1 mimo jin\u00e9 kurzy \u010de\u0161tiny.<\/p>\n","protected":false},"excerpt":{"rendered":"<p>Pomoc student\u016fm poch\u00e1zej\u00edc\u00edm z r\u016fzn\u00e9ho kulturn\u00edho a jazykov\u00e9ho prost\u0159ed\u00ed, jejich sna\u017e\u0161\u00ed za\u010dlen\u011bn\u00ed a z\u00edsk\u00e1n\u00ed vzd\u011bl\u00e1n\u00ed na vysok\u00e9 \u00farovni. To jsou c\u00edle nevl\u00e1dn\u00ed organizace META, kter\u00e1 se zam\u011b\u0159uje na podporu integrace na \u0161kol\u00e1ch. Program pom\u00e1h\u00e1 u\u010ditel\u016fm a dal\u0161\u00edm pracovn\u00edk\u016fm ve \u0161kol\u00e1ch zlep\u0161it sv\u00e9 znalosti a dovednosti v oblasti inkluzivn\u00edho vzd\u011bl\u00e1v\u00e1n\u00ed a poskytuje jim n\u00e1stroje, d\u00edky nim\u017e [&hellip;]<\/p>\n","protected":false},"author":32,"featured_media":8008,"comment_status":"open","ping_status":"open","sticky":false,"template":"","format":"standard","meta":{"inline_featured_image":false,"_breakdance_hide_in_design_set":false,"_breakdance_tags":"","footnotes":""},"categories":[42,43,41],"tags":[],"class_list":["post-9656","post","type-post","status-publish","format-standard","has-post-thumbnail","hentry","category-pro-pedagogy","category-pro-studenty","category-pro-verejnost"],"acf":[],"_links":{"self":[{"href":"https:\/\/prahaskolska.200.solutions\/index.php?rest_route=\/wp\/v2\/posts\/9656","targetHints":{"allow":["GET"]}}],"collection":[{"href":"https:\/\/prahaskolska.200.solutions\/index.php?rest_route=\/wp\/v2\/posts"}],"about":[{"href":"https:\/\/prahaskolska.200.solutions\/index.php?rest_route=\/wp\/v2\/types\/post"}],"author":[{"embeddable":true,"href":"https:\/\/prahaskolska.200.solutions\/index.php?rest_route=\/wp\/v2\/users\/32"}],"replies":[{"embeddable":true,"href":"https:\/\/prahaskolska.200.solutions\/index.php?rest_route=%2Fwp%2Fv2%2Fcomments&post=9656"}],"version-history":[{"count":2,"href":"https:\/\/prahaskolska.200.solutions\/index.php?rest_route=\/wp\/v2\/posts\/9656\/revisions"}],"predecessor-version":[{"id":9665,"href":"https:\/\/prahaskolska.200.solutions\/index.php?rest_route=\/wp\/v2\/posts\/9656\/revisions\/9665"}],"wp:featuredmedia":[{"embeddable":true,"href":"https:\/\/prahaskolska.200.solutions\/index.php?rest_route=\/wp\/v2\/media\/8008"}],"wp:attachment":[{"href":"https:\/\/prahaskolska.200.solutions\/index.php?rest_route=%2Fwp%2Fv2%2Fmedia&parent=9656"}],"wp:term":[{"taxonomy":"category","embeddable":true,"href":"https:\/\/prahaskolska.200.solutions\/index.php?rest_route=%2Fwp%2Fv2%2Fcategories&post=9656"},{"taxonomy":"post_tag","embeddable":true,"href":"https:\/\/prahaskolska.200.solutions\/index.php?rest_route=%2Fwp%2Fv2%2Ftags&post=9656"}],"curies":[{"name":"wp","href":"https:\/\/api.w.org\/{rel}","templated":true}]}}