{"id":9640,"date":"2023-03-14T14:53:06","date_gmt":"2023-03-14T13:53:06","guid":{"rendered":"https:\/\/prahaskolska.200.solutions\/?p=9640"},"modified":"2023-03-14T14:53:07","modified_gmt":"2023-03-14T13:53:07","slug":"zdenka-maskova-z-msmt-byla-zvolena-mistopredsedkyni-bureau-cdej-re","status":"publish","type":"post","link":"https:\/\/prahaskolska.200.solutions\/?p=9640","title":{"rendered":"Zdenka Ma\u0161kov\u00e1 z M\u0160MT byla zvolena m\u00edstop\u0159edsedkyn\u00ed Bureau CDEJ Rady Evropy"},"content":{"rendered":"\n<p><strong>Na jedn\u00e1n\u00ed Evropsk\u00e9ho \u0159\u00edd\u00edc\u00edho v\u00fdboru pro ml\u00e1de\u017e Rady Evropy (CDEJ) byla jeho novou m\u00edstop\u0159edsedkyn\u00ed <strong>zvolena<\/strong><\/strong> <strong>Zdenka Ma\u0161kov\u00e1, kter\u00e1 doposud p\u016fsobila v odboru pro ml\u00e1de\u017e Ministerstva \u0161kolstv\u00ed, ml\u00e1de\u017ee a t\u011blov\u00fdchovy. \u010clenov\u00e9 Bureau, osmi\u010dlenn\u00e9ho veden\u00ed CDEJ, mus\u00ed z\u00edskat minim\u00e1ln\u011b dv\u011b t\u0159etiny hlas\u016f p\u0159\u00edtomn\u00fdch \u010dlen\u016f. Zdenka Ma\u0161kov\u00e1 byla zvolena jednomysln\u011b a navazuje tak na svoji roli m\u00edstop\u0159edsedkyn\u011b Pracovn\u00ed skupiny pro ml\u00e1de\u017e Rady EU v r\u00e1mci \u010desk\u00e9ho p\u0159edsednictv\u00ed 2022.<\/strong><\/p>\n\n\n\n<p>Je nutn\u00e9 dodat, \u017ee post, kter\u00fd Ma\u0161kov\u00e1 z\u00edskala, je vysoce presti\u017en\u00ed. Osoby zvolen\u00e9 do t\u00e9to pozice jsou velice respektovan\u00fdmi odborn\u00edky v evropsk\u00e9m prost\u0159ed\u00ed. Mohou se tak\u00e9 chlubit vysok\u00fdmi negocia\u010dn\u00edmi schopnostmi, kter\u00e9 v minulosti uk\u00e1zali v pr\u016fb\u011bhu slo\u017eit\u00fdch vyjedn\u00e1v\u00e1n\u00ed v r\u00e1mci CDEJ.<\/p>\n\n\n\n<p>Evropsk\u00fd \u0159\u00edd\u00edc\u00ed v\u00fdbor pro ml\u00e1de\u017e (CDEJ) je org\u00e1nem, kter\u00fd sdru\u017euje z\u00e1stupce ministerstev \u010di st\u00e1tn\u00edch org\u00e1n\u016f v\u011bnuj\u00edc\u00edch se z\u00e1le\u017eitostem ml\u00e1de\u017ee v 50 smluvn\u00edch st\u00e1tech Evropsk\u00e9 kulturn\u00ed \u00famluvy. CDEJ poskytuje prostor pro porovn\u00e1v\u00e1n\u00ed n\u00e1rodn\u00edch politik ml\u00e1de\u017ee, v\u00fdm\u011bnu osv\u011bd\u010den\u00fdch postup\u016f a tvorbu text\u016f, kter\u00e9 stanovuj\u00ed standardy politiky ml\u00e1de\u017ee Rady Evropy. CDEJ je tak\u00e9 vl\u00e1dn\u00edm partnerem ve spolu\u0159\u00edd\u00edc\u00edch struktur\u00e1ch sektoru ml\u00e1de\u017ee. <\/p>\n\n\n\n<p>Nevl\u00e1dn\u00edm prot\u011bj\u0161kem CDEJ je Poradn\u00ed sbor pro ml\u00e1de\u017e (CCJ), jen\u017e se skl\u00e1d\u00e1 z volen\u00fdch z\u00e1stupc\u016f poch\u00e1zej\u00edc\u00edch z neziskov\u00e9ho sektoru a n\u00e1rodn\u00edch rad ml\u00e1de\u017ee. CDEJ a CCJ mezi sebou spolupracuj\u00ed v r\u00e1mci Spole\u010dn\u00e9 rady pro ml\u00e1de\u017e (CMJ). \u00da\u010delem jejich spolupr\u00e1ce je stanoven\u00ed priorit sektoru ml\u00e1de\u017ee Rady Evropy.<\/p>\n\n\n\n<p>\u010clenov\u00e9 CDEJ s nejv\u011bt\u0161\u00edmi zku\u0161enostmi b\u00fdvaj\u00ed pos\u00edl\u00e1ni do jednotliv\u00fdch \u010dlensk\u00fdch st\u00e1t\u016f Rady Evropy na poradn\u00ed mise. Na \u017e\u00e1dost ministra p\u0159\u00edslu\u0161n\u00e9ho st\u00e1tu pak pom\u00e1haj\u00ed vybudovat n\u00e1rodn\u00ed participativn\u00ed politiky ml\u00e1de\u017ee. Ma\u0161kov\u00e1 byla ji\u017e v&nbsp;minulosti vedouc\u00ed evropsk\u00e9ho expertn\u00edho t\u00fdmu v&nbsp;r\u00e1mci t\u0159ech podp\u016frn\u00fdch opat\u0159en\u00ed Rady Evropy: p\u0159i mezin\u00e1rodn\u00edm vyhodnocen\u00ed n\u00e1rodn\u00ed politiky ml\u00e1de\u017ee v Alb\u00e1nii (2011), poradn\u00ed misi k&nbsp;vytvo\u0159en\u00ed participativn\u00ed politiky ml\u00e1de\u017ee v Gruzii (2017) a peer-learningov\u00e9ho kou\u010dinku pro nastaven\u00ed participativn\u00edch struktur pro ml\u00e1de\u017e na Kypru (2018).<\/p>\n\n\n\n<p>Zdroj: M\u0160MT<\/p>\n","protected":false},"excerpt":{"rendered":"<p>Na jedn\u00e1n\u00ed Evropsk\u00e9ho \u0159\u00edd\u00edc\u00edho v\u00fdboru pro ml\u00e1de\u017e Rady Evropy (CDEJ) byla jeho novou m\u00edstop\u0159edsedkyn\u00ed zvolena Zdenka Ma\u0161kov\u00e1, kter\u00e1 doposud p\u016fsobila v odboru pro ml\u00e1de\u017e Ministerstva \u0161kolstv\u00ed, ml\u00e1de\u017ee a t\u011blov\u00fdchovy. \u010clenov\u00e9 Bureau, osmi\u010dlenn\u00e9ho veden\u00ed CDEJ, mus\u00ed z\u00edskat minim\u00e1ln\u011b dv\u011b t\u0159etiny hlas\u016f p\u0159\u00edtomn\u00fdch \u010dlen\u016f. Zdenka Ma\u0161kov\u00e1 byla zvolena jednomysln\u011b a navazuje tak na svoji roli m\u00edstop\u0159edsedkyn\u011b Pracovn\u00ed [&hellip;]<\/p>\n","protected":false},"author":24,"featured_media":9645,"comment_status":"open","ping_status":"open","sticky":false,"template":"","format":"standard","meta":{"inline_featured_image":false,"_breakdance_hide_in_design_set":false,"_breakdance_tags":"","footnotes":""},"categories":[28],"tags":[],"class_list":["post-9640","post","type-post","status-publish","format-standard","has-post-thumbnail","hentry","category-aktualne-ze-skolstvi"],"acf":[],"_links":{"self":[{"href":"https:\/\/prahaskolska.200.solutions\/index.php?rest_route=\/wp\/v2\/posts\/9640","targetHints":{"allow":["GET"]}}],"collection":[{"href":"https:\/\/prahaskolska.200.solutions\/index.php?rest_route=\/wp\/v2\/posts"}],"about":[{"href":"https:\/\/prahaskolska.200.solutions\/index.php?rest_route=\/wp\/v2\/types\/post"}],"author":[{"embeddable":true,"href":"https:\/\/prahaskolska.200.solutions\/index.php?rest_route=\/wp\/v2\/users\/24"}],"replies":[{"embeddable":true,"href":"https:\/\/prahaskolska.200.solutions\/index.php?rest_route=%2Fwp%2Fv2%2Fcomments&post=9640"}],"version-history":[{"count":5,"href":"https:\/\/prahaskolska.200.solutions\/index.php?rest_route=\/wp\/v2\/posts\/9640\/revisions"}],"predecessor-version":[{"id":9646,"href":"https:\/\/prahaskolska.200.solutions\/index.php?rest_route=\/wp\/v2\/posts\/9640\/revisions\/9646"}],"wp:featuredmedia":[{"embeddable":true,"href":"https:\/\/prahaskolska.200.solutions\/index.php?rest_route=\/wp\/v2\/media\/9645"}],"wp:attachment":[{"href":"https:\/\/prahaskolska.200.solutions\/index.php?rest_route=%2Fwp%2Fv2%2Fmedia&parent=9640"}],"wp:term":[{"taxonomy":"category","embeddable":true,"href":"https:\/\/prahaskolska.200.solutions\/index.php?rest_route=%2Fwp%2Fv2%2Fcategories&post=9640"},{"taxonomy":"post_tag","embeddable":true,"href":"https:\/\/prahaskolska.200.solutions\/index.php?rest_route=%2Fwp%2Fv2%2Ftags&post=9640"}],"curies":[{"name":"wp","href":"https:\/\/api.w.org\/{rel}","templated":true}]}}