{"id":9636,"date":"2023-03-14T11:17:18","date_gmt":"2023-03-14T10:17:18","guid":{"rendered":"https:\/\/prahaskolska.200.solutions\/?p=9636"},"modified":"2023-03-14T11:17:19","modified_gmt":"2023-03-14T10:17:19","slug":"rektor-vse-petr-dvorak-vyzval-miroslava-sevcika-k-rezignaci","status":"publish","type":"post","link":"https:\/\/prahaskolska.200.solutions\/?p=9636","title":{"rendered":"Rektor V\u0160E Petr Dvo\u0159\u00e1k vyzval Miroslava \u0160ev\u010d\u00edka k rezignaci"},"content":{"rendered":"\n<p><strong>Rektor Vysok\u00e9 \u0161koly ekonomick\u00e9 Petr Dvo\u0159\u00e1k se v\u010dera osobn\u011b setkal s d\u011bkanem N\u00e1rodohospod\u00e1\u0159sk\u00e9 fakulty doc. Miroslavem \u0160ev\u010d\u00edkem. Objasnil mu, v \u010dem podle n\u011bj d\u011bkan dlouhodob\u011b po\u0161kozuje z\u00e1jem V\u0160E a vyzval ho, aby v z\u00e1jmu \u0161koly na funkci d\u011bkana rezignoval. <\/strong><\/p>\n\n\n\n<p>\u0160ev\u010d\u00edk se p\u0159i sobotn\u00ed demonstraci na V\u00e1clavsk\u00e9m n\u00e1m\u011bst\u00ed dostal do hlou\u010dku lid\u00ed, kte\u0159\u00ed se pokusili n\u00e1siln\u011b vniknout do budovy N\u00e1rodn\u00edho muzea a strhnout ukrajinskou vlajku. D\u011bkan \u0159ekl, \u017ee se do davu p\u0159ed muzeem dostal n\u00e1hodou. Po konci \u0160ev\u010d\u00edka v \u010dele fakulty vyz\u00fdvaj\u00ed b\u00fdval\u00ed i sou\u010dasn\u00ed studenti.<\/p>\n\n\n\n<p>Rektor Petr Dvo\u0159\u00e1k uvedl, \u017ee za v\u00fdzvami k odchodu \u0160ev\u010d\u00edka nestoj\u00ed pouze jeho \u00fa\u010dast na sobotn\u00ed protivl\u00e1dn\u00ed demonstraci. Rektor si byl v\u011bdom ji\u017e jist\u00fdch v\u00fdhrad, kter\u00e9 vyvstaly p\u0159i \u0160ev\u010d\u00edkov\u011b jmenov\u00e1n\u00ed do funkce d\u011bkana, z\u00e1rove\u0148 v\u0161ak respektoval rozhodnut\u00ed Akademick\u00e9ho sen\u00e1tu N\u00e1rodohospod\u00e1\u0159sk\u00e9 fakulty. Ten doc. \u0160ev\u010d\u00edka zvolil a navrhl na funkci d\u011bkana. Dvo\u0159\u00e1k v\u0161ak ji\u017e v dob\u011b jeho jmenov\u00e1n\u00ed dal jasn\u011b najevo, jak\u00e9 chov\u00e1n\u00ed bude od vedouc\u00edch pracovn\u00edk\u016f V\u0160E po\u017eadovat. <\/p>\n\n\n\n<p>Podle rektora bylo v rozporu s t\u011bmito z\u00e1sadami ji\u017e \u0160ev\u010d\u00edkovo aktivn\u00ed zapojen\u00ed do demonstrac\u00ed na podzim 2022, kter\u00e9 bylo prov\u00e1zeno nevhodn\u00fdmi v\u00fdroky napadaj\u00edc\u00edmi n\u011bkter\u00e9 ve\u0159ejn\u011b \u010dinn\u00e9 osoby. Dvo\u0159\u00e1k sv\u00e9 stanovisko sd\u011blil jak formou tiskov\u00fdch zpr\u00e1v, tak opakovan\u011b a d\u016frazn\u011b i p\u0159\u00edmo d\u011bkanovi. Rektor tak\u00e9 po\u017e\u00e1dal o svol\u00e1n\u00ed mimo\u0159\u00e1dn\u00e9ho zased\u00e1n\u00ed AS NF, kde s t\u00edmto stanoviskem sezn\u00e1mil i \u010dleny akademick\u00e9ho\u00a0sen\u00e1tu fakulty. Od akademick\u00e9ho sen\u00e1tu NF a pana docenta \u0160ev\u010d\u00edka byl uji\u0161t\u011bn, \u017ee nebude muset takovou situaci znovu \u0159e\u0161it.<\/p>\n\n\n\n<p>\u0160ev\u010d\u00edkova \u00fa\u010dast na sobotn\u00ed demonstraci podle rektora uk\u00e1zala, \u017ee si d\u011bkan negativn\u00ed dopad t\u011bchto aktivit na V\u0160E nep\u0159ipou\u0161t\u00ed a bez ohledu na opakovan\u00e1 upozorn\u011bn\u00ed v nich pokra\u010duje. <\/p>\n\n\n\n<p>S\u00e1m rektor dle sv\u00e9ho vyj\u00e1d\u0159en\u00ed nechce doc. \u0160ev\u010d\u00edkovi up\u00edrat pr\u00e1vo na shroma\u017e\u010fov\u00e1n\u00ed a vyjad\u0159ov\u00e1n\u00ed. D\u011bkan v\u0161ak mus\u00ed p\u0159i sv\u00fdch ve\u0159ejn\u00fdch vystoupen\u00edch zva\u017eovat, jak\u00fd mohou m\u00edt dopad na samotnou Vysokou \u0161kolu ekonomickou. V tomto p\u0159\u00edpad\u011b je jasn\u00e9, \u017ee n\u011bkter\u00e9 jeho aktivity po celou dobu \u0160ev\u010d\u00edkova p\u016fsoben\u00ed ve funkci vzbuzuj\u00ed opr\u00e1vn\u011bn\u011b negativn\u00ed reakce uvnit\u0159 akademick\u00e9 obce V\u0160E, mezi absolventy \u0161koly i v \u0159ad\u00e1ch odborn\u00e9 ve\u0159ejnosti. T\u00edm jsou objektivn\u011b po\u0161kozov\u00e1ny z\u00e1jmy V\u0160E. Nic na tom nem\u016f\u017ee zm\u011bnit fakt, \u017ee tato jeho vystoupen\u00ed maj\u00ed pozitivn\u00ed ohlas mezi \u010d\u00e1sti ve\u0159ejnosti, jej\u00ed\u017e postoje rektor respektuje.<\/p>\n\n\n\n<p>Rektor Dvo\u0159\u00e1k je p\u0159esv\u011bd\u010den, \u017ee ji\u017e vy\u010derpal v\u0161echny mo\u017enosti, kter\u00fdmi se sna\u017eil p\u0159im\u011bt d\u011bkana k tomu, aby nepo\u0161kozoval z\u00e1jmy \u0161koly. Nyn\u00ed nevid\u00ed dal\u0161\u00ed mo\u017enosti, jak by mohl zamezit po\u0161kozov\u00e1n\u00ed z\u00e1jm\u016f V\u0160E, a proto se rozhodl vyzvat d\u011bkana k\u00a0rezignaci.\u00a0Rektor dne\u0161ek svolal veden\u00ed V\u0160E.<\/p>\n\n\n\n<p>Zdroj: <a href=\"https:\/\/www.vse.cz\/tiskove-zpravy\/\">V\u0160E<\/a><\/p>\n","protected":false},"excerpt":{"rendered":"<p>Rektor Vysok\u00e9 \u0161koly ekonomick\u00e9 Petr Dvo\u0159\u00e1k se v\u010dera osobn\u011b setkal s d\u011bkanem N\u00e1rodohospod\u00e1\u0159sk\u00e9 fakulty doc. Miroslavem \u0160ev\u010d\u00edkem. Objasnil mu, v \u010dem podle n\u011bj d\u011bkan dlouhodob\u011b po\u0161kozuje z\u00e1jem V\u0160E a vyzval ho, aby v z\u00e1jmu \u0161koly na funkci d\u011bkana rezignoval. \u0160ev\u010d\u00edk se p\u0159i sobotn\u00ed demonstraci na V\u00e1clavsk\u00e9m n\u00e1m\u011bst\u00ed dostal do hlou\u010dku lid\u00ed, kte\u0159\u00ed se pokusili n\u00e1siln\u011b [&hellip;]<\/p>\n","protected":false},"author":24,"featured_media":9637,"comment_status":"open","ping_status":"open","sticky":false,"template":"","format":"standard","meta":{"inline_featured_image":false,"_breakdance_hide_in_design_set":false,"_breakdance_tags":"","footnotes":""},"categories":[28,38],"tags":[],"class_list":["post-9636","post","type-post","status-publish","format-standard","has-post-thumbnail","hentry","category-aktualne-ze-skolstvi","category-vysoke-skoly"],"acf":[],"_links":{"self":[{"href":"https:\/\/prahaskolska.200.solutions\/index.php?rest_route=\/wp\/v2\/posts\/9636","targetHints":{"allow":["GET"]}}],"collection":[{"href":"https:\/\/prahaskolska.200.solutions\/index.php?rest_route=\/wp\/v2\/posts"}],"about":[{"href":"https:\/\/prahaskolska.200.solutions\/index.php?rest_route=\/wp\/v2\/types\/post"}],"author":[{"embeddable":true,"href":"https:\/\/prahaskolska.200.solutions\/index.php?rest_route=\/wp\/v2\/users\/24"}],"replies":[{"embeddable":true,"href":"https:\/\/prahaskolska.200.solutions\/index.php?rest_route=%2Fwp%2Fv2%2Fcomments&post=9636"}],"version-history":[{"count":1,"href":"https:\/\/prahaskolska.200.solutions\/index.php?rest_route=\/wp\/v2\/posts\/9636\/revisions"}],"predecessor-version":[{"id":9638,"href":"https:\/\/prahaskolska.200.solutions\/index.php?rest_route=\/wp\/v2\/posts\/9636\/revisions\/9638"}],"wp:featuredmedia":[{"embeddable":true,"href":"https:\/\/prahaskolska.200.solutions\/index.php?rest_route=\/wp\/v2\/media\/9637"}],"wp:attachment":[{"href":"https:\/\/prahaskolska.200.solutions\/index.php?rest_route=%2Fwp%2Fv2%2Fmedia&parent=9636"}],"wp:term":[{"taxonomy":"category","embeddable":true,"href":"https:\/\/prahaskolska.200.solutions\/index.php?rest_route=%2Fwp%2Fv2%2Fcategories&post=9636"},{"taxonomy":"post_tag","embeddable":true,"href":"https:\/\/prahaskolska.200.solutions\/index.php?rest_route=%2Fwp%2Fv2%2Ftags&post=9636"}],"curies":[{"name":"wp","href":"https:\/\/api.w.org\/{rel}","templated":true}]}}