{"id":9549,"date":"2023-03-13T09:26:00","date_gmt":"2023-03-13T08:26:00","guid":{"rendered":"https:\/\/prahaskolska.200.solutions\/?p=9549"},"modified":"2023-03-12T20:45:22","modified_gmt":"2023-03-12T19:45:22","slug":"jeden-svet-na-skolach","status":"publish","type":"post","link":"https:\/\/prahaskolska.200.solutions\/?p=9549","title":{"rendered":"Jeden sv\u011bt na \u0161kol\u00e1ch"},"content":{"rendered":"\n<p><strong>Festival dokument\u00e1rn\u00edch film\u016f Jeden sv\u011bt, kter\u00fd po\u0159\u00e1d\u00e1 organizace \u010clov\u011bk v t\u00edsni, nab\u00eddne i letos projekce uzp\u016fsoben\u00e9 pro \u0161koln\u00ed a studentsk\u00e9 publikum. Klasick\u00e1 verze festivalu zab\u00fdvaj\u00edc\u00edho se t\u00e9matem lidsk\u00fdch pr\u00e1v bude prob\u00edhat ve dnech 22.-30. b\u0159ezna, ji\u017e o dva dny d\u0159\u00edve odstartuje v Praze jeho \u0161koln\u00ed \u010d\u00e1st. V regionech pot\u00e9 bude festival prob\u00edhat v rozli\u010dn\u00fdch term\u00ednech v pr\u016fb\u011bhu jara.<\/strong><\/p>\n\n\n\n<p>Zvolen\u00fdm t\u00e9matem pro leto\u0161n\u00ed ro\u010dn\u00edk, kter\u00e9 se bude objevovat v projekc\u00edch i n\u00e1sledn\u00fdch diskus\u00edch, je \u201eCena bezpe\u010d\u00ed\u201c. Mimo jin\u00e9 v souvislosti s turbulentn\u00edmi ud\u00e1lostmi uplynul\u00fdch let je c\u00edlem festivalu reflektovat, jakou cenu vlastn\u011b plat\u00edme za pocit bezpe\u010d\u00ed a zamyslet se nad t\u00edm, co tento pojem pro ka\u017ed\u00e9ho znamen\u00e1 a co je kdo za n\u011bj ochoten d\u00e1t. Organiz\u00e1to\u0159i vybrali pro \u017e\u00e1ky a studenty celkem p\u011bt filmov\u00fdch sn\u00edmk\u016f, kter\u00e9 spole\u010dn\u011b se sv\u00fdmi pedagogy mohou shl\u00e9dnout a z\u00e1\u017eitek pot\u00e9 ve v\u00fduce diskutovat. Zapojen\u00ed student\u016f prob\u00edh\u00e1 tak\u00e9 p\u0159ed\u00e1n\u00edm hlasu vybran\u00fdm studentsk\u00fdm porotc\u016fm z \u0159ad st\u0159edo\u0161kol\u00e1k\u016f, kte\u0159\u00ed budou zhl\u00e9dnut\u00e9 filmy z t\u00e9to kategorie hodnotit a vyb\u00edrat nejlep\u0161\u00ed sn\u00edmek.<\/p>\n\n\n\n<p>Na ve\u010dern\u00edch projekc\u00edch pro ve\u0159ejnost bude v kinech prom\u00edt\u00e1no dal\u0161\u00ed mno\u017estv\u00ed sn\u00edmk\u016f z r\u016fzn\u00fdch kout\u016f sv\u011bta. Sn\u00edmky nahl\u00ed\u017eej\u00ed na stanoven\u00e9 t\u00e9ma z \u00fahl\u016f politick\u00fdch, sociologick\u00fdch, ekologick\u00fdch i psychologick\u00fdch. Publikum se m\u016f\u017ee t\u011b\u0161it tak\u00e9 na n\u00e1sledn\u00e9 besedy se zaj\u00edmav\u00fdmi hosty. Doprovodn\u00fdm programem jsou rovn\u011b\u017e sn\u00edmky ve VR realit\u011b.<\/p>\n\n\n\n<p>Program Jeden sv\u011bt na \u0161kol\u00e1ch vedle po\u0159\u00e1d\u00e1n\u00ed festivalu nab\u00edz\u00ed tak\u00e9 dal\u0161\u00ed projekty zam\u011b\u0159uj\u00edc\u00ed se na aktivizaci a vzd\u011bl\u00e1v\u00e1n\u00ed mlad\u00fdch ke kritick\u00e9mu my\u0161len\u00ed a orientaci v sou\u010dasn\u00e9m sv\u011bt\u011b. Internetov\u00fd port\u00e1l nab\u00edz\u00ed pro vyu\u010duj\u00edc\u00ed p\u0159ipraven\u00e9 lekce a materi\u00e1ly t\u00fdkaj\u00edc\u00ed se jmenovan\u00fdch t\u00e9mat. Mezi dal\u0161\u00ed d\u00edl\u010d\u00ed projekty, kter\u00e9 skrze program JSNS \u010clov\u011bk v t\u00edsni zprost\u0159edkov\u00e1v\u00e1, pat\u0159\u00ed nap\u0159\u00edklad P\u0159\u00edb\u011bhy bezpr\u00e1v\u00ed, jejich\u017e c\u00edlem je sezn\u00e1mit studenty s \u010deskoslovensk\u00fdmi modern\u00edmi d\u011bjinami. D\u00e1le m\u016f\u017eeme jmenovat ud\u011blov\u00e1n\u00ed ceny Gratias Tibi, kter\u00e1 oce\u0148uje aktivn\u00ed mlad\u00e9 lidi, podporu filmov\u00fdch klub\u016f nebo realizace studentsk\u00fdch voleb na st\u0159edn\u00edch \u0161kol\u00e1ch.<\/p>\n\n\n\n<p><sup>Obr\u00e1zek je pouze ilustra\u010dn\u00edho charakteru.<\/sup><\/p>\n","protected":false},"excerpt":{"rendered":"<p>Festival dokument\u00e1rn\u00edch film\u016f Jeden sv\u011bt, kter\u00fd po\u0159\u00e1d\u00e1 organizace \u010clov\u011bk v t\u00edsni, nab\u00eddne i letos projekce uzp\u016fsoben\u00e9 pro \u0161koln\u00ed a studentsk\u00e9 publikum. Klasick\u00e1 verze festivalu zab\u00fdvaj\u00edc\u00edho se t\u00e9matem lidsk\u00fdch pr\u00e1v bude prob\u00edhat ve dnech 22.-30. b\u0159ezna, ji\u017e o dva dny d\u0159\u00edve odstartuje v Praze jeho \u0161koln\u00ed \u010d\u00e1st. V regionech pot\u00e9 bude festival prob\u00edhat v rozli\u010dn\u00fdch term\u00ednech [&hellip;]<\/p>\n","protected":false},"author":33,"featured_media":8010,"comment_status":"open","ping_status":"open","sticky":false,"template":"","format":"standard","meta":{"inline_featured_image":false,"_breakdance_hide_in_design_set":false,"_breakdance_tags":"","footnotes":""},"categories":[42,43,41],"tags":[],"class_list":["post-9549","post","type-post","status-publish","format-standard","has-post-thumbnail","hentry","category-pro-pedagogy","category-pro-studenty","category-pro-verejnost"],"acf":[],"_links":{"self":[{"href":"https:\/\/prahaskolska.200.solutions\/index.php?rest_route=\/wp\/v2\/posts\/9549","targetHints":{"allow":["GET"]}}],"collection":[{"href":"https:\/\/prahaskolska.200.solutions\/index.php?rest_route=\/wp\/v2\/posts"}],"about":[{"href":"https:\/\/prahaskolska.200.solutions\/index.php?rest_route=\/wp\/v2\/types\/post"}],"author":[{"embeddable":true,"href":"https:\/\/prahaskolska.200.solutions\/index.php?rest_route=\/wp\/v2\/users\/33"}],"replies":[{"embeddable":true,"href":"https:\/\/prahaskolska.200.solutions\/index.php?rest_route=%2Fwp%2Fv2%2Fcomments&post=9549"}],"version-history":[{"count":2,"href":"https:\/\/prahaskolska.200.solutions\/index.php?rest_route=\/wp\/v2\/posts\/9549\/revisions"}],"predecessor-version":[{"id":9556,"href":"https:\/\/prahaskolska.200.solutions\/index.php?rest_route=\/wp\/v2\/posts\/9549\/revisions\/9556"}],"wp:featuredmedia":[{"embeddable":true,"href":"https:\/\/prahaskolska.200.solutions\/index.php?rest_route=\/wp\/v2\/media\/8010"}],"wp:attachment":[{"href":"https:\/\/prahaskolska.200.solutions\/index.php?rest_route=%2Fwp%2Fv2%2Fmedia&parent=9549"}],"wp:term":[{"taxonomy":"category","embeddable":true,"href":"https:\/\/prahaskolska.200.solutions\/index.php?rest_route=%2Fwp%2Fv2%2Fcategories&post=9549"},{"taxonomy":"post_tag","embeddable":true,"href":"https:\/\/prahaskolska.200.solutions\/index.php?rest_route=%2Fwp%2Fv2%2Ftags&post=9549"}],"curies":[{"name":"wp","href":"https:\/\/api.w.org\/{rel}","templated":true}]}}