{"id":9542,"date":"2023-03-13T09:03:00","date_gmt":"2023-03-13T08:03:00","guid":{"rendered":"https:\/\/prahaskolska.200.solutions\/?p=9542"},"modified":"2023-05-02T16:47:52","modified_gmt":"2023-05-02T14:47:52","slug":"vyzkum-telesne-zdatnosti-ve-skolach-srovnani-po-100-letech","status":"publish","type":"post","link":"https:\/\/prahaskolska.200.solutions\/?p=9542","title":{"rendered":"V\u00fdzkum t\u011blesn\u00e9 zdatnosti ve \u0161kol\u00e1ch: Srovn\u00e1n\u00ed po 100 letech"},"content":{"rendered":"\n<p><strong>Na \u0161kol\u00e1ch za\u010dne v\u00fdzkum t\u011blesn\u00e9 zdatnosti, kter\u00fd po\u0159\u00e1daj\u00ed odborn\u00edci z Katedry t\u011blesn\u00e9 v\u00fdchovy a sportu Technick\u00e9 univerzity v Liberci. V\u00fdzkum se opakuje p\u0159esn\u011b po 100 letech, v roce 1923 ho po\u0159\u00e1dali Emil a Jan Roubalovi v \u010ceskoslovensk\u00fdch \u0161kol\u00e1ch. Tehdy se do v\u00fdzkumu zapojilo skoro 100 \u0161kol.&nbsp;<\/strong><\/p>\n\n\n\n<p>V\u00fdzkum bude prob\u00edhat v pr\u016fb\u011bhu b\u0159ezna a dubna. Za\u010dne na gymn\u00e1ziu v Nymburce a pot\u00e9 bude pokra\u010dovat na dal\u0161\u00edch \u010dtrn\u00e1cti gymn\u00e1zi\u00edch po cel\u00e9 \u010cesk\u00e9 republice. Po\u0159\u00e1d\u00e1 se na stejn\u00fdch \u0161kol\u00e1ch jako tomu bylo p\u0159ed 100 lety. Odborn\u00edci z Katedry t\u011blesn\u00e9 v\u00fdchovy a sportu Technick\u00e9 univerzity v Liberci budou obj\u00ed\u017ed\u011bt jednotliv\u00e9 \u0161koly a zau\u010dovat jejich u\u010ditele tak, aby v\u00fdzkum prob\u00edhal v\u0161ude stejn\u011b. <\/p>\n\n\n\n<p>P\u0159ed 100 lety se d\u011bti prvn\u011b v\u00e1\u017eily a m\u011b\u0159ily, pot\u00e9 byla zkou\u0161ena jejich t\u011blesn\u00e1 zdatnost.&nbsp;V\u0161echny \u00fadaje byly zaznamen\u00e1v\u00e1ny do dobov\u00e9 publikace. V\u00fdzkumn\u00edci z Technick\u00e9 univerzity v Liberci jejich metodiku nyn\u00ed p\u0159evzali.&nbsp;<\/p>\n\n\n\n<p>T\u011blesn\u00e9 testy, kter\u00e9 se budou v roce 2023 prov\u00e1d\u011bt v\u0161ak nebudou odpov\u00eddat test\u016fm, kter\u00e9 se prov\u00e1d\u011bly v roce 1923. D\u016fvodem je fakt, \u017ee n\u011bkter\u00e9 cviky, kter\u00e9 se na \u0161kol\u00e1ch prov\u00e1d\u011bly v roce 1923, nyn\u00ed \u017e\u00e1ci v r\u00e1mci t\u011blesn\u00e9 v\u00fdchovy ned\u011blaj\u00ed. Jedn\u00e1 se nap\u0159\u00edklad o hod o\u0161t\u011bpem. V\u00fdzkumn\u00edci kv\u016fli tomu upravili pl\u00e1n ze \u010dtrn\u00e1cti aktivit pouze na p\u011bt z\u00e1kladn\u00edch. Zkoumat se bude skok do d\u00e1lky, hod m\u00ed\u010dkem, shyby, rychlost b\u011bhu a vytrvalost v n\u011bm.&nbsp;<\/p>\n\n\n\n<p>Vyhodnocen\u00ed by Technick\u00e1 univerzita v Liberci cht\u011bla m\u00edt do konce tohoto roku.\u00a0<\/p>\n","protected":false},"excerpt":{"rendered":"<p>Na \u0161kol\u00e1ch za\u010dne v\u00fdzkum t\u011blesn\u00e9 zdatnosti, kter\u00fd po\u0159\u00e1daj\u00ed odborn\u00edci z Katedry t\u011blesn\u00e9 v\u00fdchovy a sportu Technick\u00e9 univerzity v Liberci. V\u00fdzkum se opakuje p\u0159esn\u011b po 100 letech, v roce 1923 ho po\u0159\u00e1dali Emil a Jan Roubalovi v \u010ceskoslovensk\u00fdch \u0161kol\u00e1ch. Tehdy se do v\u00fdzkumu zapojilo skoro 100 \u0161kol.&nbsp; V\u00fdzkum bude prob\u00edhat v pr\u016fb\u011bhu b\u0159ezna a dubna. Za\u010dne [&hellip;]<\/p>\n","protected":false},"author":36,"featured_media":2822,"comment_status":"open","ping_status":"open","sticky":false,"template":"","format":"standard","meta":{"inline_featured_image":false,"_breakdance_hide_in_design_set":false,"_breakdance_tags":"","footnotes":""},"categories":[28,142,141],"tags":[],"class_list":["post-9542","post","type-post","status-publish","format-standard","has-post-thumbnail","hentry","category-aktualne-ze-skolstvi","category-stredni-skoly-mhmp","category-zapojene-skoly"],"acf":[],"_links":{"self":[{"href":"https:\/\/prahaskolska.200.solutions\/index.php?rest_route=\/wp\/v2\/posts\/9542","targetHints":{"allow":["GET"]}}],"collection":[{"href":"https:\/\/prahaskolska.200.solutions\/index.php?rest_route=\/wp\/v2\/posts"}],"about":[{"href":"https:\/\/prahaskolska.200.solutions\/index.php?rest_route=\/wp\/v2\/types\/post"}],"author":[{"embeddable":true,"href":"https:\/\/prahaskolska.200.solutions\/index.php?rest_route=\/wp\/v2\/users\/36"}],"replies":[{"embeddable":true,"href":"https:\/\/prahaskolska.200.solutions\/index.php?rest_route=%2Fwp%2Fv2%2Fcomments&post=9542"}],"version-history":[{"count":7,"href":"https:\/\/prahaskolska.200.solutions\/index.php?rest_route=\/wp\/v2\/posts\/9542\/revisions"}],"predecessor-version":[{"id":10530,"href":"https:\/\/prahaskolska.200.solutions\/index.php?rest_route=\/wp\/v2\/posts\/9542\/revisions\/10530"}],"wp:featuredmedia":[{"embeddable":true,"href":"https:\/\/prahaskolska.200.solutions\/index.php?rest_route=\/wp\/v2\/media\/2822"}],"wp:attachment":[{"href":"https:\/\/prahaskolska.200.solutions\/index.php?rest_route=%2Fwp%2Fv2%2Fmedia&parent=9542"}],"wp:term":[{"taxonomy":"category","embeddable":true,"href":"https:\/\/prahaskolska.200.solutions\/index.php?rest_route=%2Fwp%2Fv2%2Fcategories&post=9542"},{"taxonomy":"post_tag","embeddable":true,"href":"https:\/\/prahaskolska.200.solutions\/index.php?rest_route=%2Fwp%2Fv2%2Ftags&post=9542"}],"curies":[{"name":"wp","href":"https:\/\/api.w.org\/{rel}","templated":true}]}}