{"id":9527,"date":"2023-03-11T12:00:00","date_gmt":"2023-03-11T11:00:00","guid":{"rendered":"https:\/\/prahaskolska.200.solutions\/?p=9527"},"modified":"2023-03-11T19:33:01","modified_gmt":"2023-03-11T18:33:01","slug":"poslanci-zvazuji-konec-devatych-rocniku-a-povinnou-dochazku-na-stredni-skoly","status":"publish","type":"post","link":"https:\/\/prahaskolska.200.solutions\/?p=9527","title":{"rendered":"<strong>Poslanci zva\u017euj\u00ed konec dev\u00e1t\u00fdch ro\u010dn\u00edk\u016f a povinnou doch\u00e1zku na st\u0159edn\u00ed \u0161koly<\/strong>"},"content":{"rendered":"\n<p><strong>Poslankyn\u011b za ODS, Ren\u00e1ta Zaj\u00ed\u010dkov\u00e1, navrhla zru\u0161en\u00ed dev\u00e1t\u00fdch ro\u010dn\u00edk\u016f z\u00e1kladn\u00edch \u0161kol a povinnou dvouletou doch\u00e1zku na st\u0159edn\u00ed \u0161koly. Jej\u00ed n\u00e1vrh podpo\u0159ilo n\u011bkolik dal\u0161\u00edch koali\u010dn\u00edch poslanc\u016f a z\u00e1sadn\u011b proti nen\u00ed ani ministr \u0161kolstv\u00ed Vladim\u00edr Bala\u0161. \u0160kolsk\u00e9 asociace jsou proti. <\/strong><\/p>\n\n\n\n<p><em>&#8222;Trendem \u00fasp\u011b\u0161n\u00fdch vzd\u011bl\u00e1vac\u00edch syst\u00e9m\u016f ve sv\u011bt\u011b je modularita a prodlu\u017eov\u00e1n\u00ed \u0161koln\u00ed doch\u00e1zky. I u n\u00e1s se nab\u00edz\u00ed ot\u00e1zka, jak doch\u00e1zku vhodn\u011b prodlou\u017eit. Zat\u00edm se jako vhodn\u011bj\u0161\u00ed jev\u00ed na z\u00e1kladn\u00ed \u0161kole absolvovat povinn\u00fdch osm let a pot\u00e9 dal\u0161\u00ed dva roky studia na st\u0159edn\u00ed \u0161kole s d\u016frazem v\u00edce na obecn\u011bj\u0161\u00ed znalosti,&#8220;<\/em> uvedla na&nbsp;<a href=\"https:\/\/twitter.com\/RenataZajickova\/status\/1633431652876668929\">twitteru&nbsp;<\/a>Ren\u00e1ta Zaj\u00ed\u010dkov\u00e1, je\u017e je sou\u010d\u00e1st\u00ed poslaneck\u00e9ho \u0161kolsk\u00e9ho v\u00fdboru a p\u0159edsedkyn\u00ed podv\u00fdboru pro region\u00e1ln\u00ed \u0161kolstv\u00ed a celo\u017eivotn\u00ed u\u010den\u00ed.<\/p>\n\n\n\n<p>Podle n\u00ed je to jeden z bod\u016f v bal\u00ed\u010dku opat\u0159en\u00ed, kter\u00e9 by \u0161kolsk\u00fd v\u00fdbor r\u00e1d p\u0159edstavil. Podle n\u00ed by bylo lep\u0161\u00ed zv\u00fd\u0161it celkovou dobu povinn\u00e9 \u0161koln\u00ed doch\u00e1zky, ale zru\u0161it dev\u00e1t\u00fd ro\u010dn\u00edk. R\u00e1da by se tak inspirovala vysp\u011bl\u00fdmi vzd\u011bl\u00e1vac\u00edmi syst\u00e9my v Evrop\u011b, ve kter\u00fdch je zpravidla povinn\u00e1 doch\u00e1zka del\u0161\u00ed ne\u017e u n\u00e1s. P\u0159\u00edkladem je nap\u0159\u00edklad Finsko, jeho\u017e vzd\u011bl\u00e1vac\u00ed syst\u00e9m je pova\u017eov\u00e1n za nejlep\u0161\u00ed na sv\u011bt\u011b. Tam maj\u00ed dvan\u00e1ctiletou povinnou \u0161koln\u00ed doch\u00e1zku. <\/p>\n\n\n\n<p>Z\u00e1sadn\u011b proti n\u00e1vrhu nen\u00ed ani ministr \u0161kolstv\u00ed \u010di p\u0159edseda vl\u00e1dy. Podle Bala\u0161e se jedn\u00e1 o legitimn\u00ed n\u00e1vrh, kter\u00fd by se m\u011bl diskutovat. Ale nejd\u0159\u00edve by se podle n\u011bj m\u011blo vy\u0159e\u0161it mnoho dal\u0161\u00edch probl\u00e9m\u016f \u010desk\u00e9ho \u0161kolstv\u00ed. Petr Fiala pak podotkl, \u017ee z\u00e1sadn\u00ed zm\u011bny, kter\u00e9 povedou ke zv\u00fd\u0161en\u00ed kvality \u0161kolstv\u00ed jsou naprosto nezbytn\u011b a poslanci z odborn\u00fdch t\u00fdm\u016f u\u017e na nich pracuj\u00ed. <\/p>\n\n\n\n<p><em>\u201eTu my\u0161lenku nevylu\u010duji, ale mysl\u00edm si, \u017ee to je \u0161patn\u011b na\u010dasov\u00e1no. Revize vzd\u011bl\u00e1vac\u00edho programu fini\u0161uje a&nbsp;po\u010d\u00edt\u00e1 se s&nbsp;dev\u00e1tou t\u0159\u00eddou,\u201c<\/em> sd\u011blila poslankyn\u011b Jana Berkovcov\u00e1, je\u017e je tak\u00e9 \u010dlenkou \u0161kolsk\u00e9ho v\u00fdboru. Z\u00e1sadn\u011b proti je v\u0161ak n\u011bkolik \u0161kolsk\u00fdch asociac\u00ed a organizac\u00ed. P\u0159edseda Unie \u0161kolsk\u00fdch asociac\u00ed \u010cR CZESHA Ji\u0159\u00ed Zaj\u00ed\u010dek \u0159ek pro \u010cTK, \u017ee zru\u0161en\u00ed dev\u00e1t\u00fdch t\u0159\u00edd by vedlo ke sn\u00ed\u017een\u00ed objemu u\u010diva na z\u00e1kladn\u00edch \u0161kol\u00e1ch. Podle n\u011bj se dev\u011bt let z\u00e1kladn\u00ed \u0161koly ji\u017e osv\u011bd\u010dilo a nen\u00ed pot\u0159eba to nijak m\u011bnit. <\/p>\n\n\n\n<p>Zru\u0161en\u00ed dev\u00e1t\u00fdch t\u0159\u00edd ani prodlou\u017een\u00ed povinn\u00e9 \u0161koln\u00ed doch\u00e1zky v\u0161ak nejsou jedin\u00fdmi zm\u011bnami, kter\u00e9 Zaj\u00ed\u010dkov\u00e1 pl\u00e1nuje navrhnout. Podle n\u00ed je tak\u00e9 t\u0159eba zredukovat obory vyu\u010dovan\u00e9 na st\u0159edn\u00edch \u0161kol\u00e1ch a jednotliv\u00e9 insittuce by se m\u011bly zejm\u00e9na v prvn\u00edm ro\u010dn\u00edku v\u00edce zam\u011b\u0159it na v\u0161eobecn\u00e9 vzd\u011bl\u00e1v\u00e1n\u00ed. Ve druh\u00e9m ro\u010dn\u00edku u\u017e by se ka\u017ed\u00fd \u017e\u00e1k mohl v\u00edce specializovat. <em>\u201eBudou se muset vytvo\u0159it podm\u00ednky, aby d\u00edt\u011b m\u011blo je\u0161t\u011b prostor dozr\u00e1t, v\u00edce se vyprofilovat. A&nbsp;kdy\u017e se uk\u00e1\u017ee, \u017ee prvn\u00ed sm\u011br nen\u00ed ide\u00e1ln\u00ed, aby ho mohlo zm\u011bnit,&#8220;<\/em> dodala Zaj\u00ed\u010dkov\u00e1. <\/p>\n\n\n\n<p><\/p>\n","protected":false},"excerpt":{"rendered":"<p>Poslankyn\u011b za ODS, Ren\u00e1ta Zaj\u00ed\u010dkov\u00e1, navrhla zru\u0161en\u00ed dev\u00e1t\u00fdch ro\u010dn\u00edk\u016f z\u00e1kladn\u00edch \u0161kol a povinnou dvouletou doch\u00e1zku na st\u0159edn\u00ed \u0161koly. Jej\u00ed n\u00e1vrh podpo\u0159ilo n\u011bkolik dal\u0161\u00edch koali\u010dn\u00edch poslanc\u016f a z\u00e1sadn\u011b proti nen\u00ed ani ministr \u0161kolstv\u00ed Vladim\u00edr Bala\u0161. \u0160kolsk\u00e9 asociace jsou proti. &#8222;Trendem \u00fasp\u011b\u0161n\u00fdch vzd\u011bl\u00e1vac\u00edch syst\u00e9m\u016f ve sv\u011bt\u011b je modularita a prodlu\u017eov\u00e1n\u00ed \u0161koln\u00ed doch\u00e1zky. I u n\u00e1s se nab\u00edz\u00ed [&hellip;]<\/p>\n","protected":false},"author":20,"featured_media":9529,"comment_status":"open","ping_status":"open","sticky":false,"template":"","format":"standard","meta":{"inline_featured_image":false,"_breakdance_hide_in_design_set":false,"_breakdance_tags":"","footnotes":""},"categories":[28,27,40],"tags":[],"class_list":["post-9527","post","type-post","status-publish","format-standard","has-post-thumbnail","hentry","category-aktualne-ze-skolstvi","category-budoucnost-skolstvi","category-stredni-skoly"],"acf":[],"_links":{"self":[{"href":"https:\/\/prahaskolska.200.solutions\/index.php?rest_route=\/wp\/v2\/posts\/9527","targetHints":{"allow":["GET"]}}],"collection":[{"href":"https:\/\/prahaskolska.200.solutions\/index.php?rest_route=\/wp\/v2\/posts"}],"about":[{"href":"https:\/\/prahaskolska.200.solutions\/index.php?rest_route=\/wp\/v2\/types\/post"}],"author":[{"embeddable":true,"href":"https:\/\/prahaskolska.200.solutions\/index.php?rest_route=\/wp\/v2\/users\/20"}],"replies":[{"embeddable":true,"href":"https:\/\/prahaskolska.200.solutions\/index.php?rest_route=%2Fwp%2Fv2%2Fcomments&post=9527"}],"version-history":[{"count":3,"href":"https:\/\/prahaskolska.200.solutions\/index.php?rest_route=\/wp\/v2\/posts\/9527\/revisions"}],"predecessor-version":[{"id":9540,"href":"https:\/\/prahaskolska.200.solutions\/index.php?rest_route=\/wp\/v2\/posts\/9527\/revisions\/9540"}],"wp:featuredmedia":[{"embeddable":true,"href":"https:\/\/prahaskolska.200.solutions\/index.php?rest_route=\/wp\/v2\/media\/9529"}],"wp:attachment":[{"href":"https:\/\/prahaskolska.200.solutions\/index.php?rest_route=%2Fwp%2Fv2%2Fmedia&parent=9527"}],"wp:term":[{"taxonomy":"category","embeddable":true,"href":"https:\/\/prahaskolska.200.solutions\/index.php?rest_route=%2Fwp%2Fv2%2Fcategories&post=9527"},{"taxonomy":"post_tag","embeddable":true,"href":"https:\/\/prahaskolska.200.solutions\/index.php?rest_route=%2Fwp%2Fv2%2Ftags&post=9527"}],"curies":[{"name":"wp","href":"https:\/\/api.w.org\/{rel}","templated":true}]}}