{"id":9434,"date":"2023-03-09T09:02:00","date_gmt":"2023-03-09T08:02:00","guid":{"rendered":"https:\/\/prahaskolska.200.solutions\/?p=9434"},"modified":"2023-03-08T14:55:30","modified_gmt":"2023-03-08T13:55:30","slug":"skoly-letos-opet-vyvesi-tibetskou-vlajku","status":"publish","type":"post","link":"https:\/\/prahaskolska.200.solutions\/?p=9434","title":{"rendered":"\u0160koly letos op\u011bt vyv\u011bs\u00ed tibetskou vlajku"},"content":{"rendered":"\n<p><strong>Vlajka pro Tibet je mezin\u00e1rodn\u00ed kampa\u0148 konan\u00e1 ka\u017ed\u00fd rok 10. b\u0159ezna. Toto datum p\u0159ipom\u00edn\u00e1 v\u00fdro\u010d\u00ed Tibetsk\u00e9ho n\u00e1rodn\u00edho povst\u00e1n\u00ed proti \u00fatlaku \u010d\u00ednsk\u00e9ho re\u017eimu. Tibetskou vlajku tak m\u016f\u017eete k&nbsp;tomuto datu vid\u011bt na r\u016fzn\u00fdch instituc\u00edch jako jsou radnice, \u00fa\u0159ady nebo i \u0161koly.<\/strong><\/p>\n\n\n\n<p>Letos se do kampan\u011b zapoj\u00ed v\u00edce ne\u017e 100 \u0161kol v&nbsp;\u010cesk\u00e9 republice. Nap\u0159\u00ed\u010d regiony vyv\u011bs\u00ed vlajku z\u00e1kladn\u00ed \u0161koly, st\u0159edn\u00ed odborn\u00e9 u\u010dili\u0161t\u011b, st\u0159edn\u00ed \u0161koly i univerzity. Rozhodli se tak symbolicky vyj\u00e1d\u0159it solidaritu s&nbsp;Tibe\u0165any a vyj\u00e1d\u0159it odpor v\u016f\u010di jejich \u00fatlaku.<\/p>\n\n\n\n<p>Kampa\u0148 v&nbsp;\u010cesku ji\u017e tradi\u010dn\u011b koordinuje spolek Lungta. Po\u0159\u00e1d\u00e1 se od roku 1996, kdy se zapojily prvn\u00ed 4 radnice. V&nbsp;roce 2009 se pak p\u0159ipojilo i prvn\u00edch 31 \u0161kol. Letos je zat\u00edm nahl\u00e1\u0161ena \u00fa\u010dast 107 \u0161kol a 826 radnic, z&nbsp;nich\u017e 27 vyv\u011b\u0161uje vlajku Tibetu poprv\u00e9 v&nbsp;historii.<\/p>\n\n\n\n<p>Vyj\u00e1d\u0159it podporu se d\u00e1 v\u0161ak i jinak ne\u017e jen symbolicky. Nap\u0159\u00edklad Z\u00e1kladn\u00ed \u0161kola Hrob p\u0159istupuje k&nbsp;podpo\u0159e Tibe\u0165an\u016f aktivn\u011b. \u201e<em>Mal\u00fdm finan\u010dn\u00edm p\u0159\u00edsp\u011bvkem podporujeme nap\u0159. \u0161koln\u00ed v\u00fduku pro t\u00e9m\u011b\u0159 160 d\u011bt\u00ed ve v\u011bku 6\u201316 let. \u0160kola je zde rozd\u011blena do n\u011bkolika t\u0159\u00edd, dle v\u011bku a \u00farovn\u011b vzd\u011bl\u00e1n\u00ed. Spole\u010dn\u011b se u\u010d\u00ed v mal\u00fdch, snadno sestaviteln\u00fdch d\u0159ev\u011bn\u00fdch domc\u00edch s plastovou st\u0159echou a mal\u00fdmi kamny uvnit\u0159. D\u011bti maj\u00ed k dispozici psac\u00ed pot\u0159eby, u\u010debnice i se\u0161ity, j\u00eddlo a tepl\u00fd \u010daj. Zv\u00fd\u0161en\u00ed gramotnosti toti\u017e roz\u0161i\u0159uje \u017eivotn\u00ed mo\u017enosti a je prevenc\u00ed p\u0159ed chudobou<\/em>,\u201c p\u00ed\u0161e na str\u00e1nk\u00e1ch \u0161koly u\u010ditelka Yvetta Kadlecov\u00e1.<\/p>\n","protected":false},"excerpt":{"rendered":"<p>Vlajka pro Tibet je mezin\u00e1rodn\u00ed kampa\u0148 konan\u00e1 ka\u017ed\u00fd rok 10. b\u0159ezna. Toto datum p\u0159ipom\u00edn\u00e1 v\u00fdro\u010d\u00ed Tibetsk\u00e9ho n\u00e1rodn\u00edho povst\u00e1n\u00ed proti \u00fatlaku \u010d\u00ednsk\u00e9ho re\u017eimu. Tibetskou vlajku tak m\u016f\u017eete k&nbsp;tomuto datu vid\u011bt na r\u016fzn\u00fdch instituc\u00edch jako jsou radnice, \u00fa\u0159ady nebo i \u0161koly. Letos se do kampan\u011b zapoj\u00ed v\u00edce ne\u017e 100 \u0161kol v&nbsp;\u010cesk\u00e9 republice. Nap\u0159\u00ed\u010d regiony vyv\u011bs\u00ed vlajku z\u00e1kladn\u00ed [&hellip;]<\/p>\n","protected":false},"author":32,"featured_media":9435,"comment_status":"open","ping_status":"open","sticky":false,"template":"","format":"standard","meta":{"inline_featured_image":false,"_breakdance_hide_in_design_set":false,"_breakdance_tags":"","footnotes":""},"categories":[299,28,19],"tags":[],"class_list":["post-9434","post","type-post","status-publish","format-standard","has-post-thumbnail","hentry","category-akce-v-praze","category-aktualne-ze-skolstvi","category-skoly-inspiruji"],"acf":[],"_links":{"self":[{"href":"https:\/\/prahaskolska.200.solutions\/index.php?rest_route=\/wp\/v2\/posts\/9434","targetHints":{"allow":["GET"]}}],"collection":[{"href":"https:\/\/prahaskolska.200.solutions\/index.php?rest_route=\/wp\/v2\/posts"}],"about":[{"href":"https:\/\/prahaskolska.200.solutions\/index.php?rest_route=\/wp\/v2\/types\/post"}],"author":[{"embeddable":true,"href":"https:\/\/prahaskolska.200.solutions\/index.php?rest_route=\/wp\/v2\/users\/32"}],"replies":[{"embeddable":true,"href":"https:\/\/prahaskolska.200.solutions\/index.php?rest_route=%2Fwp%2Fv2%2Fcomments&post=9434"}],"version-history":[{"count":4,"href":"https:\/\/prahaskolska.200.solutions\/index.php?rest_route=\/wp\/v2\/posts\/9434\/revisions"}],"predecessor-version":[{"id":9463,"href":"https:\/\/prahaskolska.200.solutions\/index.php?rest_route=\/wp\/v2\/posts\/9434\/revisions\/9463"}],"wp:featuredmedia":[{"embeddable":true,"href":"https:\/\/prahaskolska.200.solutions\/index.php?rest_route=\/wp\/v2\/media\/9435"}],"wp:attachment":[{"href":"https:\/\/prahaskolska.200.solutions\/index.php?rest_route=%2Fwp%2Fv2%2Fmedia&parent=9434"}],"wp:term":[{"taxonomy":"category","embeddable":true,"href":"https:\/\/prahaskolska.200.solutions\/index.php?rest_route=%2Fwp%2Fv2%2Fcategories&post=9434"},{"taxonomy":"post_tag","embeddable":true,"href":"https:\/\/prahaskolska.200.solutions\/index.php?rest_route=%2Fwp%2Fv2%2Ftags&post=9434"}],"curies":[{"name":"wp","href":"https:\/\/api.w.org\/{rel}","templated":true}]}}