{"id":9430,"date":"2023-03-10T09:18:00","date_gmt":"2023-03-10T08:18:00","guid":{"rendered":"https:\/\/prahaskolska.200.solutions\/?p=9430"},"modified":"2023-03-08T14:52:23","modified_gmt":"2023-03-08T13:52:23","slug":"uznavany-politolog-ivan-krastev-promluvil-na-pude-univerzity-karlovy","status":"publish","type":"post","link":"https:\/\/prahaskolska.200.solutions\/?p=9430","title":{"rendered":"Uzn\u00e1van\u00fd politolog Ivan Krastev promluvil na p\u016fd\u011b Univerzity Karlovy"},"content":{"rendered":"\n<p><strong>V \u00fater\u00fd 7. b\u0159ezna 2023 p\u0159iv\u00edtala Univerzita Karlova vz\u00e1cnou n\u00e1v\u0161t\u011bvu. Sv\u011btov\u011b uzn\u00e1van\u00fd politolog Ivan Krastev p\u0159ednesl svoji p\u0159edn\u00e1\u0161ku s n\u00e1zvem <em>Mezin\u00e1rodn\u00ed \u0159\u00e1d jako s\u00ed\u0148 rozbit\u00fdch zrcadel: Vyhl\u00eddka na rozvoj ve sv\u011bt\u011b zni\u010den\u00e9m v\u00e1lkou<\/em>.<\/strong> <strong>Akce se konala pod z\u00e1\u0161titou Ministerstva zahrani\u010dn\u00edch v\u011bc\u00ed \u010cR. Organiz\u00e1torem byla Univerzita Karlova ve spolupr\u00e1ci s Evropskou komis\u00ed a Rozvojov\u00fdm programem OSN (UNDP).<\/strong><\/p>\n\n\n\n<figure class=\"wp-block-gallery has-nested-images columns-default is-cropped wp-block-gallery-1 is-layout-flex wp-block-gallery-is-layout-flex\">\n<figure class=\"wp-block-image size-large\"><img loading=\"lazy\" decoding=\"async\" width=\"1024\" height=\"682\" data-id=\"9441\" src=\"https:\/\/prahaskolska.200.solutions\/wp-content\/uploads\/2023\/03\/VS1_9693-1024x682.jpg\" alt=\"\" class=\"wp-image-9441\" srcset=\"https:\/\/prahaskolska.200.solutions\/wp-content\/uploads\/2023\/03\/VS1_9693-1024x682.jpg 1024w, https:\/\/prahaskolska.200.solutions\/wp-content\/uploads\/2023\/03\/VS1_9693-300x200.jpg 300w, https:\/\/prahaskolska.200.solutions\/wp-content\/uploads\/2023\/03\/VS1_9693-768x511.jpg 768w, https:\/\/prahaskolska.200.solutions\/wp-content\/uploads\/2023\/03\/VS1_9693-1536x1023.jpg 1536w, https:\/\/prahaskolska.200.solutions\/wp-content\/uploads\/2023\/03\/VS1_9693-2048x1363.jpg 2048w\" sizes=\"auto, (max-width: 1024px) 100vw, 1024px\" \/><figcaption class=\"wp-element-caption\">Foto: Vladim\u00edr \u0160igut\/Univerzita Karlova<\/figcaption><\/figure>\n<\/figure>\n\n\n\n<p>Pra\u017esk\u00e1 p\u0159edn\u00e1\u0161ka Ivana Krasteva byla v\u011bnov\u00e1na rozt\u0159\u00ed\u0161t\u011bnosti a polarizaci spole\u010dnosti v mnoha \u010d\u00e1stech sv\u011bta, tedy fenom\u00e9n\u016fm, kter\u00e9 se n\u00e1sledn\u011b p\u0159el\u00e9vaj\u00ed do mezin\u00e1rodn\u00ed politiky. Profesor Krastev vyj\u00e1d\u0159il n\u00e1zor, \u017ee nyn\u00ed budou mezin\u00e1rodn\u00ed politiku jednotliv\u00fdch zem\u00ed ovliv\u0148ovat p\u0159edev\u0161\u00edm kulturn\u00ed v\u00e1lky mezi st\u00e1ty i uvnit\u0159 nich sam\u00fdch. Sou\u010dasn\u00e1 mezin\u00e1rodn\u00ed orientace mezin\u00e1rodn\u00ed politiky dle n\u011bj p\u0159\u00edmo vy\u017eaduje, aby bylo p\u0159eformulov\u00e1no komplexn\u00ed spojen\u00ed mezi dom\u00e1c\u00ed a zahrani\u010dn\u00ed politikou.<\/p>\n\n\n\n<p>Profesor Ivan Krastev je bulharsk\u00fd politolog a politick\u00fd poradce. P\u016fsob\u00ed jako p\u0159edseda instituce Centre for Liberal Strategies, kter\u00e1 s\u00eddl\u00ed v Sofii. Je tak\u00e9 st\u00e1l\u00fdm spolupracovn\u00edkem Institute for Human Sciences ve V\u00eddni, zakl\u00e1daj\u00edc\u00edm \u010dlenem European Council on Foreign Affairs \u010di \u010dlenem spr\u00e1vn\u00ed rady The International Crisis Group. Je tak\u00e9 \u010dlenem p\u0159edstavenstva GLOBSEC, expertn\u00ed skupiny zam\u011b\u0159uj\u00edc\u00ed se na zvy\u0161ov\u00e1n\u00ed bezpe\u010dnosti, prosperity a udr\u017eitelnosti na cel\u00e9m sv\u011bt\u011b s\u00eddl\u00edc\u00ed v Bratislav\u011b. <\/p>\n\n\n\n<figure class=\"wp-block-gallery has-nested-images columns-default is-cropped wp-block-gallery-2 is-layout-flex wp-block-gallery-is-layout-flex\">\n<figure class=\"wp-block-image size-large\"><img loading=\"lazy\" decoding=\"async\" width=\"1024\" height=\"669\" data-id=\"9442\" src=\"https:\/\/prahaskolska.200.solutions\/wp-content\/uploads\/2023\/03\/VS1_9752-1024x669.jpg\" alt=\"\" class=\"wp-image-9442\" srcset=\"https:\/\/prahaskolska.200.solutions\/wp-content\/uploads\/2023\/03\/VS1_9752-1024x669.jpg 1024w, https:\/\/prahaskolska.200.solutions\/wp-content\/uploads\/2023\/03\/VS1_9752-300x196.jpg 300w, https:\/\/prahaskolska.200.solutions\/wp-content\/uploads\/2023\/03\/VS1_9752-768x502.jpg 768w, https:\/\/prahaskolska.200.solutions\/wp-content\/uploads\/2023\/03\/VS1_9752-1536x1004.jpg 1536w, https:\/\/prahaskolska.200.solutions\/wp-content\/uploads\/2023\/03\/VS1_9752-2048x1338.jpg 2048w\" sizes=\"auto, (max-width: 1024px) 100vw, 1024px\" \/><figcaption class=\"wp-element-caption\">Foto: Vladim\u00edr \u0160igut\/Univerzita Karlova<\/figcaption><\/figure>\n<\/figure>\n\n\n\n<p>P\u0159edn\u00e1\u0161ka je sou\u010d\u00e1st\u00ed p\u0159edn\u00e1\u0161kov\u00e9ho cyklu <strong>Kapuscinski Development Lectures<\/strong>, kter\u00fd organizuje Evropsk\u00e1 komise spole\u010dn\u011b s Rozvojov\u00fdm programem OSN, partnersk\u00fdmi univerzitami a rozvojov\u00fdmi think-tanky.<\/p>\n\n\n\n<p>Studentky a studenti z \u010dlensk\u00fdch st\u00e1t\u016f Evropsk\u00e9 unie maj\u00ed d\u00edky programu p\u0159\u00edle\u017eitost z\u00edskat nov\u00e9 zaj\u00edmav\u00e9 informace a diskutovat s p\u0159edn\u00edmi sv\u011btov\u00fdmi mysliteli o rozvojov\u00fdch ot\u00e1zk\u00e1ch, mezi kter\u00e9 pat\u0159\u00ed zm\u011bna klimatu, lidsk\u00e1 pr\u00e1va, \u00fa\u010dinnost pomoci \u010di vztahy mezi Evropou a Afrikou. <\/p>\n\n\n\n<p>Jednotliv\u00e9 p\u0159edn\u00e1\u0161ky p\u0159isp\u00edvaj\u00ed k diskuzi a formulaci evropsk\u00e9 rozvojov\u00e9 politiky. Od roku 2009 prob\u011bhlo ji\u017e v\u00edce ne\u017e 140 p\u0159edn\u00e1\u0161ek s v\u00edce jak 50 000 \u00fa\u010dastn\u00edky. Projekt je financov\u00e1n Evropskou uni\u00ed.<\/p>\n\n\n\n<p>Zdroj: <a href=\"https:\/\/cuni.cz\/UK-12523.html\">Univerzita Karlova<\/a><\/p>\n\n\n\n<p><sup>Zdroj fotografi\u00ed: Vladim\u00edr \u0160igut\/Univerzita Karlova<\/sup><\/p>\n","protected":false},"excerpt":{"rendered":"<p>V \u00fater\u00fd 7. b\u0159ezna 2023 p\u0159iv\u00edtala Univerzita Karlova vz\u00e1cnou n\u00e1v\u0161t\u011bvu. Sv\u011btov\u011b uzn\u00e1van\u00fd politolog Ivan Krastev p\u0159ednesl svoji p\u0159edn\u00e1\u0161ku s n\u00e1zvem Mezin\u00e1rodn\u00ed \u0159\u00e1d jako s\u00ed\u0148 rozbit\u00fdch zrcadel: Vyhl\u00eddka na rozvoj ve sv\u011bt\u011b zni\u010den\u00e9m v\u00e1lkou. Akce se konala pod z\u00e1\u0161titou Ministerstva zahrani\u010dn\u00edch v\u011bc\u00ed \u010cR. Organiz\u00e1torem byla Univerzita Karlova ve spolupr\u00e1ci s Evropskou komis\u00ed a Rozvojov\u00fdm programem OSN [&hellip;]<\/p>\n","protected":false},"author":24,"featured_media":9439,"comment_status":"open","ping_status":"open","sticky":false,"template":"","format":"standard","meta":{"inline_featured_image":false,"_breakdance_hide_in_design_set":false,"_breakdance_tags":"","footnotes":""},"categories":[29,28,43],"tags":[],"class_list":["post-9430","post","type-post","status-publish","format-standard","has-post-thumbnail","hentry","category-akce","category-aktualne-ze-skolstvi","category-pro-studenty"],"acf":[],"_links":{"self":[{"href":"https:\/\/prahaskolska.200.solutions\/index.php?rest_route=\/wp\/v2\/posts\/9430","targetHints":{"allow":["GET"]}}],"collection":[{"href":"https:\/\/prahaskolska.200.solutions\/index.php?rest_route=\/wp\/v2\/posts"}],"about":[{"href":"https:\/\/prahaskolska.200.solutions\/index.php?rest_route=\/wp\/v2\/types\/post"}],"author":[{"embeddable":true,"href":"https:\/\/prahaskolska.200.solutions\/index.php?rest_route=\/wp\/v2\/users\/24"}],"replies":[{"embeddable":true,"href":"https:\/\/prahaskolska.200.solutions\/index.php?rest_route=%2Fwp%2Fv2%2Fcomments&post=9430"}],"version-history":[{"count":3,"href":"https:\/\/prahaskolska.200.solutions\/index.php?rest_route=\/wp\/v2\/posts\/9430\/revisions"}],"predecessor-version":[{"id":9445,"href":"https:\/\/prahaskolska.200.solutions\/index.php?rest_route=\/wp\/v2\/posts\/9430\/revisions\/9445"}],"wp:featuredmedia":[{"embeddable":true,"href":"https:\/\/prahaskolska.200.solutions\/index.php?rest_route=\/wp\/v2\/media\/9439"}],"wp:attachment":[{"href":"https:\/\/prahaskolska.200.solutions\/index.php?rest_route=%2Fwp%2Fv2%2Fmedia&parent=9430"}],"wp:term":[{"taxonomy":"category","embeddable":true,"href":"https:\/\/prahaskolska.200.solutions\/index.php?rest_route=%2Fwp%2Fv2%2Fcategories&post=9430"},{"taxonomy":"post_tag","embeddable":true,"href":"https:\/\/prahaskolska.200.solutions\/index.php?rest_route=%2Fwp%2Fv2%2Ftags&post=9430"}],"curies":[{"name":"wp","href":"https:\/\/api.w.org\/{rel}","templated":true}]}}