{"id":9427,"date":"2023-03-09T09:33:00","date_gmt":"2023-03-09T08:33:00","guid":{"rendered":"https:\/\/prahaskolska.200.solutions\/?p=9427"},"modified":"2023-03-09T09:49:27","modified_gmt":"2023-03-09T08:49:27","slug":"cvut-pripravuje-novy-bakalarsky-program-pripravi-specialisty-pro-jevistni-televizni-a-filmovy-provoz","status":"publish","type":"post","link":"https:\/\/prahaskolska.200.solutions\/?p=9427","title":{"rendered":"\u010cVUT p\u0159ipravuje nov\u00fd bakal\u00e1\u0159sk\u00fd program. P\u0159iprav\u00ed specialisty pro jevi\u0161tn\u00ed, televizn\u00ed a filmov\u00fd provoz"},"content":{"rendered":"\n<p><strong>Nov\u00fd t\u0159\u00edlet\u00fd bakal\u00e1\u0159sk\u00fd studijn\u00ed program s n\u00e1zvem Sc\u00e9nick\u00e9 technologie stoj\u00ed na spolupr\u00e1ci t\u0159\u00ed fakult &#8211; Fakulty stavebn\u00ed, Fakulty strojn\u00ed a Fakulty elektrotechnick\u00e9. \u010cVUT mimo jin\u00e9 nav\u00e1zala spolupr\u00e1ci tak\u00e9 s N\u00e1rodn\u00edm divadlem, \u010ceskou televiz\u00ed a Barrandov studiem. V t\u011bchto instituc\u00edch budou m\u00edt studenti odbornou praxi.<\/strong><\/p>\n\n\n\n<p>Co studenty nov\u00e9ho programu \u010dek\u00e1? Absolventi budou disponovat znalostmi sou\u010dasn\u00fdch multimedi\u00e1ln\u00edch technologi\u00ed v n\u00e1vaznosti na jejich dal\u0161\u00ed aplikaci v oblasti um\u011bleck\u00e9 tvorby zvukov\u00e9ho a sv\u011bteln\u00e9ho designu, a to zejm\u00e9na v jevi\u0161tn\u00edm, televizn\u00edm a filmov\u00e9m provozu. Program klade d\u016fraz p\u0159edev\u0161\u00edm na teoretick\u00e9 a praktick\u00e9 znalosti technologi\u00ed, princip\u016f a postup\u016f, kter\u00e9 jsou v sou\u010dasn\u00e9 dob\u011b pou\u017e\u00edv\u00e1ny. <\/p>\n\n\n\n<p>Dopl\u0148kem programu je nabyt\u00ed znalosti z oblasti um\u011bleck\u00e9 kreativn\u00ed tvorby a estetiky a praktick\u00e9 kurzy zvukov\u00e9ho a sv\u011bteln\u00e9ho designu. Studenti se tak\u00e9 zam\u011b\u0159\u00ed na t\u00e9ma \u0159\u00edzen\u00ed multimedi\u00e1ln\u00edch projekt\u016f pokr\u00fdvaj\u00edc\u00edch problematiku financov\u00e1n\u00ed projektu, komunikace a spr\u00e1vy souvisej\u00edc\u00edch proces\u016f. <\/p>\n\n\n\n<p><em>\u201eInciativa na vznik studijn\u00edho programu Sc\u00e9nick\u00e9 technologie vze\u0161la z N\u00e1rodn\u00edho divadla v Praze a Divadeln\u00ed fakulty Akademie m\u00fazick\u00fdch um\u011bn\u00ed v Praze. Tyto instituce oslovily \u010cesk\u00e9 vysok\u00e9 u\u010den\u00ed technick\u00e9 v Praze s t\u00edm, \u017ee jim takto orientovan\u00e9 studium chyb\u00ed jak v portfoliu vysok\u00fdch \u0161kol v cel\u00e9 \u010cesk\u00e9 republice, ale zejm\u00e9na ho oni sami postr\u00e1daj\u00ed p\u0159i ka\u017edodenn\u00edm zaji\u0161\u0165ov\u00e1n\u00ed jejich produkce,\u201c<\/em> \u0159\u00edk\u00e1 doc. Jaroslav Da\u010fa z Fakulty stavebn\u00ed \u010cVUT, kter\u00fd je garantem cel\u00e9ho programu.<\/p>\n\n\n\n<p>Nejv\u011bt\u0161\u00ed \u010d\u00e1st v\u00fduky bude prob\u00edhat na Fakult\u011b stavebn\u00ed. Na v\u00fduce se v\u0161ak budou pod\u00edlet i externist\u00e9 poch\u00e1zej\u00edc\u00ed z dal\u0161\u00edch instituc\u00ed, mezi kter\u00e9 pat\u0159\u00ed kup\u0159. N\u00e1rodn\u00ed divadlo. V jedn\u00e1n\u00ed je tak\u00e9 spolupr\u00e1ce s \u0159adou v\u00fdznamn\u00fdch osobnost\u00ed z filmov\u00e9, televizn\u00ed \u010di divadeln\u00ed tvorby a  z dal\u0161\u00edch kulturn\u00edch projekt\u016f. <\/p>\n\n\n\n<p>Podrobnosti o studijn\u00edm programu a p\u0159ij\u00edmac\u00edm \u0159\u00edzen\u00ed naleznete <a href=\"https:\/\/www.fsv.cvut.cz\/uchazeci\/bakalarske-studium\/scenicke-technologie\/\">zde<\/a>. P\u0159ihl\u00e1\u0161ky je mo\u017en\u00e9 pod\u00e1vat do 31. b\u0159ezna 2023.<\/p>\n\n\n\n<p>Zdroj: <a href=\"https:\/\/aktualne.cvut.cz\/tiskove-zpravy\/20230214-novy-bakalarsky-program-scenicke-technologie-ktery-se-otevira-na-fakulte\">\u010cVUT<\/a><\/p>\n","protected":false},"excerpt":{"rendered":"<p>Nov\u00fd t\u0159\u00edlet\u00fd bakal\u00e1\u0159sk\u00fd studijn\u00ed program s n\u00e1zvem Sc\u00e9nick\u00e9 technologie stoj\u00ed na spolupr\u00e1ci t\u0159\u00ed fakult &#8211; Fakulty stavebn\u00ed, Fakulty strojn\u00ed a Fakulty elektrotechnick\u00e9. \u010cVUT mimo jin\u00e9 nav\u00e1zala spolupr\u00e1ci tak\u00e9 s N\u00e1rodn\u00edm divadlem, \u010ceskou televiz\u00ed a Barrandov studiem. V t\u011bchto instituc\u00edch budou m\u00edt studenti odbornou praxi. Co studenty nov\u00e9ho programu \u010dek\u00e1? Absolventi budou disponovat znalostmi sou\u010dasn\u00fdch multimedi\u00e1ln\u00edch [&hellip;]<\/p>\n","protected":false},"author":24,"featured_media":9429,"comment_status":"open","ping_status":"open","sticky":false,"template":"","format":"standard","meta":{"inline_featured_image":false,"_breakdance_hide_in_design_set":false,"_breakdance_tags":"","footnotes":""},"categories":[28,41,38],"tags":[],"class_list":["post-9427","post","type-post","status-publish","format-standard","has-post-thumbnail","hentry","category-aktualne-ze-skolstvi","category-pro-verejnost","category-vysoke-skoly"],"acf":[],"_links":{"self":[{"href":"https:\/\/prahaskolska.200.solutions\/index.php?rest_route=\/wp\/v2\/posts\/9427","targetHints":{"allow":["GET"]}}],"collection":[{"href":"https:\/\/prahaskolska.200.solutions\/index.php?rest_route=\/wp\/v2\/posts"}],"about":[{"href":"https:\/\/prahaskolska.200.solutions\/index.php?rest_route=\/wp\/v2\/types\/post"}],"author":[{"embeddable":true,"href":"https:\/\/prahaskolska.200.solutions\/index.php?rest_route=\/wp\/v2\/users\/24"}],"replies":[{"embeddable":true,"href":"https:\/\/prahaskolska.200.solutions\/index.php?rest_route=%2Fwp%2Fv2%2Fcomments&post=9427"}],"version-history":[{"count":2,"href":"https:\/\/prahaskolska.200.solutions\/index.php?rest_route=\/wp\/v2\/posts\/9427\/revisions"}],"predecessor-version":[{"id":9464,"href":"https:\/\/prahaskolska.200.solutions\/index.php?rest_route=\/wp\/v2\/posts\/9427\/revisions\/9464"}],"wp:featuredmedia":[{"embeddable":true,"href":"https:\/\/prahaskolska.200.solutions\/index.php?rest_route=\/wp\/v2\/media\/9429"}],"wp:attachment":[{"href":"https:\/\/prahaskolska.200.solutions\/index.php?rest_route=%2Fwp%2Fv2%2Fmedia&parent=9427"}],"wp:term":[{"taxonomy":"category","embeddable":true,"href":"https:\/\/prahaskolska.200.solutions\/index.php?rest_route=%2Fwp%2Fv2%2Fcategories&post=9427"},{"taxonomy":"post_tag","embeddable":true,"href":"https:\/\/prahaskolska.200.solutions\/index.php?rest_route=%2Fwp%2Fv2%2Ftags&post=9427"}],"curies":[{"name":"wp","href":"https:\/\/api.w.org\/{rel}","templated":true}]}}