{"id":9413,"date":"2023-03-09T09:24:51","date_gmt":"2023-03-09T08:24:51","guid":{"rendered":"https:\/\/prahaskolska.200.solutions\/?p=9413"},"modified":"2023-03-08T12:52:32","modified_gmt":"2023-03-08T11:52:32","slug":"blizi-se-uzaverka-prihlasek-do-akademie-menart-ktera-nabizi-prilezitost-pro-mlade-talenty-a-jejich-ucitele","status":"publish","type":"post","link":"https:\/\/prahaskolska.200.solutions\/?p=9413","title":{"rendered":"Bl\u00ed\u017e\u00ed se uz\u00e1v\u011brka p\u0159ihl\u00e1\u0161ek do Akademie MenART, kter\u00e1 nab\u00edz\u00ed p\u0159\u00edle\u017eitost pro mlad\u00e9 talenty a jejich u\u010ditele"},"content":{"rendered":"\n<p><strong>V leto\u0161n\u00edm roce startuje ji\u017e \u0161est\u00fd ro\u010dn\u00edk stipendijn\u00ed Akademie mentoringu um\u011bleck\u00e9ho vzd\u011bl\u00e1v\u00e1n\u00ed s n\u00e1zvem MenART. Akademie p\u0159in\u00e1\u0161\u00ed mlad\u00fdm talentovan\u00fdm \u017e\u00e1k\u016fm, student\u016fm um\u011bleck\u00fdch \u0161kol a jejich pedagog\u016fm p\u0159\u00edle\u017eitost spolupracovat s p\u0159edn\u00edmi \u010desk\u00fdmi um\u011blci. Mentoringu mlad\u00fdch talent\u016f se ujme celkem 16 osobnost\u00ed z oblasti klasick\u00e9 hudby i hudby jin\u00fdch \u017e\u00e1nr\u016f, tane\u010dn\u00edho, divadeln\u00edho a v\u00fdtvarn\u00e9ho oboru. <\/strong><\/p>\n\n\n\n<p>Akademie MenART je ur\u010dena \u017e\u00e1k\u016fm z\u00e1kladn\u00edch um\u011bleck\u00fdch \u0161kol, 2. stupn\u011b Z\u0160 \u010di student\u016fm st\u0159edn\u00edch \u0161kol a gymn\u00e1zi\u00ed, kte\u0159\u00ed maj\u00ed z\u00e1jem zdokonalit se d\u00edky spolupr\u00e1ci s uzn\u00e1van\u00fdm profesion\u00e1lem. Studenti \u010di skupiny student\u016f spole\u010dn\u011b s pedagogem absolvuj\u00ed n\u011bkolik skupinov\u00fdch v\u00edkendov\u00fdch setk\u00e1n\u00ed s mentory, b\u011bhem kter\u00fdch pracuj\u00ed v\u0161echny z\u00fa\u010dastn\u011bn\u00e9 skupiny spole\u010dn\u011b. D\u016fraz je v\u0161ak kladen na individu\u00e1ln\u00ed p\u0159\u00edstup a pot\u0159eby ka\u017ed\u00e9 dvojice student &#8211; pedagog. <\/p>\n\n\n\n<p>V uplynul\u00fdch p\u011bti ro\u010dn\u00edc\u00edch se Akademie MenART z\u016f\u010dastnilo celkem 666 student\u016f a 371 pedagog\u016f. \u0158ada \u00fa\u010dastn\u00edk\u016f byla n\u00e1sledn\u011b \u00fasp\u011b\u0161n\u00e1 v p\u0159ij\u00edmac\u00edch \u0159\u00edzen\u00edch na vy\u0161\u0161\u00ed stupe\u0148 um\u011bleck\u00fdch \u0161kol v \u010cR i v zahrani\u010d\u00ed.<\/p>\n\n\n\n<p><em>\u201eStipendijn\u00ed Akademie MenART z\u00edsk\u00e1v\u00e1 kredit jako vzd\u011bl\u00e1vac\u00ed instituce, kter\u00e1 podporuje talenty a sou\u010dasn\u011b inspiruje jejich pedagogy. Ti jsou kl\u00ed\u010dov\u00ed pro dal\u0161\u00ed rozvoj mlad\u00e9 generace. Je skv\u011bl\u00e9, kolik&nbsp;profesion\u00e1l\u016f ochotn\u00fdch v\u00e9st d\u011bti nad r\u00e1mec sv\u00fdch povinnost\u00ed se n\u00e1m hl\u00e1s\u00ed, proto\u017ee ti tento obor t\u00e1hnou a p\u0159ed\u00e1vaj\u00ed jiskru um\u011bleck\u00e9ho z\u00e1palu,\u201c<\/em> \u0159\u00edk\u00e1 zakladatelka a \u0159editelka Akademie MenART <strong>Dana Syrov\u00e1<\/strong>.<\/p>\n\n\n\n<p>Mento\u0159i ve \u0161koln\u00edm roce 2023\/2024:<\/p>\n\n\n\n<ul class=\"wp-block-list\">\n<li><strong>Klasick\u00e1 hudba<\/strong> &#8211; klav\u00edrist\u00e9 Ivo Kah\u00e1nek a Karel Ko\u0161\u00e1rek, houslista Jan Fi\u0161er, violoncellistka Michaela Fuka\u010dov\u00e1, fl\u00e9tnista Jan Ostr\u00fd, klarinetista Irvin Veny\u0161, kytarista Pavel Steidl, violista Ji\u0159\u00ed Kab\u00e1t a Radek Babor\u00e1k, kter\u00fd se bude v\u011bnovat soubor\u016fm<\/li>\n\n\n\n<li><strong>Hudba bez \u017e\u00e1nrov\u00fdch hranic a vlastn\u00ed tvorba <\/strong>&#8211; Beata Hlavenkov\u00e1 a Radka Fi\u0161arov\u00e1<\/li>\n\n\n\n<li><strong>Tanec<\/strong> &#8211; Jan Kodet<\/li>\n\n\n\n<li><strong>V\u00fdtvarn\u00e9 um\u011bn\u00ed a fotografie <\/strong>&#8211; \u010cestm\u00edr Su\u0161ka, \u0160imon Brejcha a \u0160t\u011bp\u00e1nka Stein<\/li>\n\n\n\n<li><strong>Divadlo <\/strong>&#8211; Karel Franti\u0161ek Tom\u00e1nek<\/li>\n<\/ul>\n\n\n\n<p>Mo\u017enosti stipendist\u016f Akademie MenART v\u0161ak nez\u016fst\u00e1vaj\u00ed pouze u z\u00edsk\u00e1v\u00e1n\u00ed zku\u0161enost\u00ed od nejlep\u0161\u00edch mistr\u016f sv\u00e9ho oboru. \u00da\u010dastn\u00edci maj\u00ed tak\u00e9 mo\u017enost vystoupit na presti\u017en\u00edch festivalech, kter\u00e9 dlouhodob\u011b a otev\u0159en\u011b mlad\u00e9 um\u011blce podporuj\u00ed. Jedn\u00e1 se o <strong>Pra\u017esk\u00e9 jaro, N\u00e1rodn\u00ed festival Smetanova Litomy\u0161l<\/strong> \u010di <strong>Smetanovu v\u00fdtvarnou Litomy\u0161l.<\/strong> Stipendist\u00e9 se z\u00e1rove\u0148 z\u016f\u010dastn\u00ed st\u011b\u017eejn\u00edch projekt\u016f, kter\u00e9 jsou sou\u010d\u00e1st\u00ed celost\u00e1tn\u00edho festivalu <strong>ZU\u0160 Open<\/strong>.<\/p>\n\n\n\n<p>Novinkou leto\u0161n\u00edho roku je koncertn\u00ed cyklus <strong>Hudebn\u00ed Odyssea<\/strong>, v jeho\u017e r\u00e1mci se v pra\u017esk\u00e9m Atriu v pr\u016fb\u011bhu leto\u0161n\u00edho roku uskute\u010dn\u00ed \u010dty\u0159i spole\u010dn\u00e9 koncerty mentor\u016f s jejich \u017e\u00e1ky. Ji\u017e v p\u00e1tek 27. ledna zah\u00e1jil koncertn\u00ed \u0159adu koncert Iva Kah\u00e1nka, Jana Fi\u0161era a Jana Ostr\u00e9ho, kte\u0159\u00ed vystoupili se sv\u00fdmi sv\u011b\u0159enci. 14. dubna se uskute\u010dn\u00ed ve\u010der se studenty Michaely Fuka\u010dov\u00e9 a Karla Ko\u0161\u00e1rka. 6. \u0159\u00edjna uvedou sv\u00e9 \u017e\u00e1ky Pavel Steidl a Karel Ko\u0161\u00e1rek. Cyklus zakon\u010d\u00ed 10. listopadu Beata Hlavenkov\u00e1 a jej\u00ed \u017e\u00e1ci.<\/p>\n\n\n\n<p>Detailn\u00ed informace jsou z\u00e1jemc\u016fm k dispozici na webu <a href=\"https:\/\/www.menart.cz\/cs\/uvod\">www.menart.cz<\/a>. Uz\u00e1v\u011brka p\u0159ihl\u00e1\u0161ek je 31.3.2023.<\/p>\n\n\n\n<p><\/p>\n","protected":false},"excerpt":{"rendered":"<p>V leto\u0161n\u00edm roce startuje ji\u017e \u0161est\u00fd ro\u010dn\u00edk stipendijn\u00ed Akademie mentoringu um\u011bleck\u00e9ho vzd\u011bl\u00e1v\u00e1n\u00ed s n\u00e1zvem MenART. Akademie p\u0159in\u00e1\u0161\u00ed mlad\u00fdm talentovan\u00fdm \u017e\u00e1k\u016fm, student\u016fm um\u011bleck\u00fdch \u0161kol a jejich pedagog\u016fm p\u0159\u00edle\u017eitost spolupracovat s p\u0159edn\u00edmi \u010desk\u00fdmi um\u011blci. Mentoringu mlad\u00fdch talent\u016f se ujme celkem 16 osobnost\u00ed z oblasti klasick\u00e9 hudby i hudby jin\u00fdch \u017e\u00e1nr\u016f, tane\u010dn\u00edho, divadeln\u00edho a v\u00fdtvarn\u00e9ho oboru. Akademie MenART [&hellip;]<\/p>\n","protected":false},"author":24,"featured_media":9414,"comment_status":"open","ping_status":"open","sticky":false,"template":"","format":"standard","meta":{"inline_featured_image":false,"_breakdance_hide_in_design_set":false,"_breakdance_tags":"","footnotes":""},"categories":[300,298,41],"tags":[],"class_list":["post-9413","post","type-post","status-publish","format-standard","has-post-thumbnail","hentry","category-inspirace-2","category-kultura-2","category-pro-verejnost"],"acf":[],"_links":{"self":[{"href":"https:\/\/prahaskolska.200.solutions\/index.php?rest_route=\/wp\/v2\/posts\/9413","targetHints":{"allow":["GET"]}}],"collection":[{"href":"https:\/\/prahaskolska.200.solutions\/index.php?rest_route=\/wp\/v2\/posts"}],"about":[{"href":"https:\/\/prahaskolska.200.solutions\/index.php?rest_route=\/wp\/v2\/types\/post"}],"author":[{"embeddable":true,"href":"https:\/\/prahaskolska.200.solutions\/index.php?rest_route=\/wp\/v2\/users\/24"}],"replies":[{"embeddable":true,"href":"https:\/\/prahaskolska.200.solutions\/index.php?rest_route=%2Fwp%2Fv2%2Fcomments&post=9413"}],"version-history":[{"count":4,"href":"https:\/\/prahaskolska.200.solutions\/index.php?rest_route=\/wp\/v2\/posts\/9413\/revisions"}],"predecessor-version":[{"id":9433,"href":"https:\/\/prahaskolska.200.solutions\/index.php?rest_route=\/wp\/v2\/posts\/9413\/revisions\/9433"}],"wp:featuredmedia":[{"embeddable":true,"href":"https:\/\/prahaskolska.200.solutions\/index.php?rest_route=\/wp\/v2\/media\/9414"}],"wp:attachment":[{"href":"https:\/\/prahaskolska.200.solutions\/index.php?rest_route=%2Fwp%2Fv2%2Fmedia&parent=9413"}],"wp:term":[{"taxonomy":"category","embeddable":true,"href":"https:\/\/prahaskolska.200.solutions\/index.php?rest_route=%2Fwp%2Fv2%2Fcategories&post=9413"},{"taxonomy":"post_tag","embeddable":true,"href":"https:\/\/prahaskolska.200.solutions\/index.php?rest_route=%2Fwp%2Fv2%2Ftags&post=9413"}],"curies":[{"name":"wp","href":"https:\/\/api.w.org\/{rel}","templated":true}]}}