{"id":9406,"date":"2023-03-08T14:55:51","date_gmt":"2023-03-08T13:55:51","guid":{"rendered":"https:\/\/prahaskolska.200.solutions\/?p=9406"},"modified":"2023-03-10T11:52:14","modified_gmt":"2023-03-10T10:52:14","slug":"popral-bych-vam-prijemnou-zabavu-ale-to-bych-lhal-festival-otrleho-divaka-prichazi-s-nadilkou-nejhorsich-filmu","status":"publish","type":"post","link":"https:\/\/prahaskolska.200.solutions\/?p=9406","title":{"rendered":"Pop\u0159\u00e1l bych v\u00e1m p\u0159\u00edjemnou z\u00e1bavu, ale to bych lhal. Festival otrl\u00e9ho div\u00e1ka p\u0159ich\u00e1z\u00ed s nad\u00edlkou nejhor\u0161\u00edch film\u016f"},"content":{"rendered":"\n<p><strong>Akce, p\u0159i kter\u00e9 milovn\u00edci filmu trp\u00ed, se op\u011bt vr\u00e1tila do \u017ei\u017ekovsk\u00e9ho kina Aero. Festival otrl\u00e9ho div\u00e1ka se toti\u017e zam\u011b\u0159uje na sn\u00edmky, kter\u00e9 podle dramaturg\u016f festivalu spl\u0148uj\u00ed ve\u0161ker\u00e9 podm\u00ednky, aby byly ozna\u010deny za naprost\u00fd kinematografick\u00fd odpad. To, \u017ee se festival letos kon\u00e1 ji\u017e po 18. vypov\u00edd\u00e1 o tom, \u017ee \u010desk\u00fd div\u00e1k je opravdu velmi otrl\u00fd.<\/strong><\/p>\n\n\n\n<p>Fenomen\u00e1ln\u00edm sn\u00edmkem <em>Sesterstvo smrti<\/em> odstartoval v&nbsp;pond\u011bl\u00ed t\u00fdden pln\u00fd nejhor\u0161\u00edch mysliteln\u00fdch hereck\u00fdch, re\u017eijn\u00edch, kameramansk\u00fdch a sc\u00e9n\u00e1ristick\u00fdch v\u00fdkon\u016f. J\u00e1 osobn\u011b jsem m\u011bl tu \u010dest zhl\u00e9dnout \u00fatern\u00ed projekci filmu <em>Megalom\u00e1nie. <\/em>Jak jeden z&nbsp;po\u0159adatel\u016f festivalu, kter\u00fd projekci uv\u00e1d\u011bl \u0159ekl: \u201ePop\u0159\u00e1l bych v\u00e1m p\u0159\u00edjemnou z\u00e1bavu, ale to bych lhal.\u201c.<\/p>\n\n\n\n<p>P\u0159ikl\u00e1d\u00e1m recenzi z&nbsp;webu Kritiky.cz<\/p>\n\n\n\n<h2 class=\"wp-block-heading\">Megalom\u00e1nie<\/h2>\n\n\n\n<p><em>Hororov\u00e1 fanfikce navazuj\u00edc\u00ed na skute\u010dn\u00e9 ud\u00e1losti. V&nbsp;devades\u00e1t\u00fdch letech s\u00e9riov\u00fd vrah zn\u00e1m\u00fd jako \u0158ezn\u00edk z&nbsp;Monsu v&nbsp;Belgii na ulic\u00edch nech\u00e1val pytle z&nbsp;roz\u010dtvrcen\u00fdmi \u017eenami. Jeho toto\u017enost je dodnes nezn\u00e1m\u00e1. Re\u017eis\u00e9r Karim Ouelhaj si v\u0161ak polo\u017eil ot\u00e1zku \u2013 Co kdy\u017e m\u011bl potomky, kte\u0159\u00ed pokra\u010duj\u00ed v&nbsp;jeho odkazu?<\/em><\/p>\n\n\n\n<p><em>N\u00e1pad pro p\u0159\u00edb\u011bh byl zaj\u00edmav\u00fd, p\u0159\u00edb\u011bh v\u0161ak u\u017e tolik ne. Struktura byla zalo\u017een\u00e1 na prvn\u00edch deseti pom\u011brn\u011b zaj\u00edmav\u00fdch minut\u00e1ch. Potom se odehr\u00e1la asi hodina \u010dehosi, co nem\u011blo ani hlavu ani patu, abychom se op\u011bt vr\u00e1tili k&nbsp;rozkl\u00ed\u010dov\u00e1n\u00ed prvn\u00edch deseti minut. Sc\u00e9n\u00e1risticky byly n\u011bkter\u00e9 v\u011bty vylo\u017een\u011b komick\u00e9 a naprosto nezapadaj\u00edc\u00ed do kontextu d\u011bje.<\/em><\/p>\n\n\n\n<p><em>Hereck\u00e9 obsazen\u00ed se skl\u00e1dalo p\u0159edev\u0161\u00edm z\u00a0dvojice Eline Schumacher a\u00a0Wim Willaert, neboli obsazen\u00ed Up\u00ed\u0159\u00edch den\u00edk\u016f po t\u0159iceti letech. Hereck\u00e9 v\u00fdkony byly m\u00edsty dobr\u00e9, ale typov\u011b se postavy v\u016fbec do role nehodili.<\/em><\/p>\n\n\n\n<p><em>Hororov\u00e1 atmosf\u00e9ra prakticky neexistuje. Pokus asi o dva nevyda\u0159en\u00e9 jumpscary re\u017eis\u00e9r brzy vzdal a \u0159ekl si, \u017ee vsad\u00ed na vizu\u00e1l a explicitu. Co\u017e n\u00e1m p\u0159ivedlo potoky um\u011bl\u00e9 krve, ale n\u00e1sil\u00ed, kter\u00e9 tu krev m\u011blo plodit tam jaksi v\u016fbec nebylo, nebo bylo velmi neuv\u011b\u0159iteln\u00e9.<\/em><\/p>\n\n\n\n<p><em>Z\u00e1v\u011brem tedy, Festival otrl\u00e9ho div\u00e1ka nezklamal, prezentovan\u00fd sn\u00edmek vy\u017eadoval velmi mnoho otrlosti a pokud m\u00e1te r\u00e1di horory, kter\u00e9 pracuj\u00ed s&nbsp;kli\u0161\u00e9 a\u017e tak \u0161patn\u011b, \u017ee je to vtipn\u00e9 \u2013 tenhle je ten prav\u00fd pro v\u00e1s.<\/em><\/p>\n\n\n\n<p>Festival pokra\u010duje do konce t\u00fddne a prezentuj\u00ed se dv\u011b a\u017e t\u0159i veled\u00edla denn\u011b. Nap\u0159\u00edklad v&nbsp;p\u00e1tek se p\u0159edstav\u00ed tradi\u010dn\u00ed festivalov\u00fd skvost \u2013 El Santo.<\/p>\n\n\n\n<p><strong><em>Text vznikl v r\u00e1mci projektu Studentsk\u00e9 zpravodajstv\u00ed, kter\u00fd d\u00e1v\u00e1 mlad\u00fdm lidem p\u0159\u00edle\u017eitost z\u00edskat zku\u0161enosti s redak\u010dn\u00edm psan\u00edm<\/em>.<\/strong><\/p>\n","protected":false},"excerpt":{"rendered":"<p>Akce, p\u0159i kter\u00e9 milovn\u00edci filmu trp\u00ed, se op\u011bt vr\u00e1tila do \u017ei\u017ekovsk\u00e9ho kina Aero. Festival otrl\u00e9ho div\u00e1ka se toti\u017e zam\u011b\u0159uje na sn\u00edmky, kter\u00e9 podle dramaturg\u016f festivalu spl\u0148uj\u00ed ve\u0161ker\u00e9 podm\u00ednky, aby byly ozna\u010deny za naprost\u00fd kinematografick\u00fd odpad. To, \u017ee se festival letos kon\u00e1 ji\u017e po 18. vypov\u00edd\u00e1 o tom, \u017ee \u010desk\u00fd div\u00e1k je opravdu velmi otrl\u00fd. Fenomen\u00e1ln\u00edm [&hellip;]<\/p>\n","protected":false},"author":32,"featured_media":9448,"comment_status":"open","ping_status":"open","sticky":false,"template":"","format":"standard","meta":{"inline_featured_image":false,"_breakdance_hide_in_design_set":false,"_breakdance_tags":"","footnotes":""},"categories":[46],"tags":[],"class_list":["post-9406","post","type-post","status-publish","format-standard","has-post-thumbnail","hentry","category-studentske-zpravodajstvi"],"acf":[],"_links":{"self":[{"href":"https:\/\/prahaskolska.200.solutions\/index.php?rest_route=\/wp\/v2\/posts\/9406","targetHints":{"allow":["GET"]}}],"collection":[{"href":"https:\/\/prahaskolska.200.solutions\/index.php?rest_route=\/wp\/v2\/posts"}],"about":[{"href":"https:\/\/prahaskolska.200.solutions\/index.php?rest_route=\/wp\/v2\/types\/post"}],"author":[{"embeddable":true,"href":"https:\/\/prahaskolska.200.solutions\/index.php?rest_route=\/wp\/v2\/users\/32"}],"replies":[{"embeddable":true,"href":"https:\/\/prahaskolska.200.solutions\/index.php?rest_route=%2Fwp%2Fv2%2Fcomments&post=9406"}],"version-history":[{"count":5,"href":"https:\/\/prahaskolska.200.solutions\/index.php?rest_route=\/wp\/v2\/posts\/9406\/revisions"}],"predecessor-version":[{"id":9515,"href":"https:\/\/prahaskolska.200.solutions\/index.php?rest_route=\/wp\/v2\/posts\/9406\/revisions\/9515"}],"wp:featuredmedia":[{"embeddable":true,"href":"https:\/\/prahaskolska.200.solutions\/index.php?rest_route=\/wp\/v2\/media\/9448"}],"wp:attachment":[{"href":"https:\/\/prahaskolska.200.solutions\/index.php?rest_route=%2Fwp%2Fv2%2Fmedia&parent=9406"}],"wp:term":[{"taxonomy":"category","embeddable":true,"href":"https:\/\/prahaskolska.200.solutions\/index.php?rest_route=%2Fwp%2Fv2%2Fcategories&post=9406"},{"taxonomy":"post_tag","embeddable":true,"href":"https:\/\/prahaskolska.200.solutions\/index.php?rest_route=%2Fwp%2Fv2%2Ftags&post=9406"}],"curies":[{"name":"wp","href":"https:\/\/api.w.org\/{rel}","templated":true}]}}