{"id":9352,"date":"2023-03-05T18:00:00","date_gmt":"2023-03-05T17:00:00","guid":{"rendered":"https:\/\/prahaskolska.200.solutions\/?p=9352"},"modified":"2023-03-05T14:13:17","modified_gmt":"2023-03-05T13:13:17","slug":"msmt-digitalizace-vzdelavani-z-narodniho-panelu-obnovy-pokracuje","status":"publish","type":"post","link":"https:\/\/prahaskolska.200.solutions\/?p=9352","title":{"rendered":"<strong>M\u0160MT: Digitalizace vzd\u011bl\u00e1v\u00e1n\u00ed z n\u00e1rodn\u00edho panelu obnovy pokra\u010duje<\/strong>"},"content":{"rendered":"\n<p><strong>V&nbsp;roce 2022 bylo z&nbsp;N\u00e1rodn\u00edho pl\u00e1nu obnovy v&nbsp;r\u00e1mci programu 3.1 p\u0159id\u011bleno \u0161kol\u00e1m 1,4 miliardy korun. V&nbsp;roce 2023 se finance na digit\u00e1ln\u00ed u\u010debn\u00ed pom\u016fcky a prevenci budou pohybovat okolo 4,8 miliard korun, z&nbsp;\u010deho\u017e 1,2 miliardy korun p\u016fjdou na digit\u00e1ln\u00ed u\u010debn\u00ed pom\u016fcky a prevenci digit\u00e1ln\u00ed propasti.<\/strong><\/p>\n\n\n\n<p>Komponenta 3.1 se skl\u00e1d\u00e1 ze t\u0159\u00ed aktivit, kter\u00e9 se navz\u00e1jem dopl\u0148uj\u00ed a zahrnuj\u00ed reformu kurikula, zaji\u0161t\u011bn\u00ed digit\u00e1ln\u00edho vybaven\u00ed pro \u0161koly a podporu digit\u00e1ln\u00edch dovednost\u00ed u\u010ditel\u016f. Nov\u011b se digit\u00e1ln\u00ed kompetence prol\u00ednaj\u00ed tak\u00e9 v\u0161emi p\u0159edm\u011bty na prvn\u00edm i druh\u00e9m stupni z\u00e1kladn\u00edch \u0161kol. Tyto zm\u011bny by m\u011bly b\u00fdt implementov\u00e1ny nejpozd\u011bji od 1. z\u00e1\u0159\u00ed 2023 na prvn\u00edm stupni a od 1. z\u00e1\u0159\u00ed 2024 na druh\u00e9m stupni.<\/p>\n\n\n\n<p>\u0160koly z\u00e1rove\u0148 mohou vyu\u017e\u00edt \u0161irokou \u0161k\u00e1lu podpory, kterou poskytuje N\u00e1rodn\u00ed pedagogick\u00fd institut (NPI) \u010cR. Nab\u00edz\u00ed metodickou podporu zdarma, p\u0159\u00edklady dobr\u00e9 praxe, kulat\u00e9 stoly nebo webin\u00e1\u0159e. Nav\u00edc mohou vyu\u017e\u00edt i slu\u017eeb tzv. IT Guru, kter\u00e9 jim porad\u00ed s IT i v oblasti digitalizace. M\u0160MT tak\u00e9 poskytuje \u0161kol\u00e1m metodickou podporu, v\u010detn\u011b inspirativn\u00edch vide\u00ed s p\u0159\u00edklady dobr\u00e9 praxe.<\/p>\n\n\n\n<p>V\u0161echny tyto aktivity jsou sou\u010d\u00e1st\u00ed N\u00e1rodn\u00edho pl\u00e1nu obnovy, kter\u00fd je financov\u00e1n z N\u00e1stroje pro o\u017eiven\u00ed a odolnost EU. Digit\u00e1ln\u00ed kompetence jsou st\u00e1le d\u016fle\u017eit\u011bj\u0161\u00ed a zaji\u0161t\u011bn\u00ed kvalitn\u00edho vzd\u011bl\u00e1v\u00e1n\u00ed v t\u00e9to oblasti je kl\u00ed\u010dov\u00e9 pro \u00fasp\u011bch student\u016f v budouc\u00edm pracovn\u00edm \u017eivot\u011b.<\/p>\n\n\n\n<p>Cel\u00fd N\u00e1rodn\u00ed pl\u00e1n obnovy je financov\u00e1n z N\u00e1stroje pro o\u017eiven\u00ed a odolnost EU a jeho c\u00edlem je pomoci \u010dlensk\u00fdm st\u00e1t\u016fm EU zotavit se z&nbsp;dopad\u016f pandemie COVID-19. V \u010cesk\u00e9 republice se tato finan\u010dn\u00ed pomoc zam\u011b\u0159uje na oblasti digitalizace, zelen\u00e9 transformace, infrastruktury, vzd\u011bl\u00e1n\u00ed a soci\u00e1ln\u00ed soudr\u017enosti.<\/p>\n\n\n\n<p>Zdroj: M\u0160MT <\/p>\n","protected":false},"excerpt":{"rendered":"<p>V&nbsp;roce 2022 bylo z&nbsp;N\u00e1rodn\u00edho pl\u00e1nu obnovy v&nbsp;r\u00e1mci programu 3.1 p\u0159id\u011bleno \u0161kol\u00e1m 1,4 miliardy korun. V&nbsp;roce 2023 se finance na digit\u00e1ln\u00ed u\u010debn\u00ed pom\u016fcky a prevenci budou pohybovat okolo 4,8 miliard korun, z&nbsp;\u010deho\u017e 1,2 miliardy korun p\u016fjdou na digit\u00e1ln\u00ed u\u010debn\u00ed pom\u016fcky a prevenci digit\u00e1ln\u00ed propasti. Komponenta 3.1 se skl\u00e1d\u00e1 ze t\u0159\u00ed aktivit, kter\u00e9 se navz\u00e1jem dopl\u0148uj\u00ed a [&hellip;]<\/p>\n","protected":false},"author":20,"featured_media":9355,"comment_status":"open","ping_status":"open","sticky":false,"template":"","format":"standard","meta":{"inline_featured_image":false,"_breakdance_hide_in_design_set":false,"_breakdance_tags":"","footnotes":""},"categories":[28,121,142],"tags":[],"class_list":["post-9352","post","type-post","status-publish","format-standard","has-post-thumbnail","hentry","category-aktualne-ze-skolstvi","category-rozpocet-skol-a-skolskych-zarizeni","category-stredni-skoly-mhmp"],"acf":[],"_links":{"self":[{"href":"https:\/\/prahaskolska.200.solutions\/index.php?rest_route=\/wp\/v2\/posts\/9352","targetHints":{"allow":["GET"]}}],"collection":[{"href":"https:\/\/prahaskolska.200.solutions\/index.php?rest_route=\/wp\/v2\/posts"}],"about":[{"href":"https:\/\/prahaskolska.200.solutions\/index.php?rest_route=\/wp\/v2\/types\/post"}],"author":[{"embeddable":true,"href":"https:\/\/prahaskolska.200.solutions\/index.php?rest_route=\/wp\/v2\/users\/20"}],"replies":[{"embeddable":true,"href":"https:\/\/prahaskolska.200.solutions\/index.php?rest_route=%2Fwp%2Fv2%2Fcomments&post=9352"}],"version-history":[{"count":2,"href":"https:\/\/prahaskolska.200.solutions\/index.php?rest_route=\/wp\/v2\/posts\/9352\/revisions"}],"predecessor-version":[{"id":9356,"href":"https:\/\/prahaskolska.200.solutions\/index.php?rest_route=\/wp\/v2\/posts\/9352\/revisions\/9356"}],"wp:featuredmedia":[{"embeddable":true,"href":"https:\/\/prahaskolska.200.solutions\/index.php?rest_route=\/wp\/v2\/media\/9355"}],"wp:attachment":[{"href":"https:\/\/prahaskolska.200.solutions\/index.php?rest_route=%2Fwp%2Fv2%2Fmedia&parent=9352"}],"wp:term":[{"taxonomy":"category","embeddable":true,"href":"https:\/\/prahaskolska.200.solutions\/index.php?rest_route=%2Fwp%2Fv2%2Fcategories&post=9352"},{"taxonomy":"post_tag","embeddable":true,"href":"https:\/\/prahaskolska.200.solutions\/index.php?rest_route=%2Fwp%2Fv2%2Ftags&post=9352"}],"curies":[{"name":"wp","href":"https:\/\/api.w.org\/{rel}","templated":true}]}}