{"id":9290,"date":"2023-02-28T09:59:00","date_gmt":"2023-02-28T08:59:00","guid":{"rendered":"https:\/\/prahaskolska.200.solutions\/?p=9290"},"modified":"2023-02-27T18:26:13","modified_gmt":"2023-02-27T17:26:13","slug":"nedostatek-mist-na-strednich-skolach-resi-rodice-i-skolami-v-zahranici","status":"publish","type":"post","link":"https:\/\/prahaskolska.200.solutions\/?p=9290","title":{"rendered":"Nedostatek m\u00edst na st\u0159edn\u00edch\u00a0\u0161kol\u00e1ch \u0159e\u0161\u00ed rodi\u010de i \u0161kolami v zahrani\u010d\u00ed"},"content":{"rendered":"\n<p>&#8222;<strong>Stres cel\u00e9 rodiny n\u00e1s nakonec p\u0159esv\u011bd\u010dil zkusit \u0161koly v zahrani\u010d\u00ed\u201d<\/strong><\/p>\n\n\n\n<p><strong>Stejn\u011b jako minul\u00fd rok i letos je a bude probl\u00e9m s nedostatkem m\u00edst na st\u0159edn\u00edch&nbsp;\u0161kol\u00e1ch. Syst\u00e9m umo\u017e\u0148uje \u017e\u00e1k\u016fm v prvn\u00edm kole vybrat si dv\u011b \u0161koly, na kter\u00e9&nbsp;by cht\u011bli opravdu j\u00edt. Kapacity \u0161kol ale neodpov\u00eddaj\u00ed mno\u017estv\u00ed&nbsp;dev\u00e1\u0165\u00e1k\u016f, kte\u0159\u00ed ka\u017edoro\u010dn\u011b kon\u010d\u00ed z\u00e1kladn\u00ed \u0161koly. Vznikaj\u00ed pak p\u0159evisy a pro velk\u00e9&nbsp;mno\u017estv\u00ed \u017e\u00e1k\u016f za\u010d\u00edn\u00e1 stresuj\u00edc\u00ed obdob\u00ed, proto\u017ee na vybran\u00e9 \u0161koly se dostane jen zlomek z\u00e1jemc\u016f.&nbsp;<\/strong><\/p>\n\n\n\n<p>Rodi\u010de pak nehledaj\u00ed mezi \u0161kolami, kter\u00e9&nbsp;jsou pro jejich d\u00edt\u011b vhodn\u00e9. Nemaj\u00ed p\u0159\u00edli\u0161 na v\u00fdb\u011br. Hledaj\u00ed prost\u011b \u0161kolu, kter\u00e1 je ochotna jejich d\u00edt\u011b je\u0161t\u011b vz\u00edt. St\u00e1v\u00e1 se tak \u010dasto,&nbsp;\u017ee ani jedni\u010dk\u00e1\u0159i se nikam nedostanou a vol\u00ed sp\u00ed\u0161 podle toho, kde je je\u0161t\u011b kapacita. Pro mnoh\u00e9&nbsp;rodi\u010de to ale nen\u00ed zp\u016fsob, jak\u00fdm by cht\u011bli \u0159e\u0161it vzd\u011bl\u00e1v\u00e1n\u00ed sv\u00fdch d\u011bt\u00ed.&nbsp;<\/p>\n\n\n\n<p><strong>Rodi\u010de hledaj\u00ed mo\u017enosti na \u0161kol\u00e1ch v zahrani\u010d\u00ed<\/strong><\/p>\n\n\n\n<p>N\u011bkte\u0159\u00ed rodi\u010de se tak rozhodnou hledat mo\u017enosti i v zahrani\u010d\u00ed.&nbsp;\u201c<em>Pro na\u0161eho syna jsme u\u017e od jeho let ve \u0161kolce hledali alternativu k na\u0161emu typick\u00e9mu \u010desk\u00e9mu syst\u00e9mu<\/em>,\u201d \u0159\u00edk\u00e1&nbsp;Martina Nim\u010dov\u00e1, kter\u00e1 se rozhodla hledat mo\u017enosti nejen v \u010cesk\u00e9&nbsp;republice ale i mimo ni. Syn tak od z\u00e1\u0159\u00ed 2022 nastoupil na americkou intern\u00e1tn\u00ed \u0161kolu.<\/p>\n\n\n\n<p>\u201c<em>Syn nav\u0161t\u011bvoval anglickou \u0161kolku, Montessori bilingvn\u00ed \u0161kolku a \u0161kolu a i b\u011b\u017enou \u010deskou z\u00e1kladn\u00ed \u0161kolu. Jeho zp\u011btn\u00e1 vazba je, \u017ee je na americk\u00e9&nbsp;st\u0159edn\u00ed \u0161kole mnohem lep\u0161\u00ed komunikace i atmosf\u00e9ra mezi studenty i mezi studenty a u\u010diteli. Je to podporuj\u00edc\u00ed prost\u0159ed\u00ed s jasn\u00fdmi pravidly a propracovan\u00fdm celodenn\u00edm programem v\u010detn\u011b pestr\u00e9ho sportovn\u00edho z\u00e1zem\u00ed, kter\u00e9&nbsp;je sou\u010d\u00e1st\u00ed are\u00e1lu \u0161koly<\/em>,\u201d popisuje Martina Nim\u010dov\u00e1, co jej\u00ed syn na intern\u00e1tn\u00ed \u0161kole v USA oce\u0148uje.<\/p>\n\n\n\n<p>\u201c<em>St\u0159edn\u00ed \u0161kola v zahrani\u010d\u00ed m\u016f\u017ee b\u00fdt mo\u017enost\u00ed pro ty, kdo nejsou ochotn\u00ed sm\u00ed\u0159it se s t\u00edm, \u017ee se na jimi vybran\u00fd typ \u0161koly nedostali kv\u016fli kapacit\u011b. Z\u00e1rove\u0148 v\u0161ak nen\u00ed nutn\u00e9&nbsp;absolvovat cizojazy\u010dnou \u0161kolku nebo bilingvn\u00ed z\u00e1kladn\u00ed \u0161kolu jako prerekvizitu. Nap\u0159\u00edklad na boarding&nbsp;\u0161kol\u00e1ch v USA jsou p\u0159ipraven\u00ed na studenty ze zahrani\u010d\u00ed a maj\u00ed pro n\u011b propracovan\u00fd podp\u016frn\u00fd jazykov\u00fd program, pokud ho pot\u0159ebuj\u00ed<\/em>,\u201d reaguje Lucia Klimkov\u00e1, \u0159editelka spole\u010dnosti Education.cz, kter\u00e1 se zab\u00fdv\u00e1 pr\u00e1v\u011b pomoc\u00ed \u010desk\u00fdm student\u016fm na \u0161koly do zahrani\u010d\u00ed.&nbsp;<\/p>\n\n\n\n<p><strong>Ve stresu jsou studenti i kv\u016fli form\u011b p\u0159ij\u00ed<\/strong><strong>mac<\/strong><strong>\u00edch zkou\u0161ek<\/strong><\/p>\n\n\n\n<p>Situace otev\u00edr\u00e1 i ot\u00e1zku ohledn\u011b p\u0159ij\u00edmac\u00edho \u0159\u00edzen\u00ed.&nbsp;\u201c<em>Jednotn\u00e9&nbsp;p\u00edsemn\u00e9&nbsp;testy CERMAT jsou nedod\u011blkem, kter\u00fd pro studenty znamen\u00e1 v\u00edce stresu, kter\u00fd je zn\u00e1soben tlakem od rodi\u010d\u016f z d\u016fvodu nedostate\u010dn\u00e9&nbsp;kapacity \u0161kol. Jsou jednostrann\u011b zam\u011b\u0159en\u00e9, bez respektu k r\u016fzn\u00fdm poruch\u00e1m u\u010den\u00ed. Nav\u00edc z d\u016fvodu p\u0159evisu po\u010dtu d\u011bt\u00ed&nbsp;si&nbsp;\u0161koly, kter\u00e9&nbsp;maj\u00ed dobr\u00e9&nbsp;reference, nastavily v\u00edce-kolov\u00e1 p\u0159ij\u00edmac\u00ed \u0159\u00edzen\u00ed<\/em>,\u201d popisuje Martina Nim\u010dov\u00e1, kter\u00e1 se nakonec rozhodla synovi dop\u0159\u00e1t studium na st\u0159edn\u00ed \u0161kole v USA.<\/p>\n\n\n\n<p>\u201c<em>I tady se nab\u00edz\u00ed srovn\u00e1n\u00ed se zahrani\u010d\u00edm. Na st\u0159edn\u00ed \u0161koly v zahrani\u010d\u00ed obvykle studenti neskl\u00e1daj\u00ed jednotn\u00fd test, ale \u0161kola chce studenta trochu poznat. Zjistit jeho z\u00e1jmy, aby mohla posoudit, jestli si mohou vz\u00e1jemn\u011b p\u0159in\u00e9st n\u011bjakou hodnotu. Studenti mohou ps\u00e1t motiva\u010dn\u00ed dopis nebo esej na zadan\u00e9&nbsp;t\u00e9ma, absolvuj\u00ed&nbsp;interview a samoz\u0159ejm\u011b dokl\u00e1daj\u00ed vysv\u011bd\u010den\u00ed, ale i doporu\u010den\u00ed od u\u010ditel\u016f. Jde o komplexn\u00ed posouzen\u00ed, ne jen jeden standardizovan\u00fd test, absolvovan\u00fd pod velk\u00fdm tlakem<\/em>,\u201d popisuje Lucia Klimkov\u00e1&nbsp;z Education.cz.&nbsp;<\/p>\n\n\n\n<p><strong>Poc<\/strong><strong>\u00edtili nedostatek m\u00edst na st\u0159edn\u00ed<\/strong><strong>ch&nbsp;<\/strong><strong>\u0161kol\u00e1<\/strong><strong>ch?<\/strong><strong>&nbsp;<\/strong><\/p>\n\n\n\n<p>Mnoz\u00ed rodi\u010de i letos budou \u0159e\u0161it nedostatek m\u00edst na st\u0159edn\u00edch&nbsp;\u0161kol\u00e1ch a mnoh\u00e9&nbsp;studenty tak op\u011bt \u010dek\u00e1 zklam\u00e1n\u00ed.&nbsp;\u201c<em>Stres cel\u00e9&nbsp;rodiny ohledn\u011b p\u0159ij\u00edma\u010dek, zda se syn dostane tam, kam chce, n\u00e1s nakonec p\u0159esv\u011bd\u010dil, \u017ee to cel\u00e9&nbsp;je jeden velk\u00fd nesmysl a rozhodli jsme se zkusit zahrani\u010dn\u00ed \u0161koly<\/em>,\u201d dod\u00e1v\u00e1 pan\u00ed Nim\u010dov\u00e1.<\/p>\n\n\n\n<p><strong>Zazn\u00edvaj\u00ed i hlasy ze \u0161kol<\/strong><\/p>\n\n\n\n<p>Velk\u00fd n\u00e1por a nedostate\u010dn\u00e9&nbsp;povolen\u00e9&nbsp;kapacity poc\u00edtily i \u0161koly samotn\u00e9. Na SPg\u0160 Futurum nap\u0159\u00edklad \u0159e\u0161ili koncem roku velk\u00fd z\u00e1jem a otev\u00edrali i t\u0159\u00eddy, se kter\u00fdmi p\u016fvodn\u011b nepo\u010d\u00edtali.&nbsp;\u201c<em>Na\u0161t\u011bst\u00ed se n\u00e1m v lo\u0148sk\u00e9m roce poda\u0159ilo zv\u00fd\u0161it kapacitu d\u00edky otev\u0159en\u00ed Pedagogick\u00e9ho lycea &#8211; Akademick\u00e9ho a tak jsme mohli nabrat o celou jednu t\u0159\u00eddu&nbsp;\u017e\u00e1k\u016f v\u00edce, ne\u017e jsme p\u016fvodn\u011b pl\u00e1novali. Jinak ale byly kapacity povolen\u00e9&nbsp;ministerstvem nedostate\u010dn\u00e9&nbsp;a letos n\u00e1s \u010dek\u00e1 stejn\u00fd probl\u00e9m<\/em>,\u201d komentuje \u0159editelka St\u0159edn\u00ed pedagogick\u00e9 \u0161koly Futurum MgA. Kate\u0159ina Ondr\u00e1\u010dkov\u00e1.<\/p>\n\n\n\n<p>\u201c<em>Leto\u0161n\u00ed rok je o \u0161kolu st\u00e1le v\u011bt\u0161\u00ed z\u00e1jem a rodi\u010de si dob\u0159e uv\u011bdomuj\u00ed, \u017ee dostat sv\u00e9&nbsp;d\u00edt\u011b&nbsp;na st\u0159edn\u00ed \u0161kolu, bude opravdu n\u00e1ro\u010dn\u00e9. Je tak na ob\u011b strany vyv\u00edjen tlak. St\u00e1le je nedostate\u010dn\u00e1 kapacita pro siln\u00e9&nbsp;ro\u010dn\u00edky. \u010cek\u00e1me na vyj\u00e1d\u0159en\u00ed ministerstva, zda n\u00e1m bude kapacita op\u011bt nav\u00fd\u0161ena. Bl\u00ed\u017e\u00ed&nbsp;se v\u0161ak \u00fanor a st\u00e1le nem\u00e1me vyj\u00e1d\u0159en\u00ed. Budeme tedy doufat, \u017ee stanovisko bude kladn\u00e9&nbsp;a uspokoj\u00edme velkou popt\u00e1vku a p\u0159evis z\u00e1jemc\u016f<\/em>,\u201d dod\u00e1v\u00e1 \u0159editelka \u0161koly.<\/p>\n\n\n\n<p>\u201c<em>V\u0161echny, kdo se k n\u00e1m hl\u00e1s\u00ed p\u0159ijmout nem\u016f\u017eeme, p\u0159esto,&nbsp;\u017ee se k n\u00e1m hl\u00e1s\u00ed spousta talentovan\u00fdch z\u00e1jemc\u016f. Mnoho \u017e\u00e1k\u016f v\u0161ak tak\u00e9&nbsp;nechce volit alternativu jen proto, \u017ee na n\u011b nezbylo m\u00edsto na jejich vysn\u011bn\u00e9 \u0161kole. Bohu\u017eel ale \u010dasto mus\u00ed a \u010dasto se pak ocitaj\u00ed na \u0161kol\u00e1ch, kde se m\u00edsto uvolnilo a to ovlivn\u00ed jejich dal\u0161\u00ed sm\u011b\u0159ov\u00e1n\u00ed. Jsou na oborech, kter\u00e9&nbsp;jsou pro n\u011b n\u00e1hradou, nenapl\u0148uj\u00ed jejich p\u0159edstavy, nerozv\u00edj\u00ed jejich nad\u00e1n\u00ed. \u017d\u00e1ci pak \u010dasto v pr\u016fb\u011bhu studia p\u0159ech\u00e1zej\u00ed. St\u00e1le n\u00e1m volaj\u00ed \u017e\u00e1ci, kte\u0159\u00ed se k n\u00e1m nedostali &#8211; s nad\u011bj\u00ed, \u017ee se uvoln\u00ed m\u00edsto<\/em>,\u201d dod\u00e1v\u00e1&nbsp;Ondr\u00e1\u010dkov\u00e1.<\/p>\n","protected":false},"excerpt":{"rendered":"<p>&#8222;Stres cel\u00e9 rodiny n\u00e1s nakonec p\u0159esv\u011bd\u010dil zkusit \u0161koly v zahrani\u010d\u00ed\u201d Stejn\u011b jako minul\u00fd rok i letos je a bude probl\u00e9m s nedostatkem m\u00edst na st\u0159edn\u00edch&nbsp;\u0161kol\u00e1ch. Syst\u00e9m umo\u017e\u0148uje \u017e\u00e1k\u016fm v prvn\u00edm kole vybrat si dv\u011b \u0161koly, na kter\u00e9&nbsp;by cht\u011bli opravdu j\u00edt. Kapacity \u0161kol ale neodpov\u00eddaj\u00ed mno\u017estv\u00ed&nbsp;dev\u00e1\u0165\u00e1k\u016f, kte\u0159\u00ed ka\u017edoro\u010dn\u011b kon\u010d\u00ed z\u00e1kladn\u00ed \u0161koly. Vznikaj\u00ed pak p\u0159evisy a pro [&hellip;]<\/p>\n","protected":false},"author":1,"featured_media":8002,"comment_status":"open","ping_status":"open","sticky":false,"template":"","format":"standard","meta":{"inline_featured_image":false,"_breakdance_hide_in_design_set":false,"_breakdance_tags":"","footnotes":""},"categories":[28,22,40],"tags":[2,176],"class_list":["post-9290","post","type-post","status-publish","format-standard","has-post-thumbnail","hentry","category-aktualne-ze-skolstvi","category-prijimaci-zkousky-na-stredni-skoly","category-stredni-skoly","tag-dulezite","tag-ss"],"acf":[],"_links":{"self":[{"href":"https:\/\/prahaskolska.200.solutions\/index.php?rest_route=\/wp\/v2\/posts\/9290","targetHints":{"allow":["GET"]}}],"collection":[{"href":"https:\/\/prahaskolska.200.solutions\/index.php?rest_route=\/wp\/v2\/posts"}],"about":[{"href":"https:\/\/prahaskolska.200.solutions\/index.php?rest_route=\/wp\/v2\/types\/post"}],"author":[{"embeddable":true,"href":"https:\/\/prahaskolska.200.solutions\/index.php?rest_route=\/wp\/v2\/users\/1"}],"replies":[{"embeddable":true,"href":"https:\/\/prahaskolska.200.solutions\/index.php?rest_route=%2Fwp%2Fv2%2Fcomments&post=9290"}],"version-history":[{"count":2,"href":"https:\/\/prahaskolska.200.solutions\/index.php?rest_route=\/wp\/v2\/posts\/9290\/revisions"}],"predecessor-version":[{"id":9296,"href":"https:\/\/prahaskolska.200.solutions\/index.php?rest_route=\/wp\/v2\/posts\/9290\/revisions\/9296"}],"wp:featuredmedia":[{"embeddable":true,"href":"https:\/\/prahaskolska.200.solutions\/index.php?rest_route=\/wp\/v2\/media\/8002"}],"wp:attachment":[{"href":"https:\/\/prahaskolska.200.solutions\/index.php?rest_route=%2Fwp%2Fv2%2Fmedia&parent=9290"}],"wp:term":[{"taxonomy":"category","embeddable":true,"href":"https:\/\/prahaskolska.200.solutions\/index.php?rest_route=%2Fwp%2Fv2%2Fcategories&post=9290"},{"taxonomy":"post_tag","embeddable":true,"href":"https:\/\/prahaskolska.200.solutions\/index.php?rest_route=%2Fwp%2Fv2%2Ftags&post=9290"}],"curies":[{"name":"wp","href":"https:\/\/api.w.org\/{rel}","templated":true}]}}