{"id":9287,"date":"2023-02-27T09:58:00","date_gmt":"2023-02-27T08:58:00","guid":{"rendered":"https:\/\/prahaskolska.200.solutions\/?p=9287"},"modified":"2023-02-26T19:58:28","modified_gmt":"2023-02-26T18:58:28","slug":"prehled-mimoskolnich-aktivit-ktere-vam-vylepsi-cv","status":"publish","type":"post","link":"https:\/\/prahaskolska.200.solutions\/?p=9287","title":{"rendered":"<strong>P\u0159ehled mimo\u0161koln\u00edch aktivit, kter\u00e9 v\u00e1m vylep\u0161\u00ed CV<\/strong>"},"content":{"rendered":"\n<p><strong>Studujete z\u00e1kladn\u00ed, st\u0159edn\u00ed nebo vysokou \u0161kolu a m\u00e1te obavy z\u00a0toho, \u017ee nastoup\u00edte do zam\u011bstn\u00e1n\u00ed bez zku\u0161enost\u00ed? P\u0159in\u00e1\u0161\u00edme v\u00e1m p\u0159ehled mimo\u0161koln\u00edch aktivit, kter\u00e9 v\u00e1m vylep\u0161\u00ed CV natolik, \u017ee nad v\u00e1mi \u017e\u00e1dn\u00fd zam\u011bstnavatel nezanev\u0159e o\u010di.\u00a0<\/strong><\/p>\n\n\n\n<p><strong>Mezin\u00e1rodn\u00ed cena v\u00e9vody z&nbsp;Edinburghu<\/strong><\/p>\n\n\n\n<p>Mezin\u00e1rodn\u00ed cena v\u00e9vody z\u00a0Edinburghu je celosv\u011btov\u00fd program pro v\u0161echny od \u010dtrn\u00e1cti do \u0161estadvaceti let. Zalo\u017eil ho princ Philip v\u00a0roce 1956 a jeho c\u00edlem je povzbudit mlad\u00e9 lidi v osobn\u00edm rozvoji. \u00da\u010dastn\u00edci programu si sami stanovuj\u00ed c\u00edle ve \u010dty\u0159ech z\u00e1kladn\u00edch oblastech, mezi kter\u00e9 pat\u0159\u00ed rozvoj dovednost\u00ed, sportovn\u00ed aktivita, dobrovolnictv\u00ed a dobrodru\u017en\u00e1 expedice. Na ka\u017ed\u00e9ho jednotlivce dohl\u00ed\u017e\u00ed mentor a pom\u00e1h\u00e1 mu s\u00a0pln\u011bn\u00edm c\u00edl\u016f. Za spln\u011bn\u00ed cel\u00e9ho programu pak ka\u017ed\u00fd obdr\u017e\u00ed certifik\u00e1t, kter\u00fd uzn\u00e1vaj\u00ed zam\u011bstnavatel\u00e9 v\u00a0\u010cesku i v\u00a0zahrani\u010d\u00ed.\u00a0<\/p>\n\n\n\n<p><strong>Yoda Mentorship program<\/strong><\/p>\n\n\n\n<p>Yoda Mentorship program je neziskov\u00fd program propojuj\u00edc\u00ed \u010desk\u00e9 st\u0159edo\u0161kol\u00e1ky s mlad\u00fdmi profesion\u00e1ly a \u00fasp\u011b\u0161n\u00fdmi studenty \u010desk\u00fdch i zahrani\u010dn\u00edch univerzit. Program rozv\u00edj\u00ed nadan\u00e9 st\u0159edo\u0161kol\u00e1ky z&nbsp;cel\u00e9 \u010cesk\u00e9 republiky, a to pomoc\u00ed p\u0159ed\u00e1v\u00e1n\u00ed zku\u0161enost\u00ed, informac\u00ed a motivace od zku\u0161en\u00fdch mentor\u016f. Ka\u017ed\u00fd \u00fa\u010dastn\u00edk m\u00e1 tak\u00e9 mo\u017enost vytvo\u0159it si b\u011bhem programu sv\u016fj projekt. Jak stoj\u00ed na str\u00e1nk\u00e1ch programu, projekt m\u016f\u017ee b\u00fdt relativn\u011b nen\u00e1ro\u010dn\u00fd, t\u0159eba zorganizov\u00e1n\u00ed semin\u00e1\u0159e pro spolu\u017e\u00e1ky o n\u011bjak\u00e9m d\u016fle\u017eit\u00e9m t\u00e9matu, nebo dlouhodob\u011bj\u0161\u00edho \u010di v\u011bt\u0161\u00edho charakteru, jako je naps\u00e1n\u00ed knihy \u010di zalo\u017een\u00ed spolku. Po dokon\u010den\u00ed tak\u00e9 ka\u017ed\u00fd obdr\u017e\u00ed certifik\u00e1t, kter\u00fd m\u016f\u017ee uv\u00e9st ve sv\u00e9m \u017eivotopise.&nbsp;<\/p>\n\n\n\n<p><strong>Projekty Erasmus plus<\/strong><\/p>\n\n\n\n<p>Ka\u017ed\u00fd od t\u0159in\u00e1cti do t\u0159iceti let m\u016f\u017ee vyjet na cca t\u00fddenn\u00ed projekt Erasmus plus. Nej\u010dast\u011bji to b\u00fdvaj\u00ed v\u00fdm\u011bny ml\u00e1de\u017ee a tr\u00e9ninkov\u00e9 kurzy. V\u0161echny projekty maj\u00ed sv\u00e9 specifick\u00e9 t\u00e9ma, kter\u00e9 se prob\u00edr\u00e1 po celou dobu. Ve\u0161ker\u00e9 aktivity na projektu jsou organizovan\u00e9 pomoc\u00ed neform\u00e1ln\u00edch zp\u016fsob\u016f vzd\u011bl\u00e1v\u00e1n\u00ed a \u00fa\u010dastn\u00edci si tak zkus\u00ed r\u016fzn\u00e9 workshopy, p\u0159edn\u00e1\u0161ky, debaty \u010di prezentace. Po absolvov\u00e1n\u00ed ka\u017ed\u00e9ho Erasmu pak ka\u017ed\u00fd obdr\u017e\u00ed Youthpass, kter\u00fd je uzn\u00e1van\u00fd zam\u011bstnavateli po cel\u00e9m sv\u011bt\u011b.&nbsp;<\/p>\n\n\n\n<p><strong>European Solidarity Corps<\/strong><\/p>\n\n\n\n<p>V\u00a0r\u00e1mci programu European Solidarity Corps m\u00e1 ka\u017ed\u00fd mlad\u00fd \u010dlov\u011bk od osmn\u00e1cti do t\u0159iceti let mo\u017enost vyjet dobrovolni\u010dit do zahrani\u010d\u00ed. Evropsk\u00e1 Unie mu p\u0159isp\u00edv\u00e1 na ubytov\u00e1n\u00ed, dopravu a stravu. Druh dobrovolni\u010den\u00ed si ka\u017ed\u00fd s\u00e1m vyb\u00edr\u00e1. M\u016f\u017ee to b\u00fdt v\u00fduka angli\u010dtiny v\u00a0Turecku, pr\u00e1ce ve \u0161kolce v\u00a0\u010cesku nebo t\u0159eba zahradni\u010den\u00ed ve \u0160pan\u011blsku. Na konci ka\u017ed\u00e9ho programu pak \u00fa\u010dastn\u00edci obdr\u017e\u00ed Youthpass a potvrzen\u00ed od organizace, kter\u00e9 v\u00a0\u017eivotopise tak\u00e9 jen z\u00e1\u0159\u00ed.\u00a0<\/p>\n\n\n\n<p><strong>Letn\u00ed akademie Discover<\/strong><\/p>\n\n\n\n<p>Letn\u00ed akademie je t\u00fddenn\u00ed pobyt v p\u0159\u00edrod\u011b, kde m\u00e1 ka\u017ed\u00fd \u00fa\u010dastn\u00edk mo\u017enost si vyzkou\u0161et nejr\u016fzn\u011bj\u0161\u00ed obory od medic\u00edny a\u017e po v\u00fdvoj um\u011bl\u00e9 inteligence \u010di nap\u0159\u00edklad politologii. Cel\u00fd program vedou zku\u0161en\u00ed mento\u0159i, kte\u0159\u00ed \u00fa\u010dastn\u00edk\u016fm pom\u00e1haj\u00ed s&nbsp;v\u00fdb\u011brem dal\u0161\u00edho studia \u010di zam\u011bstn\u00e1n\u00ed, o v\u0161em spole\u010dn\u011b diskutuj\u00ed a rozv\u00edj\u00ed se. \u00da\u010dastn\u00edci tak\u00e9 z\u00edskaj\u00ed velmi cenn\u00e9 kontakty na inspirativn\u00ed lidi z&nbsp;cel\u00e9 republiky.&nbsp;<\/p>\n","protected":false},"excerpt":{"rendered":"<p>Studujete z\u00e1kladn\u00ed, st\u0159edn\u00ed nebo vysokou \u0161kolu a m\u00e1te obavy z\u00a0toho, \u017ee nastoup\u00edte do zam\u011bstn\u00e1n\u00ed bez zku\u0161enost\u00ed? P\u0159in\u00e1\u0161\u00edme v\u00e1m p\u0159ehled mimo\u0161koln\u00edch aktivit, kter\u00e9 v\u00e1m vylep\u0161\u00ed CV natolik, \u017ee nad v\u00e1mi \u017e\u00e1dn\u00fd zam\u011bstnavatel nezanev\u0159e o\u010di.\u00a0 Mezin\u00e1rodn\u00ed cena v\u00e9vody z&nbsp;Edinburghu Mezin\u00e1rodn\u00ed cena v\u00e9vody z\u00a0Edinburghu je celosv\u011btov\u00fd program pro v\u0161echny od \u010dtrn\u00e1cti do \u0161estadvaceti let. Zalo\u017eil ho princ Philip [&hellip;]<\/p>\n","protected":false},"author":20,"featured_media":8227,"comment_status":"open","ping_status":"open","sticky":false,"template":"","format":"standard","meta":{"inline_featured_image":false,"_breakdance_hide_in_design_set":false,"_breakdance_tags":"","footnotes":""},"categories":[300],"tags":[],"class_list":["post-9287","post","type-post","status-publish","format-standard","has-post-thumbnail","hentry","category-inspirace-2"],"acf":[],"_links":{"self":[{"href":"https:\/\/prahaskolska.200.solutions\/index.php?rest_route=\/wp\/v2\/posts\/9287","targetHints":{"allow":["GET"]}}],"collection":[{"href":"https:\/\/prahaskolska.200.solutions\/index.php?rest_route=\/wp\/v2\/posts"}],"about":[{"href":"https:\/\/prahaskolska.200.solutions\/index.php?rest_route=\/wp\/v2\/types\/post"}],"author":[{"embeddable":true,"href":"https:\/\/prahaskolska.200.solutions\/index.php?rest_route=\/wp\/v2\/users\/20"}],"replies":[{"embeddable":true,"href":"https:\/\/prahaskolska.200.solutions\/index.php?rest_route=%2Fwp%2Fv2%2Fcomments&post=9287"}],"version-history":[{"count":1,"href":"https:\/\/prahaskolska.200.solutions\/index.php?rest_route=\/wp\/v2\/posts\/9287\/revisions"}],"predecessor-version":[{"id":9288,"href":"https:\/\/prahaskolska.200.solutions\/index.php?rest_route=\/wp\/v2\/posts\/9287\/revisions\/9288"}],"wp:featuredmedia":[{"embeddable":true,"href":"https:\/\/prahaskolska.200.solutions\/index.php?rest_route=\/wp\/v2\/media\/8227"}],"wp:attachment":[{"href":"https:\/\/prahaskolska.200.solutions\/index.php?rest_route=%2Fwp%2Fv2%2Fmedia&parent=9287"}],"wp:term":[{"taxonomy":"category","embeddable":true,"href":"https:\/\/prahaskolska.200.solutions\/index.php?rest_route=%2Fwp%2Fv2%2Fcategories&post=9287"},{"taxonomy":"post_tag","embeddable":true,"href":"https:\/\/prahaskolska.200.solutions\/index.php?rest_route=%2Fwp%2Fv2%2Ftags&post=9287"}],"curies":[{"name":"wp","href":"https:\/\/api.w.org\/{rel}","templated":true}]}}