{"id":9245,"date":"2023-02-22T10:03:00","date_gmt":"2023-02-22T09:03:00","guid":{"rendered":"https:\/\/prahaskolska.200.solutions\/?p=9245"},"modified":"2023-02-21T14:04:41","modified_gmt":"2023-02-21T13:04:41","slug":"vzdelavaci-programy-campu-seznami-zaky-i-studenty-s-urbanismem","status":"publish","type":"post","link":"https:\/\/prahaskolska.200.solutions\/?p=9245","title":{"rendered":"Vzd\u011bl\u00e1vac\u00ed programy CAMPu sezn\u00e1m\u00ed \u017e\u00e1ky i studenty s urbanismem"},"content":{"rendered":"\n<p><strong>Centrum architektury a m\u011bstsk\u00e9ho pl\u00e1nov\u00e1n\u00ed (CAMP) s\u00eddl\u00edc\u00ed nedaleko Karlova n\u00e1m\u011bst\u00ed nab\u00edz\u00ed \u0161irokou \u0161k\u00e1lu mo\u017enost\u00ed kulturn\u00edho vy\u017eit\u00ed. Krom\u011b p\u0159edn\u00e1\u0161ek a v\u00fdstav se zam\u011b\u0159uje tak\u00e9 na mlad\u0161\u00ed ro\u010dn\u00edky, pro kter\u00e9 p\u0159ipravuje komentovan\u00e9 prohl\u00eddky, v\u00fdukov\u00fd blok \u010di projekty.<\/strong><\/p>\n\n\n\n<p>Programy CAMPu jsou ur\u010den\u00e9 pro d\u011bti, \u017e\u00e1ky i studenty, kte\u0159\u00ed se cht\u011bj\u00ed dozv\u011bd\u011bt n\u011bco o m\u011bst\u011b, ve kter\u00e9m \u017eij\u00ed. V r\u00e1mci program\u016f s d\u011btmi pracuje t\u00fdm lektor\u016f a lektorek, kte\u0159\u00ed jim pom\u00e1haj\u00ed prozkoum\u00e1vat m\u011bsto a zji\u0161\u0165ovat, jak funguje. CAMP tak\u00e9 pravideln\u011b po\u0159\u00e1d\u00e1 proch\u00e1zkov\u00e9 cykly, kter\u00e9 d\u011btem ukazuj\u00ed metropoli z nov\u00e9 perspektivy. V nab\u00eddce nechyb\u00ed ani p\u0159\u00edm\u011bstsk\u00e9 t\u00e1bory.<\/p>\n\n\n\n<p><strong>Pro d\u011bti<\/strong><\/p>\n\n\n\n<p>Proch\u00e1zkov\u00e9 cykly s n\u00e1zvem <strong>Objevujeme m\u011bsto<\/strong> se konaj\u00ed ka\u017ed\u00fd druh\u00fd \u010dtvrtek v m\u011bs\u00edci od 15 do 18 hodin a jsou ur\u010deny pro d\u011bti ve v\u011bku 8 &#8211; 18 let. \u017d\u00e1ci i studenti se v r\u00e1mci proch\u00e1zek pod\u00edvaj\u00ed na zaj\u00edmav\u00e1 a skryt\u00e1 m\u00edsta, kter\u00fdmi je prov\u00e1zej\u00ed ti, kte\u0159\u00ed je znaj\u00ed nejl\u00e9pe. <\/p>\n\n\n\n<p>Pro v\u011bkovou kategorii 9 &#8211; 15 let je ur\u010den program <strong>M\u011bsto ve tv\u00fdch rukou<\/strong> zaji\u0161\u0165ovan\u00fd odborn\u00edky a odbornicemi z Institutu pl\u00e1nov\u00e1n\u00ed a rozvoje hl. m. Prahy (IPR). V r\u00e1mci tohoto programu si d\u011bti spole\u010dn\u011b z odborn\u00edky pov\u00eddaj\u00ed, vym\u00fd\u0161lej\u00ed a pl\u00e1nuj\u00ed m\u011bsto podle sv\u00fdch p\u0159edstav a p\u0159\u00e1n\u00ed. Program se kon\u00e1 pravideln\u011b ka\u017ed\u00fd \u010dtvrtek (krom\u011b druh\u00e9ho \u010dtvrtka v m\u011bs\u00edci) od 15 do 17 hodin.<\/p>\n\n\n\n<p>V CAMPu jsou jednou m\u011bs\u00ed\u010dn\u011b po\u0159\u00e1d\u00e1ny tak\u00e9 <strong>v\u00fdtvarn\u00e9 d\u00edlny k aktu\u00e1ln\u011b prob\u00edhaj\u00edc\u00ed v\u00fdstav\u011b<\/strong>, se kterou se z\u00e1bavnou formou sezn\u00e1m\u00ed i ti nejmen\u0161\u00ed. D\u00edlny jsou ur\u010deny pro d\u011bti ve v\u011bku 6 &#8211; 15 let.<\/p>\n\n\n\n<p><\/p>\n\n\n\n<p><strong>Pro \u0161koly<\/strong><\/p>\n\n\n\n<p>\u0160kol\u00e1m jsou ur\u010deny <strong>komentovan\u00e9 prohl\u00eddky k aktu\u00e1ln\u00ed v\u00fdstav\u011b<\/strong>, kter\u00e9 zaji\u0161\u0165uj\u00ed vy\u0161kolen\u00ed kustodi a kustodky \u010di odbornice a odborn\u00edci. Prohl\u00eddky jsou v\u017edy zam\u011b\u0159eny na dan\u00e9 t\u00e9ma a lze je spojit i s workshopem vymy\u0161len\u00fdm na m\u00edru.<\/p>\n\n\n\n<p>Dal\u0161\u00edm z projekt\u016f je <strong>Pr\u016fzkumn\u00edk<\/strong>, kter\u00fd se zam\u011b\u0159uje na pozn\u00e1v\u00e1n\u00ed ve\u0159ejn\u00e9ho prostoru \u010di na jeho fungov\u00e1n\u00ed. Projekt tak\u00e9 uk\u00e1\u017ee, co n\u00e1m m\u016f\u017ee ve\u0159ejn\u00fd prostor nab\u00eddnout a pro\u010d je dobr\u00e9 se o n\u011bj zaj\u00edmat a starat. Projekt je ur\u010den pro \u017e\u00e1ky ve v\u011bku 9 &#8211; 14 let a je organizov\u00e1n p\u0159\u00edmo ve \u0161kole.<\/p>\n\n\n\n<p>V\u00fdukov\u00fd blok pro \u0161koly s n\u00e1zvem <strong>Pl\u00e1nova\u010d<\/strong> sezn\u00e1m\u00ed \u017e\u00e1ky s \u00fazemn\u00edm pl\u00e1nem. Uk\u00e1\u017ee jim nejen, co to je, ale tak\u00e9 je sezn\u00e1m\u00ed s mo\u017enostmi jeho pou\u017eit\u00ed pro sv\u016fj z\u00e1m\u011br. Blok \u017e\u00e1ky sezn\u00e1m\u00ed s t\u00edm, jak\u00fdm zp\u016fsobem se krajina a m\u011bsta vyv\u00edjely a uk\u00e1\u017ee jim, jak je mo\u017en\u00e9 jejich historii \u010d\u00edst ze sou\u010dasn\u00e9ho stavu. V\u00fdukov\u00fd blok je ur\u010den \u017e\u00e1k\u016fm ve v\u011bku 10 &#8211; 17 let a je realizov\u00e1n p\u0159\u00edmo ve \u0161kole.<\/p>\n\n\n\n<p><strong>Pro rodi\u010de s d\u011btmi<\/strong><\/p>\n\n\n\n<p>Rodi\u010d\u016fm a d\u011btem jsou ur\u010deny <strong>pracovn\u00ed listy<\/strong>, ve kter\u00fdch se dozv\u00edte zaj\u00edmavosti o Praze \u010di p\u0159\u00edmo o are\u00e1lu, ve kter\u00e9m CAMP s\u00eddl\u00ed. Pracovn\u00ed listy jsou dostupn\u00e9 u kustod\u016f pohybuj\u00edc\u00edch se na plo\u0161e CAMPu.<\/p>\n\n\n\n<p>V \u0161upl\u00edc\u00edch u studovny lze naj\u00edt r\u016fzn\u00e9 <strong>hry<\/strong>, lego, v\u00fdtvarn\u00e9 pot\u0159eby \u010di skl\u00e1da\u010dky z pap\u00edru. Are\u00e1l nab\u00edz\u00ed tak\u00e9 mo\u017enost sportovn\u00edch aktivit, jako je ping-pong, kroket \u010di \u010clov\u011b\u010de nezlob se.<\/p>\n\n\n\n<p>Jednou za m\u011bs\u00edc jsou v CAMPu po\u0159\u00e1d\u00e1ny akce s n\u00e1zvem <strong>Archihr\u00e1tky<\/strong>, v r\u00e1mci kter\u00fdch je p\u0159edstavena tvorba zn\u00e1m\u00fdch architekt\u016f a architektek. Ur\u010deny jsou pro d\u011bti ve v\u011bku 2 &#8211; 7 let v doprovodu rodi\u010d\u016f.<\/p>\n","protected":false},"excerpt":{"rendered":"<p>Centrum architektury a m\u011bstsk\u00e9ho pl\u00e1nov\u00e1n\u00ed (CAMP) s\u00eddl\u00edc\u00ed nedaleko Karlova n\u00e1m\u011bst\u00ed nab\u00edz\u00ed \u0161irokou \u0161k\u00e1lu mo\u017enost\u00ed kulturn\u00edho vy\u017eit\u00ed. Krom\u011b p\u0159edn\u00e1\u0161ek a v\u00fdstav se zam\u011b\u0159uje tak\u00e9 na mlad\u0161\u00ed ro\u010dn\u00edky, pro kter\u00e9 p\u0159ipravuje komentovan\u00e9 prohl\u00eddky, v\u00fdukov\u00fd blok \u010di projekty. Programy CAMPu jsou ur\u010den\u00e9 pro d\u011bti, \u017e\u00e1ky i studenty, kte\u0159\u00ed se cht\u011bj\u00ed dozv\u011bd\u011bt n\u011bco o m\u011bst\u011b, ve kter\u00e9m \u017eij\u00ed. V [&hellip;]<\/p>\n","protected":false},"author":24,"featured_media":9248,"comment_status":"open","ping_status":"open","sticky":false,"template":"","format":"standard","meta":{"inline_featured_image":false,"_breakdance_hide_in_design_set":false,"_breakdance_tags":"","footnotes":""},"categories":[20,77,42,41,286],"tags":[],"class_list":["post-9245","post","type-post","status-publish","format-standard","has-post-thumbnail","hentry","category-mimoskolni-vzdelavani","category-napady-do-vyuky","category-pro-pedagogy","category-pro-verejnost","category-vystavy"],"acf":[],"_links":{"self":[{"href":"https:\/\/prahaskolska.200.solutions\/index.php?rest_route=\/wp\/v2\/posts\/9245","targetHints":{"allow":["GET"]}}],"collection":[{"href":"https:\/\/prahaskolska.200.solutions\/index.php?rest_route=\/wp\/v2\/posts"}],"about":[{"href":"https:\/\/prahaskolska.200.solutions\/index.php?rest_route=\/wp\/v2\/types\/post"}],"author":[{"embeddable":true,"href":"https:\/\/prahaskolska.200.solutions\/index.php?rest_route=\/wp\/v2\/users\/24"}],"replies":[{"embeddable":true,"href":"https:\/\/prahaskolska.200.solutions\/index.php?rest_route=%2Fwp%2Fv2%2Fcomments&post=9245"}],"version-history":[{"count":2,"href":"https:\/\/prahaskolska.200.solutions\/index.php?rest_route=\/wp\/v2\/posts\/9245\/revisions"}],"predecessor-version":[{"id":9247,"href":"https:\/\/prahaskolska.200.solutions\/index.php?rest_route=\/wp\/v2\/posts\/9245\/revisions\/9247"}],"wp:featuredmedia":[{"embeddable":true,"href":"https:\/\/prahaskolska.200.solutions\/index.php?rest_route=\/wp\/v2\/media\/9248"}],"wp:attachment":[{"href":"https:\/\/prahaskolska.200.solutions\/index.php?rest_route=%2Fwp%2Fv2%2Fmedia&parent=9245"}],"wp:term":[{"taxonomy":"category","embeddable":true,"href":"https:\/\/prahaskolska.200.solutions\/index.php?rest_route=%2Fwp%2Fv2%2Fcategories&post=9245"},{"taxonomy":"post_tag","embeddable":true,"href":"https:\/\/prahaskolska.200.solutions\/index.php?rest_route=%2Fwp%2Fv2%2Ftags&post=9245"}],"curies":[{"name":"wp","href":"https:\/\/api.w.org\/{rel}","templated":true}]}}