{"id":9216,"date":"2023-02-20T12:04:49","date_gmt":"2023-02-20T11:04:49","guid":{"rendered":"https:\/\/prahaskolska.200.solutions\/?p=9216"},"modified":"2023-02-20T12:04:50","modified_gmt":"2023-02-20T11:04:50","slug":"novy-eticky-kodex-ucitele-budi-kontroverze","status":"publish","type":"post","link":"https:\/\/prahaskolska.200.solutions\/?p=9216","title":{"rendered":"Nov\u00fd Etick\u00fd kodex u\u010ditele bud\u00ed kontroverze"},"content":{"rendered":"\n<p><strong>P\u0159ed zhruba dv\u011bma m\u011bs\u00edci vznikl Etick\u00fd kodex u\u010ditele<\/strong>. <strong>Dle autor\u016f m\u00e1 j\u00edt o dokument, kter\u00fd<\/strong> <strong>odpov\u00edd\u00e1 realit\u011b 21. stolet\u00ed, zohled\u0148uje technologick\u00e9 zm\u011bny i glob\u00e1ln\u00ed v\u00fdzvy. Od t\u00e9 doby se v\u0161ak stal p\u0159edm\u011btem mnoha debat a tak\u00e9 nemal\u00e9ho mno\u017estv\u00ed kritiky. Pro\u010d si na n\u011bj u\u010ditel\u00e9 st\u011b\u017euj\u00ed?<\/strong><\/p>\n\n\n\n<p>Ministr \u0161kolstv\u00ed Vladim\u00edr Bala\u0161 tvrd\u00ed, \u017ee u\u010ditel\u00e9 takov\u00fd kodex pot\u0159ebuj\u00ed, <em>\u201eproto\u017ee se t\u00e9m\u011b\u0159 ka\u017ed\u00fd den setk\u00e1vaj\u00ed se situacemi, kde se nelze \u0159\u00eddit jen z\u00e1konem<\/em>.\u201c U\u010ditel Gymn\u00e1zia Na Zatlance a Filozofick\u00e9 fakulty Univerzity Karlovy Michal Kaderka dod\u00e1v\u00e1: \u201e<em>Etick\u00fd kodex nem\u016f\u017ee b\u00fdt z\u00e1vazn\u00fd pro nikoho, nebo sp\u00ed\u0161 pr\u00e1vn\u011b vynutiteln\u00fd. Mor\u00e1lka nen\u00ed pr\u00e1vn\u011b vymahateln\u00e1, v\u00e1s nem\u016f\u017ee nikdo donutit, abyste n\u011bkoho v\u00a0tramvaji pustil sednout<\/em>,\u201c uvedl.<\/p>\n\n\n\n<p>Kodex vznikl spoluprac\u00ed mnoha organizac\u00ed, jako nap\u0159\u00edklad Asociace d\u011bkan\u016f pedagogick\u00fdch fakult,\u00a0Ministerstva \u0161kolstv\u00ed \u010di\u00a0\u010cesk\u00e9 \u0161koln\u00ed inspekce \u010cR. I p\u0159esto se hovo\u0159\u00ed o tom, \u017ee p\u016fsob\u00ed sp\u00ed\u0161e jako jak\u00e9si <em>\u201e<\/em>desatero&#8220; a nevzbuzuje profesion\u00e1ln\u00ed dojem, kter\u00fd od n\u011bj mnoz\u00ed o\u010dek\u00e1vaj\u00ed. Pedagog Rostislav Konopa uvedl n\u00e1sleduj\u00edc\u00ed: \u201e<em>Dokument evidentn\u011b nezpracoval ve fin\u00e1le lingvista<\/em>.&#8220; Lektor a u\u010ditel Robert \u010capek z\u00e1rove\u0148 na sv\u00e9m webu podot\u00fdk\u00e1, \u017ee na tvorb\u011b kodexu se pod\u00edlelo velk\u00e9 mno\u017estv\u00ed lid\u00ed, kte\u0159\u00ed nemaj\u00ed pedagogick\u00e9 zku\u0161enosti a ve fin\u00e1le jich je dost mo\u017en\u00e1 v\u00edce v\u011bt\u0161ina.<\/p>\n\n\n\n<p>\u010capek rovn\u011b\u017e mluv\u00ed o tom, \u017ee slovensk\u00fd Etick\u00fd k\u00f3dex pedagogick\u00e9ho zamestnanca se mu zamlouv\u00e1 mnohem v\u00edce, a to p\u0159ev\u00e1\u017en\u011b proto, \u017ee je obs\u00e1hlej\u0161\u00ed a formulace nejsou tolik kostrbat\u00e9. <em>\u201eSlovensk\u00fd kodex u\u010ditele je na sedmi str\u00e1nk\u00e1ch, \u010desk\u00fd by se ve\u0161el na polovinu jedn\u00e9 a\u00a0to i\u00a0hodn\u011b velk\u00fdm fontem. A\u00a0ty slovensk\u00e9 formulace nav\u00edc nejsou tak odfl\u00e1knut\u00e9.&#8220;<\/em><strong><a href=\"https:\/\/robertcapek.cz\/wp-content\/uploads\/2022\/12\/Ajt.jpg\"><\/a><\/strong><\/p>\n\n\n\n<p>Ke kodexu se vyj\u00e1d\u0159ila tak\u00e9 <a href=\"https:\/\/www.pedagogicka-komora.cz\/2022\/12\/eticky-kodex-ucitele-vznikal-zcela.html\" data-type=\"URL\" data-id=\"https:\/\/www.pedagogicka-komora.cz\/2022\/12\/eticky-kodex-ucitele-vznikal-zcela.html\">Pedagogick\u00e1 komora<\/a>, kter\u00e1 ne\u0161et\u0159ila slovy kritiky. <em>\u201eProfesn\u00ed etick\u00fd kodex m\u00e1 smysl pouze tehdy, pokud ho vyd\u00e1 p\u0159\u00edslu\u0161n\u00e1 profesn\u00ed komora, kter\u00e1 nad jeho dodr\u017eov\u00e1n\u00edm n\u00e1sledn\u011b bd\u00ed,\u201c<\/em>&nbsp;upozor\u0148uje Radek S\u00e1rk\u00f6zi, prezident spolku Pedagogick\u00e1 komora. D\u00e1le se zde p\u00ed\u0161e o tom, \u017ee ze v\u0161ech z\u00fa\u010dastn\u011bn\u00fdch organizac\u00ed je pouze jedna, kter\u00e1 p\u0159\u00edmo sdru\u017euje u\u010ditele \u010cesk\u00e9 republiky, dal\u0161\u00ed u\u010ditelsk\u00e9 spolky pr\u00fd nebyly k tvorb\u011b p\u0159izv\u00e1ny. <em>\u201eU\u010ditel\u00e9 to na soci\u00e1ln\u00edch s\u00edt\u00edch komentuj\u00ed rozho\u0159\u010den\u00fdmi slovy: zase se rozhoduje o n\u00e1s bez n\u00e1s,\u201c&nbsp;<\/em>\u0159\u00edk\u00e1 S\u00e1rk\u00f6zi.&nbsp;<em>\u201eI \u0159adov\u00ed \u010dlenov\u00e9 U\u010ditelsk\u00e9 platformy byli sezn\u00e1meni s hotov\u00fdm textem poprv\u00e9 a\u017e na tiskov\u00e9 konferenci jako v\u0161ichni ostatn\u00ed.\u201c<\/em> <\/p>\n\n\n\n<p>Z dal\u0161\u00edch v\u00fdpov\u011bd\u00ed u\u010ditel\u016f vypl\u00fdv\u00e1, \u017ee v\u011bt\u0161ina z nich s jednotliv\u00fdmi body kodexu nesouhlas\u00ed a p\u0159ijdou jim nadbyte\u010dn\u00e9, nesrozumiteln\u00e9 a \u0161patn\u011b formulovan\u00e9. U\u010ditelka jednoho z pra\u017esk\u00fdch gymn\u00e1zi\u00ed, kter\u00e1 si p\u0159\u00e1la z\u016fstat v anonymit\u011b, tvrd\u00ed: <em>\u201eP\u0159ijde mi, \u017ee s obsahem v\u011bt\u0161iny t\u011bchto bod\u016f jsem byla srozum\u011bna v r\u00e1mci sv\u00e9ho pedagogick\u00e9ho studia, a nepot\u0159ebuji, aby mi v tuto chv\u00edli n\u011bkdo p\u0159ipom\u00ednal, \u017ee si m\u00e1m na tyto v\u011bci d\u00e1vat pozor, obzvl\u00e1\u0161t\u011b ne formou pochybn\u00e9ho kodexu. Tak\u00e9 mi vad\u00ed, \u017ee obdobn\u00fd kodex nevznikl pro rodi\u010de a studenty, co\u017e by dle m\u00e9ho d\u00e1valo mnohem v\u011bt\u0161\u00ed smysl.&#8220;<\/em><\/p>\n\n\n\n<p><sup>Zdroj obr\u00e1zku: Obr\u00e1zek u\u017eivatele Pexels ze slu\u017eby <a href=\"https:\/\/pixabay.com\/cs\/photos\/ta\u0161ka-rezervovat-mu\u017e-m\u00f3da-kalhoty-1868758\/\">Pixabay<\/a><\/sup><\/p>\n","protected":false},"excerpt":{"rendered":"<p>P\u0159ed zhruba dv\u011bma m\u011bs\u00edci vznikl Etick\u00fd kodex u\u010ditele. Dle autor\u016f m\u00e1 j\u00edt o dokument, kter\u00fd odpov\u00edd\u00e1 realit\u011b 21. stolet\u00ed, zohled\u0148uje technologick\u00e9 zm\u011bny i glob\u00e1ln\u00ed v\u00fdzvy. Od t\u00e9 doby se v\u0161ak stal p\u0159edm\u011btem mnoha debat a tak\u00e9 nemal\u00e9ho mno\u017estv\u00ed kritiky. Pro\u010d si na n\u011bj u\u010ditel\u00e9 st\u011b\u017euj\u00ed? Ministr \u0161kolstv\u00ed Vladim\u00edr Bala\u0161 tvrd\u00ed, \u017ee u\u010ditel\u00e9 takov\u00fd kodex pot\u0159ebuj\u00ed, [&hellip;]<\/p>\n","protected":false},"author":25,"featured_media":9221,"comment_status":"open","ping_status":"open","sticky":false,"template":"","format":"standard","meta":{"inline_featured_image":false,"_breakdance_hide_in_design_set":false,"_breakdance_tags":"","footnotes":""},"categories":[46,47],"tags":[],"class_list":["post-9216","post","type-post","status-publish","format-standard","has-post-thumbnail","hentry","category-studentske-zpravodajstvi","category-vzdelavani"],"acf":[],"_links":{"self":[{"href":"https:\/\/prahaskolska.200.solutions\/index.php?rest_route=\/wp\/v2\/posts\/9216","targetHints":{"allow":["GET"]}}],"collection":[{"href":"https:\/\/prahaskolska.200.solutions\/index.php?rest_route=\/wp\/v2\/posts"}],"about":[{"href":"https:\/\/prahaskolska.200.solutions\/index.php?rest_route=\/wp\/v2\/types\/post"}],"author":[{"embeddable":true,"href":"https:\/\/prahaskolska.200.solutions\/index.php?rest_route=\/wp\/v2\/users\/25"}],"replies":[{"embeddable":true,"href":"https:\/\/prahaskolska.200.solutions\/index.php?rest_route=%2Fwp%2Fv2%2Fcomments&post=9216"}],"version-history":[{"count":3,"href":"https:\/\/prahaskolska.200.solutions\/index.php?rest_route=\/wp\/v2\/posts\/9216\/revisions"}],"predecessor-version":[{"id":9222,"href":"https:\/\/prahaskolska.200.solutions\/index.php?rest_route=\/wp\/v2\/posts\/9216\/revisions\/9222"}],"wp:featuredmedia":[{"embeddable":true,"href":"https:\/\/prahaskolska.200.solutions\/index.php?rest_route=\/wp\/v2\/media\/9221"}],"wp:attachment":[{"href":"https:\/\/prahaskolska.200.solutions\/index.php?rest_route=%2Fwp%2Fv2%2Fmedia&parent=9216"}],"wp:term":[{"taxonomy":"category","embeddable":true,"href":"https:\/\/prahaskolska.200.solutions\/index.php?rest_route=%2Fwp%2Fv2%2Fcategories&post=9216"},{"taxonomy":"post_tag","embeddable":true,"href":"https:\/\/prahaskolska.200.solutions\/index.php?rest_route=%2Fwp%2Fv2%2Ftags&post=9216"}],"curies":[{"name":"wp","href":"https:\/\/api.w.org\/{rel}","templated":true}]}}