{"id":9205,"date":"2023-02-18T10:51:00","date_gmt":"2023-02-18T09:51:00","guid":{"rendered":"https:\/\/prahaskolska.200.solutions\/?p=9205"},"modified":"2023-02-17T17:52:33","modified_gmt":"2023-02-17T16:52:33","slug":"v-lucerne-probehne-16-rocnik-festivalu-japonskych-filmu-eigasai","status":"publish","type":"post","link":"https:\/\/prahaskolska.200.solutions\/?p=9205","title":{"rendered":"V Lucern\u011b prob\u011bhne 16. ro\u010dn\u00edk festivalu japonsk\u00fdch film\u016f Eigasai"},"content":{"rendered":"\n<p><strong>Od 20. do 25. \u00fanora bude v kin\u011b Lucerna prob\u00edhat ka\u017edoro\u010dn\u00ed festival japonsk\u00fdch film\u016f Eigasai. T\u00e9matem leto\u0161n\u00edho ro\u010dn\u00edku je &#8222;Japonsko nevid\u011bn\u00e9&#8220;, tedy Japonsko, kter\u00e9 nen\u00ed z\u0159ejm\u00e9 na prvn\u00ed pohled. <\/strong><\/p>\n\n\n\n<p>D\u00edky leto\u0161n\u00ed nab\u00eddce film\u016f se div\u00e1ci pod\u00edvaj\u00ed do r\u016fzn\u00fdch \u010d\u00e1st\u00ed Japonska, a to od studen\u00e9ho Hokkaida a\u017e po slunnou Okinawu. Filmy div\u00e1ky sezn\u00e1m\u00ed s rozmanitost\u00ed kultur p\u016fvodn\u00edch japonsk\u00fdch obyvatel a uk\u00e1\u017e\u00ed jim r\u016fzn\u00e9 etapy japonsk\u00e9 historie. <\/p>\n\n\n\n<p>&#8222;<em>Jen m\u00e1lo Japonc\u016f za sv\u016fj \u017eivot procestuje v\u0161echny ostrovy a je\u0161t\u011b m\u00e9n\u011b jich pronikne do v\u0161ech taj\u016f r\u016fznorod\u00e9ho kulturn\u00edho \u017eivota ve vzd\u00e1len\u00fdch lokalit\u00e1ch. Tradice a ritu\u00e1ly jsou nitern\u011b spojen\u00e9 s p\u0159\u00edrodou a kulturn\u00ed histori\u00ed ka\u017ed\u00e9ho konkr\u00e9tn\u00edho m\u00edsta, a ani turist\u016fm z \u0159ad obyvatel japonsk\u00fdch ostrov\u016f, nejsou kdykoli p\u0159ipraveny k nahl\u00e9dnut\u00ed. O to men\u0161\u00ed \u0161anci je uvid\u011bt, ale p\u0159edev\u0161\u00edm pochopit, maj\u00ed cestovatel\u00e9 z cel\u00e9ho zbytku sv\u011bta. To, co z\u016fst\u00e1v\u00e1 na\u0161im o\u010d\u00edm skryto nen\u00ed tajn\u00e9, jen do ur\u010dit\u00e9 m\u00edry soukrom\u00e9, nevid\u011bn\u00e9 nebo zapomenut\u00e9. I proto v\u00e1s v\u0161echny zveme na v\u00fdlet v prostoru i \u010dase po Japonsku, kter\u00e9 spole\u010dn\u011b a pomalu budeme pozn\u00e1vat.<\/em>&#8222;, p\u00ed\u0161\u00ed organiz\u00e1to\u0159i festivalu na sv\u00fdch str\u00e1nk\u00e1ch.<\/p>\n\n\n\n<p>V sobotu 25. \u00fanora nav\u00edc v Galerii Lucerna prob\u011bhne tradi\u010dn\u00ed <strong>japonsk\u00fd kulturn\u00ed den<\/strong>, jeho\u017e sou\u010d\u00e1st\u00ed bude bohat\u00fd doprovodn\u00fd program. Pro n\u00e1v\u0161t\u011bvn\u00edky bude p\u0159ipravena tradi\u010dn\u00ed hudba, divadlo kj\u00f3gen \u010di bubenick\u00e1 show. Na programu je tak\u00e9 skl\u00e1d\u00e1n\u00ed origami, psan\u00ed kaligrafie \u010di v\u00fdroba talisman\u016f pro d\u011bti. Z\u00e1jemci se tak\u00e9 budou moci nechat obl\u00e9ct do kimona \u010di si prohl\u00e9dnout tradi\u010dn\u00ed japonsk\u00e9 me\u010de.<\/p>\n\n\n\n<p>V r\u00e1mci festivalu Eigasai prob\u00edh\u00e1 tak\u00e9 v\u00fdstava fotografi\u00ed Petra Borovi\u010dky v kav\u00e1rn\u011b Lucerna. Novinkou leto\u0161n\u00edho ro\u010dn\u00edku je sout\u011b\u017e o ceny se slosov\u00e1n\u00edm, kter\u00e1 prob\u011bhne po skon\u010den\u00ed akce.<\/p>\n\n\n\n<p><strong>Program:<\/strong><\/p>\n\n\n\n<p>Filmy za\u010d\u00ednaj\u00ed v 18:00<br>Po 20.2. Zem\u011b Ainu\u016f \/ Ainu Mosir<br>\u00dat 21.2. Zab\u00edjen\u00ed \/ Killing<br>St 22.2. Krok \/ Step<br>\u010cT 23.2. Sanka: Hor\u0161t\u00ed tul\u00e1ci \/ Sanka: Nomads of the Mountains<br>P\u00e1 24.2. Spr\u00e1vnej Sound \/ On-Gaku: Our Sound<br>So 25.2. 13:30 \u0160kola\u010dka l\u00e1ze\u0148skou \/ Okkos Inn<br>So 25.2. 16:00 Divadlo Kj\u00f3gen, Kenya Satoh \u2013 \u0161amisen, Ryukyukoku Matsuri Daiko<br>So 25.2. 18:00 Om\u00fdv\u00e1n\u00ed kost\u00ed \/ Born, Bone, Born<\/p>\n\n\n\n<figure class=\"wp-block-image size-full\"><img loading=\"lazy\" decoding=\"async\" width=\"532\" height=\"203\" src=\"https:\/\/prahaskolska.200.solutions\/wp-content\/uploads\/2023\/02\/Obrazek1-1.jpg\" alt=\"\" class=\"wp-image-9208\" srcset=\"https:\/\/prahaskolska.200.solutions\/wp-content\/uploads\/2023\/02\/Obrazek1-1.jpg 532w, https:\/\/prahaskolska.200.solutions\/wp-content\/uploads\/2023\/02\/Obrazek1-1-300x114.jpg 300w\" sizes=\"auto, (max-width: 532px) 100vw, 532px\" \/><\/figure>\n\n\n\n<p>V\u00edce informac\u00ed naleznete na\u00a0<a rel=\"noreferrer noopener\" href=\"https:\/\/l.facebook.com\/l.php?u=http%3A%2F%2Fwww.eigasai.cz%2F%3Ffbclid%3DIwAR1eoL318a1o3IAzuDVffevSUCbbuKHHATy-YBddsxj8Ku30HTDh7jpgJPE&amp;h=AT0xQhyGgCwKYt4XtEFVSqde2BpdboQp-BCtmSg8e2KSZQLFV08PSO7Jyx06F3pxmRsebj_wAygIWvxjSYVNX1B1XY9baojOKYF1w-XJ-j6b0kot435R5WM-pJ0hZoG_mA&amp;__tn__=q&amp;c[0]=AT1vqXvuaJizNCLXelUoAGAoOiW7Apa6Sf91gZ_9YFqxPjv9PQl4Iy9iD2aNRnnsoASw8_pTbyU0QnT81aDP6_QJLHiow04L_YcUOqd_ONY1dklVVaChbBPw1yPTx2wREDk\" target=\"_blank\">www.eigasai.cz<\/a>\u00a0a na kinolucerna.cz.<\/p>\n\n\n\n<p><sup>Zdroj obr\u00e1zk\u016f: Obr\u00e1zek u\u017eivatel DeltaWorks ze slu\u017eby <a href=\"https:\/\/pixabay.com\/cs\/photos\/japonsk\u00e9-de\u0161tn%C3%ADky-slune\u010dn%C3%ADky-636870\/\">Pixabay<\/a>.<\/sup><\/p>\n","protected":false},"excerpt":{"rendered":"<p>Od 20. do 25. \u00fanora bude v kin\u011b Lucerna prob\u00edhat ka\u017edoro\u010dn\u00ed festival japonsk\u00fdch film\u016f Eigasai. T\u00e9matem leto\u0161n\u00edho ro\u010dn\u00edku je &#8222;Japonsko nevid\u011bn\u00e9&#8220;, tedy Japonsko, kter\u00e9 nen\u00ed z\u0159ejm\u00e9 na prvn\u00ed pohled. D\u00edky leto\u0161n\u00ed nab\u00eddce film\u016f se div\u00e1ci pod\u00edvaj\u00ed do r\u016fzn\u00fdch \u010d\u00e1st\u00ed Japonska, a to od studen\u00e9ho Hokkaida a\u017e po slunnou Okinawu. Filmy div\u00e1ky sezn\u00e1m\u00ed s rozmanitost\u00ed kultur [&hellip;]<\/p>\n","protected":false},"author":24,"featured_media":9210,"comment_status":"open","ping_status":"open","sticky":false,"template":"","format":"standard","meta":{"inline_featured_image":false,"_breakdance_hide_in_design_set":false,"_breakdance_tags":"","footnotes":""},"categories":[299,300,298],"tags":[],"class_list":["post-9205","post","type-post","status-publish","format-standard","has-post-thumbnail","hentry","category-akce-v-praze","category-inspirace-2","category-kultura-2"],"acf":[],"_links":{"self":[{"href":"https:\/\/prahaskolska.200.solutions\/index.php?rest_route=\/wp\/v2\/posts\/9205","targetHints":{"allow":["GET"]}}],"collection":[{"href":"https:\/\/prahaskolska.200.solutions\/index.php?rest_route=\/wp\/v2\/posts"}],"about":[{"href":"https:\/\/prahaskolska.200.solutions\/index.php?rest_route=\/wp\/v2\/types\/post"}],"author":[{"embeddable":true,"href":"https:\/\/prahaskolska.200.solutions\/index.php?rest_route=\/wp\/v2\/users\/24"}],"replies":[{"embeddable":true,"href":"https:\/\/prahaskolska.200.solutions\/index.php?rest_route=%2Fwp%2Fv2%2Fcomments&post=9205"}],"version-history":[{"count":3,"href":"https:\/\/prahaskolska.200.solutions\/index.php?rest_route=\/wp\/v2\/posts\/9205\/revisions"}],"predecessor-version":[{"id":9211,"href":"https:\/\/prahaskolska.200.solutions\/index.php?rest_route=\/wp\/v2\/posts\/9205\/revisions\/9211"}],"wp:featuredmedia":[{"embeddable":true,"href":"https:\/\/prahaskolska.200.solutions\/index.php?rest_route=\/wp\/v2\/media\/9210"}],"wp:attachment":[{"href":"https:\/\/prahaskolska.200.solutions\/index.php?rest_route=%2Fwp%2Fv2%2Fmedia&parent=9205"}],"wp:term":[{"taxonomy":"category","embeddable":true,"href":"https:\/\/prahaskolska.200.solutions\/index.php?rest_route=%2Fwp%2Fv2%2Fcategories&post=9205"},{"taxonomy":"post_tag","embeddable":true,"href":"https:\/\/prahaskolska.200.solutions\/index.php?rest_route=%2Fwp%2Fv2%2Ftags&post=9205"}],"curies":[{"name":"wp","href":"https:\/\/api.w.org\/{rel}","templated":true}]}}