{"id":9130,"date":"2023-02-12T09:30:00","date_gmt":"2023-02-12T08:30:00","guid":{"rendered":"https:\/\/prahaskolska.200.solutions\/?p=9130"},"modified":"2023-02-12T09:30:01","modified_gmt":"2023-02-12T08:30:01","slug":"tip-na-vystavu-sochy-ivana-mestrovice-v-mestske-knihovne","status":"publish","type":"post","link":"https:\/\/prahaskolska.200.solutions\/?p=9130","title":{"rendered":"Tip na v\u00fdstavu: Sochy Ivana Me\u0161trovi\u0107e v M\u011bstsk\u00e9 knihovn\u011b"},"content":{"rendered":"\n<p><strong>Ve druh\u00e9m pat\u0159e M\u011bstsk\u00e9 knihovny je k vid\u011bn\u00ed v\u00fdstava p\u0159edn\u00edho chorvatsk\u00e9ho socha\u0159e Ivana Me\u0161trovi\u0107e\u00a0(1883- 1962), kter\u00fd b\u011bhem sv\u00e9ho \u017eivota cestoval a tvo\u0159il po cel\u00e9 Evrop\u011b, ji\u017en\u00ed i severn\u00ed Americe. Nikdy ale\u00a0nezapomn\u011bl na sv\u00e9 jihoevropsk\u00e9 ko\u0159eny. Svoji popularitu \u010dasto vyu\u017e\u00edval k tomu, aby p\u0159edstavil svoji rodnou zemi a aby mohl \u0161\u00ed\u0159it sv\u00e9 politick\u00e9 ide\u00e1ly. L\u00e1ska k Chorvatsku a st\u0159edomo\u0159sk\u00e9 tradici, vliv pa\u0159\u00ed\u017esk\u00e9ho impresionismu \u010di\u00a0prvky v\u00edde\u0148sk\u00e9 secese dok\u00e1zal\u00a0socha\u0159 ve sv\u00e9 pr\u00e1ci geni\u00e1ln\u011b propojit. Schopnost spojit\u00a0rysy nejr\u016fzn\u011bj\u0161\u00edch um\u011bleck\u00fdch sm\u011br\u016f je pro Me\u0161trovi\u0107e v\u00fdrazn\u00fdm znakem jeho tvorby.<\/strong><\/p>\n\n\n\n<p>Hned na za\u010d\u00e1tku v\u00fdstavy m\u00e1 div\u00e1k mo\u017enost spat\u0159it\u00a0bustu Me\u0161trovi\u0107ova\u00a0dlouholet\u00e9ho p\u0159\u00edtele, prvn\u00edho \u010deskoslovensk\u00e9ho\u00a0prezidenta, Tom\u00e1\u0161e Garrigue Masaryka. Oba\u00a0se \u00fa\u010dastnili protirakousk\u00e9ho zahrani\u010dn\u00edho\u00a0odboje za\u00a0prvn\u00ed sv\u011btov\u00e9 v\u00e1lky,\u00a0ideov\u011b i politicky\u00a0m\u011bli podobn\u00e9 n\u00e1zory.\u00a0\u010ceskoslovensk\u00fd\u00a0prezident byl vzorem a hrdinou\u00a0pro tehdej\u0161\u00ed mladou\u00a0generaci v jihoslovansk\u00fdch\u00a0st\u00e1tech, Ivan\u00a0Me\u0161trovi\u0107\u00a0nebyl\u00a0v\u00fdjimkou. Masaryk si\u00a0v\u00e1\u017eil\u00a0socha\u0159ovy pr\u00e1ce a zru\u010dnosti natolik, \u017ee jeho rukama nechal portr\u00e9tovat i svoji \u017eenu a dv\u011b dcery. V roce 1926 TGM Me\u0161trovi\u0107e vyznamenal  \u0158\u00e1dem B\u00edl\u00e9ho\u00a0lva.<\/p>\n\n\n\n<figure class=\"wp-block-gallery has-nested-images columns-default is-cropped wp-block-gallery-1 is-layout-flex wp-block-gallery-is-layout-flex\">\n<figure class=\"wp-block-image size-large\"><img loading=\"lazy\" decoding=\"async\" width=\"731\" height=\"1024\" data-id=\"9134\" src=\"https:\/\/prahaskolska.200.solutions\/wp-content\/uploads\/2023\/02\/Masaryk_ll-731x1024.jpg\" alt=\"\" class=\"wp-image-9134\" srcset=\"https:\/\/prahaskolska.200.solutions\/wp-content\/uploads\/2023\/02\/Masaryk_ll-731x1024.jpg 731w, https:\/\/prahaskolska.200.solutions\/wp-content\/uploads\/2023\/02\/Masaryk_ll-214x300.jpg 214w, https:\/\/prahaskolska.200.solutions\/wp-content\/uploads\/2023\/02\/Masaryk_ll-768x1075.jpg 768w, https:\/\/prahaskolska.200.solutions\/wp-content\/uploads\/2023\/02\/Masaryk_ll-1097x1536.jpg 1097w, https:\/\/prahaskolska.200.solutions\/wp-content\/uploads\/2023\/02\/Masaryk_ll.jpg 1357w\" sizes=\"auto, (max-width: 731px) 100vw, 731px\" \/><figcaption class=\"wp-element-caption\">Busta Tom\u00e1\u0161e Garrigua Masaryka<\/figcaption><\/figure>\n<\/figure>\n\n\n\n<figure class=\"wp-block-gallery has-nested-images columns-default is-cropped wp-block-gallery-2 is-layout-flex wp-block-gallery-is-layout-flex\">\n<figure class=\"wp-block-image size-large\"><img loading=\"lazy\" decoding=\"async\" width=\"1024\" height=\"683\" data-id=\"9137\" src=\"https:\/\/prahaskolska.200.solutions\/wp-content\/uploads\/2023\/02\/Masaryk_l-1024x683.jpg\" alt=\"\" class=\"wp-image-9137\" srcset=\"https:\/\/prahaskolska.200.solutions\/wp-content\/uploads\/2023\/02\/Masaryk_l-1024x683.jpg 1024w, https:\/\/prahaskolska.200.solutions\/wp-content\/uploads\/2023\/02\/Masaryk_l-300x200.jpg 300w, https:\/\/prahaskolska.200.solutions\/wp-content\/uploads\/2023\/02\/Masaryk_l-768x512.jpg 768w, https:\/\/prahaskolska.200.solutions\/wp-content\/uploads\/2023\/02\/Masaryk_l-1536x1024.jpg 1536w, https:\/\/prahaskolska.200.solutions\/wp-content\/uploads\/2023\/02\/Masaryk_l.jpg 1900w\" sizes=\"auto, (max-width: 1024px) 100vw, 1024px\" \/><figcaption class=\"wp-element-caption\">TGM<\/figcaption><\/figure>\n<\/figure>\n\n\n\n<p>V\u00fdraznou osobnost\u00ed dobov\u00e9 kulturn\u00ed sc\u00e9ny a Me\u0161trovi\u0107ovou p\u0159\u00edtelkyn\u00ed\u00a0byla i\u00a0futuristick\u00e1 mal\u00ed\u0159ka\u00a0R\u016f\u017eena Z\u00e1tkov\u00e1. Sezn\u00e1mil\u00a0se s\u00a0n\u00ed\u00a0v roce 1912 v\u00a0\u0158\u00edm\u011b,\u00a0kde se v\u00a0t\u00e9 dob\u011b socha\u0159 \u010dasto zdr\u017eoval.\u00a0Mezi dv\u011bma um\u011blci vzniklo pevn\u00e9 pouto, kter\u00e9 se brzy p\u0159em\u011bnilo v\u00a0hlubokou\u00a0platonickou l\u00e1sku. Oba se navz\u00e1jem\u00a0velice ovlivnili, co\u017e je mo\u017en\u00e9 vy\u010d\u00edst z jejich tvorby. Me\u0161trovi\u0107 portr\u00e9toval Z\u00e1tkovou na zak\u00e1zku jej\u00edho man\u017eela. Jedn\u00e1 se o monument\u00e1ln\u00ed portr\u00e9t melancholick\u00e9 \u017eeny s jemn\u00fdmi, ale v\u00fdrazn\u00fdmi rysy. Na t\u00e9to so\u0161e je dob\u0159e vid\u011bt\u00a0um\u011bleck\u00fd vliv jeho dal\u0161\u00edho p\u0159\u00edtele, Augusta\u00a0Rodina.\u00a0Posl\u00e9ze portr\u00e9toval mal\u00ed\u0159ku je\u0161t\u011b n\u011bkolikr\u00e1t, k motivu prvn\u00edho\u00a0monument\u00e1ln\u00edho portr\u00e9tu\u00a0se je\u0161t\u011b vr\u00e1til a vytvo\u0159il podobnou sochu v\u00a0men\u0161\u00edm m\u011b\u0159\u00edtku. R\u016f\u017eena Z\u00e1tkov\u00e1 Me\u0161trovi\u0107e\u00a0zase za\u0159adila do kolekce kreseb\u00a0psychologick\u00fdch portr\u00e9t\u016f, kter\u00fdm se\u00a0v roce\u00a01916 v\u011bnovala.<\/p>\n\n\n\n<figure class=\"wp-block-gallery has-nested-images columns-default is-cropped wp-block-gallery-3 is-layout-flex wp-block-gallery-is-layout-flex\">\n<figure class=\"wp-block-image size-large\"><img loading=\"lazy\" decoding=\"async\" width=\"731\" height=\"1024\" data-id=\"9136\" src=\"https:\/\/prahaskolska.200.solutions\/wp-content\/uploads\/2023\/02\/Z\u2020tkov\u2020_l-1-731x1024.jpg\" alt=\"\" class=\"wp-image-9136\" srcset=\"https:\/\/prahaskolska.200.solutions\/wp-content\/uploads\/2023\/02\/Z\u2020tkov\u2020_l-1-731x1024.jpg 731w, https:\/\/prahaskolska.200.solutions\/wp-content\/uploads\/2023\/02\/Z\u2020tkov\u2020_l-1-214x300.jpg 214w, https:\/\/prahaskolska.200.solutions\/wp-content\/uploads\/2023\/02\/Z\u2020tkov\u2020_l-1-768x1075.jpg 768w, https:\/\/prahaskolska.200.solutions\/wp-content\/uploads\/2023\/02\/Z\u2020tkov\u2020_l-1-1097x1536.jpg 1097w, https:\/\/prahaskolska.200.solutions\/wp-content\/uploads\/2023\/02\/Z\u2020tkov\u2020_l-1.jpg 1357w\" sizes=\"auto, (max-width: 731px) 100vw, 731px\" \/><figcaption class=\"wp-element-caption\">Socha R\u016f\u017eeny Z\u00e1tkov\u00e9<\/figcaption><\/figure>\n<\/figure>\n\n\n\n<figure class=\"wp-block-gallery has-nested-images columns-default is-cropped wp-block-gallery-4 is-layout-flex wp-block-gallery-is-layout-flex\">\n<figure class=\"wp-block-image size-large\"><img loading=\"lazy\" decoding=\"async\" width=\"731\" height=\"1024\" data-id=\"9142\" src=\"https:\/\/prahaskolska.200.solutions\/wp-content\/uploads\/2023\/02\/rodin_lll-731x1024.jpg\" alt=\"\" class=\"wp-image-9142\" srcset=\"https:\/\/prahaskolska.200.solutions\/wp-content\/uploads\/2023\/02\/rodin_lll-731x1024.jpg 731w, https:\/\/prahaskolska.200.solutions\/wp-content\/uploads\/2023\/02\/rodin_lll-214x300.jpg 214w, https:\/\/prahaskolska.200.solutions\/wp-content\/uploads\/2023\/02\/rodin_lll-768x1075.jpg 768w, https:\/\/prahaskolska.200.solutions\/wp-content\/uploads\/2023\/02\/rodin_lll-1097x1536.jpg 1097w, https:\/\/prahaskolska.200.solutions\/wp-content\/uploads\/2023\/02\/rodin_lll.jpg 1357w\" sizes=\"auto, (max-width: 731px) 100vw, 731px\" \/><figcaption class=\"wp-element-caption\">Znakem Me\u0161trovi\u0107ovy tvorby je schopnost spojit rysy nejr\u016fzn\u011bj\u0161\u00edch um\u011bleck\u00fdch sm\u011br\u016f<\/figcaption><\/figure>\n<\/figure>\n\n\n\n<p>V\u00fdstava je dopln\u011bna\u00a0o\u00a0dopisy, kter\u00e9 si Me\u0161trovi\u0107 se sv\u00fdmi p\u0159\u00e1teli\u00a0psal. Korespondence\u00a0jsou na\u010dten\u00e9, tak\u017ee\u00a0se div\u00e1k m\u016f\u017ee na vlastn\u00ed u\u0161i p\u0159esv\u011bd\u010dit, \u017ee Me\u0161trovi\u0107\u00a0byl sice vlastenec. P\u0159esto si ale v\u0161ech\u00a0zem\u00ed, kde pob\u00fdval a kde m\u011bl p\u0159\u00e1tele, hluboce v\u00e1\u017eil. A tak kdy\u017e odch\u00e1z\u00edte z v\u00fdstavy, mus\u00edte myslet na to, \u017ee Me\u0161trovi\u0107 byl skute\u010dn\u00fd sv\u011btoob\u010dan, jak je naps\u00e1no v\u00a0podtitulu t\u00e9to v\u00fdstavy.<\/p>\n\n\n\n<figure class=\"wp-block-gallery has-nested-images columns-default is-cropped wp-block-gallery-5 is-layout-flex wp-block-gallery-is-layout-flex\">\n<figure class=\"wp-block-image size-large\"><img loading=\"lazy\" decoding=\"async\" width=\"683\" height=\"1024\" data-id=\"9138\" src=\"https:\/\/prahaskolska.200.solutions\/wp-content\/uploads\/2023\/02\/IMG_5037-683x1024.jpg\" alt=\"\" class=\"wp-image-9138\" srcset=\"https:\/\/prahaskolska.200.solutions\/wp-content\/uploads\/2023\/02\/IMG_5037-683x1024.jpg 683w, https:\/\/prahaskolska.200.solutions\/wp-content\/uploads\/2023\/02\/IMG_5037-200x300.jpg 200w, https:\/\/prahaskolska.200.solutions\/wp-content\/uploads\/2023\/02\/IMG_5037-768x1152.jpg 768w, https:\/\/prahaskolska.200.solutions\/wp-content\/uploads\/2023\/02\/IMG_5037-1024x1536.jpg 1024w, https:\/\/prahaskolska.200.solutions\/wp-content\/uploads\/2023\/02\/IMG_5037.jpg 1200w\" sizes=\"auto, (max-width: 683px) 100vw, 683px\" \/><figcaption class=\"wp-element-caption\">P\u0159esto\u017ee byl Me\u0161trovi\u0107 vlastencem, v\u00e1\u017eil si v\u0161ech zem\u00ed, ve kter\u00fdch pob\u00fdval<\/figcaption><\/figure>\n<\/figure>\n\n\n\n<figure class=\"wp-block-gallery has-nested-images columns-default is-cropped wp-block-gallery-6 is-layout-flex wp-block-gallery-is-layout-flex\">\n<figure class=\"wp-block-image size-large\"><img loading=\"lazy\" decoding=\"async\" width=\"676\" height=\"1024\" data-id=\"9139\" src=\"https:\/\/prahaskolska.200.solutions\/wp-content\/uploads\/2023\/02\/IMG_5003-676x1024.jpg\" alt=\"\" class=\"wp-image-9139\" srcset=\"https:\/\/prahaskolska.200.solutions\/wp-content\/uploads\/2023\/02\/IMG_5003-676x1024.jpg 676w, https:\/\/prahaskolska.200.solutions\/wp-content\/uploads\/2023\/02\/IMG_5003-198x300.jpg 198w, https:\/\/prahaskolska.200.solutions\/wp-content\/uploads\/2023\/02\/IMG_5003-768x1163.jpg 768w, https:\/\/prahaskolska.200.solutions\/wp-content\/uploads\/2023\/02\/IMG_5003-1015x1536.jpg 1015w, https:\/\/prahaskolska.200.solutions\/wp-content\/uploads\/2023\/02\/IMG_5003.jpg 1255w\" sizes=\"auto, (max-width: 676px) 100vw, 676px\" \/><figcaption class=\"wp-element-caption\">&#8230;<\/figcaption><\/figure>\n<\/figure>\n\n\n\n<p>V\u00fdstava je k vid\u011bn\u00ed do 26. \u00fanora.<\/p>\n","protected":false},"excerpt":{"rendered":"<p>Ve druh\u00e9m pat\u0159e M\u011bstsk\u00e9 knihovny je k vid\u011bn\u00ed v\u00fdstava p\u0159edn\u00edho chorvatsk\u00e9ho socha\u0159e Ivana Me\u0161trovi\u0107e\u00a0(1883- 1962), kter\u00fd b\u011bhem sv\u00e9ho \u017eivota cestoval a tvo\u0159il po cel\u00e9 Evrop\u011b, ji\u017en\u00ed i severn\u00ed Americe. Nikdy ale\u00a0nezapomn\u011bl na sv\u00e9 jihoevropsk\u00e9 ko\u0159eny. Svoji popularitu \u010dasto vyu\u017e\u00edval k tomu, aby p\u0159edstavil svoji rodnou zemi a aby mohl \u0161\u00ed\u0159it sv\u00e9 politick\u00e9 ide\u00e1ly. L\u00e1ska k [&hellip;]<\/p>\n","protected":false},"author":23,"featured_media":9132,"comment_status":"open","ping_status":"open","sticky":false,"template":"","format":"standard","meta":{"inline_featured_image":false,"_breakdance_hide_in_design_set":false,"_breakdance_tags":"","footnotes":""},"categories":[109,286],"tags":[],"class_list":["post-9130","post","type-post","status-publish","format-standard","has-post-thumbnail","hentry","category-kultura","category-vystavy"],"acf":[],"_links":{"self":[{"href":"https:\/\/prahaskolska.200.solutions\/index.php?rest_route=\/wp\/v2\/posts\/9130","targetHints":{"allow":["GET"]}}],"collection":[{"href":"https:\/\/prahaskolska.200.solutions\/index.php?rest_route=\/wp\/v2\/posts"}],"about":[{"href":"https:\/\/prahaskolska.200.solutions\/index.php?rest_route=\/wp\/v2\/types\/post"}],"author":[{"embeddable":true,"href":"https:\/\/prahaskolska.200.solutions\/index.php?rest_route=\/wp\/v2\/users\/23"}],"replies":[{"embeddable":true,"href":"https:\/\/prahaskolska.200.solutions\/index.php?rest_route=%2Fwp%2Fv2%2Fcomments&post=9130"}],"version-history":[{"count":3,"href":"https:\/\/prahaskolska.200.solutions\/index.php?rest_route=\/wp\/v2\/posts\/9130\/revisions"}],"predecessor-version":[{"id":9143,"href":"https:\/\/prahaskolska.200.solutions\/index.php?rest_route=\/wp\/v2\/posts\/9130\/revisions\/9143"}],"wp:featuredmedia":[{"embeddable":true,"href":"https:\/\/prahaskolska.200.solutions\/index.php?rest_route=\/wp\/v2\/media\/9132"}],"wp:attachment":[{"href":"https:\/\/prahaskolska.200.solutions\/index.php?rest_route=%2Fwp%2Fv2%2Fmedia&parent=9130"}],"wp:term":[{"taxonomy":"category","embeddable":true,"href":"https:\/\/prahaskolska.200.solutions\/index.php?rest_route=%2Fwp%2Fv2%2Fcategories&post=9130"},{"taxonomy":"post_tag","embeddable":true,"href":"https:\/\/prahaskolska.200.solutions\/index.php?rest_route=%2Fwp%2Fv2%2Ftags&post=9130"}],"curies":[{"name":"wp","href":"https:\/\/api.w.org\/{rel}","templated":true}]}}