{"id":9058,"date":"2023-01-16T15:38:29","date_gmt":"2023-01-16T14:38:29","guid":{"rendered":"https:\/\/prahaskolska.200.solutions\/?p=9058"},"modified":"2023-01-16T15:40:52","modified_gmt":"2023-01-16T14:40:52","slug":"pred-54-lety-se-upalil-jan-palach","status":"publish","type":"post","link":"https:\/\/prahaskolska.200.solutions\/?p=9058","title":{"rendered":"P\u0159ed 54 lety se up\u00e1lil Jan Palach"},"content":{"rendered":"\n<p><strong>Dnes uplynulo p\u0159esn\u011b 54 let od chv\u00edle, kdy student Filozofick\u00e9 fakulty UK Jan Palach odv\u00e1\u017en\u00fdm zp\u016fsobem upozornil na laxnost \u010desk\u00e9 ve\u0159ejnosti v\u016f\u010di tehdej\u0161\u00edm pom\u011br\u016fm. Palach sv\u00fdm \u010dinem protestoval proti okupaci \u010ceskoslovenska vojsky Var\u0161avsk\u00e9 smlouvy a neochot\u011b \u010cech\u016f a Slov\u00e1k\u016f se tehdej\u0161\u00edmu re\u017eimu postavit.<\/strong><\/p>\n\n\n\n<p>Jan Palach vyr\u016fstal ve st\u0159edo\u010desk\u00e9 obci V\u0161etaty. Jeho matka byla vyu\u010den\u00e1 \u0161vadlena, otec vedl cukr\u00e1rnu, kterou v roce 1950 komunist\u00e9 zav\u0159eli. Pracoval tedy v podniku Ml\u00fdny a pek\u00e1rny v Brand\u00fdse.  V roce 1966 odmaturoval na st\u0159edn\u00ed v\u0161eobecn\u011b vzd\u011bl\u00e1vac\u00ed \u0161kole v M\u011bln\u00edku. O 2 roky pozd\u011bji \u00fasp\u011b\u0161n\u011b slo\u017eil p\u0159ij\u00edmac\u00ed zkou\u0161ky na Filozofickou fakultu Univerzity Karlovy. P\u0159ijat v\u0161ak nebyl, proto\u017ee tehdej\u0161\u00edmu re\u017eimu nevyhovoval jeho &#8222;\u017eivnostensk\u00fd&#8220; p\u016fvod. Sv\u016fj pokus zopakoval v roce 1968, kdy u\u017e jeho p\u0159ijet\u00ed prob\u011bhlo \u00fasp\u011b\u0161n\u011b.<\/p>\n\n\n\n<p>V l\u00e9t\u011b 1968 odjel jako studentsk\u00fd p\u0159ed\u00e1k na studentskou brig\u00e1du do tehdej\u0161\u00edho SSSR, ze kter\u00e9 se vr\u00e1til a\u017e n\u011bkolik dn\u016f p\u0159ed invaz\u00ed. Ve stejn\u00e9m roce se pod\u00edval i do z\u00e1padn\u00ed \u010d\u00e1sti tehdy bipol\u00e1rn\u011b rozd\u011blen\u00e9ho sv\u011bta, a sice do Francie. Tam v t\u00e9 dob\u011b prob\u00edhaly masivn\u00ed studentsk\u00e9 nepokoje, kter\u00e9 Palacha v jeho \u017eivot\u011b siln\u011b ovlivnily. Po sv\u00e9m n\u00e1vratu se \u00fa\u010dastnil mnoha akc\u00ed nam\u00ed\u0159en\u00fdch proti okupaci, mezi kter\u00e9 pat\u0159ila tak\u00e9 studentsk\u00e1 st\u00e1vka. \u017d\u00e1dn\u00fd posun v tehdej\u0161\u00ed spole\u010dnosti v\u0161ak nevid\u011bl, a tak za\u010dal uva\u017eovat o mnohem radik\u00e1ln\u011bj\u0161\u00edm kroku.<\/p>\n\n\n\n<p><strong>Pochode\u0148 \u010d. 1<\/strong><\/p>\n\n\n\n<p>Sv\u016fj \u010din provedl 16. ledna 1969 v horn\u00ed \u010d\u00e1sti V\u00e1clavsk\u00e9ho n\u00e1m\u011bst\u00ed u budovy N\u00e1rodn\u00edho muzea. Ho\u0159\u00edc\u00ed b\u011b\u017eel sm\u011brem k Washingotonov\u011b ulici, kde se o jeho uha\u0161en\u00ed pokusil jeden z pracovn\u00edk\u016f Dopravn\u00edho podniku. Pop\u00e1len\u00fd Palach byl n\u00e1sledn\u011b p\u0159evezen na Kliniku pop\u00e1lenin do Legerovy ulice, kde po 3 dnech zem\u0159el.<\/p>\n\n\n<div class=\"wp-block-image\">\n<figure class=\"aligncenter size-full\"><img loading=\"lazy\" decoding=\"async\" width=\"960\" height=\"720\" src=\"https:\/\/prahaskolska.200.solutions\/wp-content\/uploads\/2023\/01\/jan-palach-2161900_960_720-1.jpg\" alt=\"\" class=\"wp-image-9061\" srcset=\"https:\/\/prahaskolska.200.solutions\/wp-content\/uploads\/2023\/01\/jan-palach-2161900_960_720-1.jpg 960w, https:\/\/prahaskolska.200.solutions\/wp-content\/uploads\/2023\/01\/jan-palach-2161900_960_720-1-300x225.jpg 300w, https:\/\/prahaskolska.200.solutions\/wp-content\/uploads\/2023\/01\/jan-palach-2161900_960_720-1-768x576.jpg 768w\" sizes=\"auto, (max-width: 960px) 100vw, 960px\" \/><figcaption class=\"wp-element-caption\"><strong><sub><sup>Pomn\u00edk v dla\u017eb\u011b ozna\u010duje m\u00edsto, kde se Jan Palach up\u00e1lil<\/sup><\/sub><\/strong><\/figcaption><\/figure><\/div>\n\n\n<p>U jeho nemocni\u010dn\u00edho l\u016f\u017eka s n\u00edm byl na magnetofonovou p\u00e1sku nato\u010den rozhovor, ve kter\u00e9m popsal d\u016fvody, kter\u00e9 ho k \u010dinu vedly. Na z\u00e1znamu Palach zmi\u0148oval hlavn\u011b pasivitu tehdej\u0161\u00ed spole\u010dnosti. Mluvil tak\u00e9 o nutnosti z\u00e1kazu \u0161\u00ed\u0159en\u00ed den\u00edku Zpr\u00e1vy, kter\u00fd vyd\u00e1vali sov\u011bt\u0161t\u00ed okupanti.<\/p>\n\n\n\n<p>Palach\u016fv poh\u0159eb se stal spole\u010denskou demonstrac\u00ed proti okupaci. Smute\u010dn\u00ed pr\u016fvod z Karolina na dne\u0161n\u00ed N\u00e1m\u011bst\u00ed Jana Palacha \u010d\u00edtal n\u011bkolik des\u00edtek tis\u00edc lid\u00ed. Poh\u0159ben byl na Ol\u0161ansk\u00fdch h\u0159bitovech, jeho ostatky byly v\u0161ak v roce 1973 zpopeln\u011bny a odvezeny do V\u0161etat. <\/p>\n\n\n\n<p><strong>Palach nebyl jedin\u00fd<\/strong><\/p>\n\n\n\n<p>Jan Palach nebyl jedin\u00fdm \u010dlov\u011bkem, kter\u00fd se k tak extr\u00e9mn\u00edmu \u010dinu rozhodl. Ji\u017e v z\u00e1\u0159\u00ed roku 1968 se v Polsku up\u00e1lil Ryszard Siwiec. Jeho \u010dinu p\u0159ihl\u00ed\u017eelo sto tis\u00edc lid\u00ed, a to v\u010detn\u011b \u0161pi\u010dek tamn\u00ed komunistick\u00e9 strany. V listopadu stejn\u00e9ho roku se tak\u00e9 v Kyjev\u011b na protest proti okupaci \u010ceskoslovenska up\u00e1lil disident Vasil Makuch.<\/p>\n","protected":false},"excerpt":{"rendered":"<p>Dnes uplynulo p\u0159esn\u011b 54 let od chv\u00edle, kdy student Filozofick\u00e9 fakulty UK Jan Palach odv\u00e1\u017en\u00fdm zp\u016fsobem upozornil na laxnost \u010desk\u00e9 ve\u0159ejnosti v\u016f\u010di tehdej\u0161\u00edm pom\u011br\u016fm. Palach sv\u00fdm \u010dinem protestoval proti okupaci \u010ceskoslovenska vojsky Var\u0161avsk\u00e9 smlouvy a neochot\u011b \u010cech\u016f a Slov\u00e1k\u016f se tehdej\u0161\u00edmu re\u017eimu postavit. Jan Palach vyr\u016fstal ve st\u0159edo\u010desk\u00e9 obci V\u0161etaty. Jeho matka byla vyu\u010den\u00e1 \u0161vadlena, [&hellip;]<\/p>\n","protected":false},"author":24,"featured_media":9065,"comment_status":"open","ping_status":"open","sticky":false,"template":"","format":"standard","meta":{"inline_featured_image":false,"_breakdance_hide_in_design_set":false,"_breakdance_tags":"","footnotes":""},"categories":[62,39,51],"tags":[],"class_list":["post-9058","post","type-post","status-publish","format-standard","has-post-thumbnail","hentry","category-historie","category-praha-skolska","category-spolecnost"],"acf":[],"_links":{"self":[{"href":"https:\/\/prahaskolska.200.solutions\/index.php?rest_route=\/wp\/v2\/posts\/9058","targetHints":{"allow":["GET"]}}],"collection":[{"href":"https:\/\/prahaskolska.200.solutions\/index.php?rest_route=\/wp\/v2\/posts"}],"about":[{"href":"https:\/\/prahaskolska.200.solutions\/index.php?rest_route=\/wp\/v2\/types\/post"}],"author":[{"embeddable":true,"href":"https:\/\/prahaskolska.200.solutions\/index.php?rest_route=\/wp\/v2\/users\/24"}],"replies":[{"embeddable":true,"href":"https:\/\/prahaskolska.200.solutions\/index.php?rest_route=%2Fwp%2Fv2%2Fcomments&post=9058"}],"version-history":[{"count":7,"href":"https:\/\/prahaskolska.200.solutions\/index.php?rest_route=\/wp\/v2\/posts\/9058\/revisions"}],"predecessor-version":[{"id":9069,"href":"https:\/\/prahaskolska.200.solutions\/index.php?rest_route=\/wp\/v2\/posts\/9058\/revisions\/9069"}],"wp:featuredmedia":[{"embeddable":true,"href":"https:\/\/prahaskolska.200.solutions\/index.php?rest_route=\/wp\/v2\/media\/9065"}],"wp:attachment":[{"href":"https:\/\/prahaskolska.200.solutions\/index.php?rest_route=%2Fwp%2Fv2%2Fmedia&parent=9058"}],"wp:term":[{"taxonomy":"category","embeddable":true,"href":"https:\/\/prahaskolska.200.solutions\/index.php?rest_route=%2Fwp%2Fv2%2Fcategories&post=9058"},{"taxonomy":"post_tag","embeddable":true,"href":"https:\/\/prahaskolska.200.solutions\/index.php?rest_route=%2Fwp%2Fv2%2Ftags&post=9058"}],"curies":[{"name":"wp","href":"https:\/\/api.w.org\/{rel}","templated":true}]}}