{"id":8987,"date":"2022-12-31T10:06:00","date_gmt":"2022-12-31T09:06:00","guid":{"rendered":"https:\/\/prahaskolska.200.solutions\/?p=8987"},"modified":"2022-12-30T12:07:37","modified_gmt":"2022-12-30T11:07:37","slug":"vystava-predstavi-zivot-ve-stredoveke-wroclawi","status":"publish","type":"post","link":"https:\/\/prahaskolska.200.solutions\/?p=8987","title":{"rendered":"V\u00fdstava p\u0159edstav\u00ed \u017eivot ve st\u0159edov\u011bk\u00e9 Wroc\u0142awi"},"content":{"rendered":"\n<p><strong>V Muzeu m\u011bsta Prahy aktu\u00e1ln\u011b prob\u00edh\u00e1 v\u00fdstava s n\u00e1zvem <em>Den na tr\u017ei\u0161ti<\/em>, kter\u00e1 ve spolupr\u00e1ci s Archeologick\u00fdm muzeem ve Wroclavi p\u0159in\u00e1\u0161\u00ed sv\u011bdectv\u00ed o ka\u017edodenn\u00edm \u017eivot\u011b obyvatel tohoto m\u011bsta v obdob\u00ed st\u0159edov\u011bku.<\/strong><\/p>\n\n\n\n<p>V\u00fdstava se v\u011bnuje konkr\u00e9tn\u011b tamn\u00edmu n\u00e1m\u011bst\u00ed s n\u00e1zvem Nowy Targ, kter\u00e9 bylo jedn\u00edm z tr\u017en\u00edch prostranstv\u00ed n\u011bkdej\u0161\u00edho st\u0159edov\u011bk\u00e9ho m\u011bsta zalo\u017een\u00e9ho \u010desk\u00fdm kn\u00ed\u017eetem Vratislavem. N\u00e1v\u0161t\u011bvn\u00edci si mohou prohl\u00e9dnout bohat\u00fd soubor n\u00e1lez\u016f, kter\u00e9 byly z\u00edsk\u00e1ny b\u011bhem z\u00e1chrann\u00fdch archeologick\u00fdch v\u00fdzkum\u016f mezi lety 2010-2012. <\/p>\n\n\n\n<p>Mezi vystavovan\u00e9 expon\u00e1ty pat\u0159\u00ed sou\u010d\u00e1sti od\u011bv\u016f, \u0161perk\u016f \u010di p\u0159edm\u011bt\u016f denn\u00ed pot\u0159eby. D\u00e1le na v\u00fdstav\u011b m\u016f\u017eete vid\u011bt za\u0159\u00edzen\u00ed m\u011b\u0161\u0165ansk\u00fdch dom\u00e1cnost\u00ed, n\u00e1stroje a doklady obchodu, symbolick\u00e9 artefakty, v\u00fdzbroj \u010di p\u0159edm\u011bty slou\u017e\u00edc\u00ed k z\u00e1bav\u011b.<\/p>\n\n\n\n<p>Sou\u010d\u00e1st\u00ed v\u00fdstavy jsou tak\u00e9 <strong>doprovodn\u00e9 programy<\/strong>. Pro d\u011bti mlad\u0161\u00edho \u0161koln\u00edho v\u011bku je ur\u010den ti\u0161t\u011bn\u00fd pr\u016fvodce v\u00fdstavou, kter\u00fd jejich pozornost zam\u011b\u0159\u00ed na vybran\u00e9 p\u0159edm\u011bty. Sou\u010d\u00e1st\u00ed pr\u016fvodce jsou tak\u00e9 r\u016fzn\u00e9 \u00fakoly. V pr\u016fb\u011bhu v\u00fdstavy se tak\u00e9 uskute\u010dn\u00ed 4 sobotn\u00ed workshopy zam\u011b\u0159en\u00e9 na rodi\u010de s d\u011btmi. Workshopy 25.2. a 22.4. 2023 nesou n\u00e1zev &#8222;S archeologi\u00ed do st\u0159edov\u011bku&#8220;. 25.3. a 27.5. 2023 se budou konat workshopy zam\u011b\u0159en\u00e9 na st\u0159edov\u011bk\u00e9 hry a hra\u010dky.<\/p>\n\n\n\n<p>V\u00fdstava prob\u00edh\u00e1 v Dom\u011b U Zlat\u00e9ho prstenu od 16.11.2022 do 3.9.2023. Otev\u0159en\u00e1 je denn\u011b krom\u011b pond\u011bl\u00ed 9:00-18:00 hod.<\/p>\n\n\n\n<p>Zdroj obr\u00e1zk:<a href=\"https:\/\/dl2.cuni.cz\/course\/view.php?id=4689\"> <\/a><a href=\"https:\/\/pixabay.com\/cs\/photos\/wroclaw-na-trh-architektura-2466146\/\">Pixabay<\/a>.<\/p>\n","protected":false},"excerpt":{"rendered":"<p>V Muzeu m\u011bsta Prahy aktu\u00e1ln\u011b prob\u00edh\u00e1 v\u00fdstava s n\u00e1zvem Den na tr\u017ei\u0161ti, kter\u00e1 ve spolupr\u00e1ci s Archeologick\u00fdm muzeem ve Wroclavi p\u0159in\u00e1\u0161\u00ed sv\u011bdectv\u00ed o ka\u017edodenn\u00edm \u017eivot\u011b obyvatel tohoto m\u011bsta v obdob\u00ed st\u0159edov\u011bku. V\u00fdstava se v\u011bnuje konkr\u00e9tn\u011b tamn\u00edmu n\u00e1m\u011bst\u00ed s n\u00e1zvem Nowy Targ, kter\u00e9 bylo jedn\u00edm z tr\u017en\u00edch prostranstv\u00ed n\u011bkdej\u0161\u00edho st\u0159edov\u011bk\u00e9ho m\u011bsta zalo\u017een\u00e9ho \u010desk\u00fdm kn\u00ed\u017eetem Vratislavem. N\u00e1v\u0161t\u011bvn\u00edci [&hellip;]<\/p>\n","protected":false},"author":24,"featured_media":8988,"comment_status":"open","ping_status":"open","sticky":false,"template":"","format":"standard","meta":{"inline_featured_image":false,"_breakdance_hide_in_design_set":false,"_breakdance_tags":"","footnotes":""},"categories":[62,109,46],"tags":[],"class_list":["post-8987","post","type-post","status-publish","format-standard","has-post-thumbnail","hentry","category-historie","category-kultura","category-studentske-zpravodajstvi"],"acf":[],"_links":{"self":[{"href":"https:\/\/prahaskolska.200.solutions\/index.php?rest_route=\/wp\/v2\/posts\/8987","targetHints":{"allow":["GET"]}}],"collection":[{"href":"https:\/\/prahaskolska.200.solutions\/index.php?rest_route=\/wp\/v2\/posts"}],"about":[{"href":"https:\/\/prahaskolska.200.solutions\/index.php?rest_route=\/wp\/v2\/types\/post"}],"author":[{"embeddable":true,"href":"https:\/\/prahaskolska.200.solutions\/index.php?rest_route=\/wp\/v2\/users\/24"}],"replies":[{"embeddable":true,"href":"https:\/\/prahaskolska.200.solutions\/index.php?rest_route=%2Fwp%2Fv2%2Fcomments&post=8987"}],"version-history":[{"count":1,"href":"https:\/\/prahaskolska.200.solutions\/index.php?rest_route=\/wp\/v2\/posts\/8987\/revisions"}],"predecessor-version":[{"id":8989,"href":"https:\/\/prahaskolska.200.solutions\/index.php?rest_route=\/wp\/v2\/posts\/8987\/revisions\/8989"}],"wp:featuredmedia":[{"embeddable":true,"href":"https:\/\/prahaskolska.200.solutions\/index.php?rest_route=\/wp\/v2\/media\/8988"}],"wp:attachment":[{"href":"https:\/\/prahaskolska.200.solutions\/index.php?rest_route=%2Fwp%2Fv2%2Fmedia&parent=8987"}],"wp:term":[{"taxonomy":"category","embeddable":true,"href":"https:\/\/prahaskolska.200.solutions\/index.php?rest_route=%2Fwp%2Fv2%2Fcategories&post=8987"},{"taxonomy":"post_tag","embeddable":true,"href":"https:\/\/prahaskolska.200.solutions\/index.php?rest_route=%2Fwp%2Fv2%2Ftags&post=8987"}],"curies":[{"name":"wp","href":"https:\/\/api.w.org\/{rel}","templated":true}]}}