{"id":8962,"date":"2022-12-29T10:37:00","date_gmt":"2022-12-29T09:37:00","guid":{"rendered":"https:\/\/prahaskolska.200.solutions\/?p=8962"},"modified":"2022-12-28T21:10:39","modified_gmt":"2022-12-28T20:10:39","slug":"jake-uspechy-prineslo-ceske-predsednictvi-v-rade-eu","status":"publish","type":"post","link":"https:\/\/prahaskolska.200.solutions\/?p=8962","title":{"rendered":"Jak\u00e9 \u00fasp\u011bchy p\u0159ineslo \u010desk\u00e9 p\u0159edsednictv\u00ed v Rad\u011b EU?"},"content":{"rendered":"\n<p><strong>P\u016flro\u010dn\u00ed obdob\u00ed, b\u011bhem kter\u00e9ho \u010cesk\u00e1 republika p\u0159edsedala Rad\u011b Evropsk\u00e9 unie, se ji\u017e uch\u00fdlilo ke konci. 1. ledna \u010ce\u0161i p\u0159edaj\u00ed p\u0159edsednickou \u0161tafetu \u0160v\u00e9d\u016fm. Navzdory zku\u0161enostem z roku 2009, kdy \u010desk\u00e1 &#8222;premi\u00e9ra&#8220; v \u010dele t\u00e9to instituce skon\u010dila fiaskem, m\u016f\u017eeme nyn\u00ed hovo\u0159it o \u00fasp\u011bchu.<\/strong><\/p>\n\n\n\n<p>\u010cesko si jako motto sv\u00e9ho p\u0159edsednictv\u00ed zvolilo v\u011btu &#8222;Evropa jako \u00fakol&#8220;, kter\u00e1 odkazuje na projev prvn\u00edho \u010desk\u00e9ho prezidenta V\u00e1clava Havla v n\u011bmeck\u00fdch C\u00e1ch\u00e1ch roku 1996. P\u0159edsednictv\u00ed prob\u00edhalo ve velmi bou\u0159liv\u00e9 dob\u011b a bylo tedy ot\u00e1zkou, jak se s t\u00edmto \u00fakolem \u010cesko popere. Nakonec to zvl\u00e1dlo na v\u00fdbornou, ot\u00e1zkou v\u0161ak je, zda si to ob\u010dan\u00e9 v\u016fbec uv\u011bdomuj\u00ed.<\/p>\n\n\n\n<p>Jedn\u00edm z hlavn\u00edch t\u00e9mat \u010desk\u00e9ho p\u0159edsednictv\u00ed byla <strong>energetika a bezpe\u010dnost<\/strong>. Evropsk\u00e1 unie se pod \u010desk\u00fdm p\u0159edsednictv\u00edm dok\u00e1zala sjednotit a dohodnout na spole\u010dn\u00fdch sankc\u00edch proti Rusku. Po dlouh\u00e9 diskuzi se tak\u00e9 poda\u0159ilo dos\u00e1hnout konsenzu ve v\u011bci zastropov\u00e1n\u00ed cen ropy a zemn\u00edho plynu. Evropsk\u00e1 unie tak\u00e9 schv\u00e1lila sankce v\u016f\u010di jednotlivc\u016fm \u010di subjekt\u016fm, kte\u0159\u00ed v \u00cdr\u00e1nu poru\u0161uj\u00ed lidsk\u00e1 pr\u00e1va. <\/p>\n\n\n\n<p><strong>Lidsk\u00e1 pr\u00e1va<\/strong> \u010cesko v r\u00e1mci p\u0159edsednictv\u00ed akcentovalo i v jin\u00fdch p\u0159\u00edpadech. Na okraj Valn\u00e9ho shrom\u00e1\u017ed\u011bn\u00ed OSN uspo\u0159\u00e1dalo akce na t\u00e9ma ochrany \u017eurnalist\u016f v konfliktech \u010di k prosazov\u00e1n\u00ed lidsk\u00fdch pr\u00e1v v on-line prost\u0159ed\u00ed. U p\u0159\u00edle\u017eitosti Mezin\u00e1rodn\u00edho dne lidsk\u00fdch pr\u00e1v zase p\u0159ipomn\u011blo odkaz V\u00e1clava Havla ve sv\u011bt\u011b.<\/p>\n\n\n\n<p>V <strong>zahrani\u010dn\u00ed politice<\/strong> se v\u0161ak \u010cech\u016fm da\u0159ilo i v jin\u00fdch oblastech ne\u017e v p\u0159\u00edpad\u011b sankc\u00ed. Poda\u0159ilo se kup\u0159. pos\u00edlit aspirace zem\u00ed Z\u00e1padn\u00edho Balk\u00e1nu, Ukrajiny, Moldavska a Gruzie na \u010dlenstv\u00ed v Evropsk\u00e9 unii. Dal\u0161\u00edm \u00fasp\u011bchem je pos\u00edlen\u00ed spolupr\u00e1ce s mimoevropsk\u00fdmi zem\u011bmi, konkr\u00e9tn\u011b se jedn\u00e1 kup\u0159. o USA, Izrael, zem\u011b Afriky, Indo-Pacifiku \u010di Karibiku. <\/p>\n\n\n\n<p>V oblasti <strong>bezpe\u010dnosti<\/strong> se poda\u0159ilo roz\u0161\u00ed\u0159it mo\u017enosti spole\u010dn\u00fdch n\u00e1kup\u016f vojensk\u00e9 techniky \u010di nal\u00e9zt shodu na tom, jak spole\u010dn\u011b \u010delit hybridn\u00edm hrozb\u00e1m. Poda\u0159ilo se tak\u00e9 pos\u00edlit vztahy mezi Evropskou uni\u00ed a NATO.<\/p>\n\n\n\n<p>\u00dasp\u011bchy \u010cesk\u00e1 republika zaznamenala i v oblasti <strong>\u017eivotn\u00edho prost\u0159ed\u00ed<\/strong>. V pr\u016fb\u011bhu \u010desk\u00e9ho p\u0159edsednictv\u00ed se poda\u0159ilo dojednat posun ohledn\u011b bal\u00ed\u010dku s n\u00e1zvem &#8222;Fit for 55&#8220;, jen\u017e obsahuje kup\u0159. zp\u0159\u00edsn\u011bn\u00ed trhu s emisn\u00edmi povolenkami, sni\u017eov\u00e1n\u00ed CO2 z osobn\u00edch vozidel a dod\u00e1vek s postupn\u00fdm \u00fatlumem fosiln\u00edch paliv \u010di nav\u00fd\u0161en\u00ed kapacity les\u016f pro pohlcov\u00e1n\u00ed emis\u00ed CO2 o 15%.<\/p>\n\n\n\n<p>\u00dasp\u011bch\u016f se v pr\u016fb\u011bhu p\u0159edsednictv\u00ed poda\u0159ilo mnohem v\u00edce. Jejich kompletn\u00ed v\u00fd\u010det spole\u010dn\u011b s dal\u0161\u00edmi informacemi naleznete <a href=\"https:\/\/czech-presidency.consilium.europa.eu\/cs\/\">zde<\/a>.<\/p>\n\n\n\n<p>Zdroj obr\u00e1zku: <a href=\"https:\/\/czech-presidency.consilium.europa.eu\/cs\/\">Flickr<\/a><\/p>\n","protected":false},"excerpt":{"rendered":"<p>P\u016flro\u010dn\u00ed obdob\u00ed, b\u011bhem kter\u00e9ho \u010cesk\u00e1 republika p\u0159edsedala Rad\u011b Evropsk\u00e9 unie, se ji\u017e uch\u00fdlilo ke konci. 1. ledna \u010ce\u0161i p\u0159edaj\u00ed p\u0159edsednickou \u0161tafetu \u0160v\u00e9d\u016fm. Navzdory zku\u0161enostem z roku 2009, kdy \u010desk\u00e1 &#8222;premi\u00e9ra&#8220; v \u010dele t\u00e9to instituce skon\u010dila fiaskem, m\u016f\u017eeme nyn\u00ed hovo\u0159it o \u00fasp\u011bchu. \u010cesko si jako motto sv\u00e9ho p\u0159edsednictv\u00ed zvolilo v\u011btu &#8222;Evropa jako \u00fakol&#8220;, kter\u00e1 odkazuje na [&hellip;]<\/p>\n","protected":false},"author":24,"featured_media":8963,"comment_status":"open","ping_status":"open","sticky":false,"template":"","format":"standard","meta":{"inline_featured_image":false,"_breakdance_hide_in_design_set":false,"_breakdance_tags":"","footnotes":""},"categories":[64,63,46],"tags":[],"class_list":["post-8962","post","type-post","status-publish","format-standard","has-post-thumbnail","hentry","category-aktualni-deni","category-politika","category-studentske-zpravodajstvi"],"acf":[],"_links":{"self":[{"href":"https:\/\/prahaskolska.200.solutions\/index.php?rest_route=\/wp\/v2\/posts\/8962","targetHints":{"allow":["GET"]}}],"collection":[{"href":"https:\/\/prahaskolska.200.solutions\/index.php?rest_route=\/wp\/v2\/posts"}],"about":[{"href":"https:\/\/prahaskolska.200.solutions\/index.php?rest_route=\/wp\/v2\/types\/post"}],"author":[{"embeddable":true,"href":"https:\/\/prahaskolska.200.solutions\/index.php?rest_route=\/wp\/v2\/users\/24"}],"replies":[{"embeddable":true,"href":"https:\/\/prahaskolska.200.solutions\/index.php?rest_route=%2Fwp%2Fv2%2Fcomments&post=8962"}],"version-history":[{"count":1,"href":"https:\/\/prahaskolska.200.solutions\/index.php?rest_route=\/wp\/v2\/posts\/8962\/revisions"}],"predecessor-version":[{"id":8964,"href":"https:\/\/prahaskolska.200.solutions\/index.php?rest_route=\/wp\/v2\/posts\/8962\/revisions\/8964"}],"wp:featuredmedia":[{"embeddable":true,"href":"https:\/\/prahaskolska.200.solutions\/index.php?rest_route=\/wp\/v2\/media\/8963"}],"wp:attachment":[{"href":"https:\/\/prahaskolska.200.solutions\/index.php?rest_route=%2Fwp%2Fv2%2Fmedia&parent=8962"}],"wp:term":[{"taxonomy":"category","embeddable":true,"href":"https:\/\/prahaskolska.200.solutions\/index.php?rest_route=%2Fwp%2Fv2%2Fcategories&post=8962"},{"taxonomy":"post_tag","embeddable":true,"href":"https:\/\/prahaskolska.200.solutions\/index.php?rest_route=%2Fwp%2Fv2%2Ftags&post=8962"}],"curies":[{"name":"wp","href":"https:\/\/api.w.org\/{rel}","templated":true}]}}