{"id":8959,"date":"2022-12-30T10:52:00","date_gmt":"2022-12-30T09:52:00","guid":{"rendered":"https:\/\/prahaskolska.200.solutions\/?p=8959"},"modified":"2022-12-28T21:10:13","modified_gmt":"2022-12-28T20:10:13","slug":"tipy-na-vylet-do-blizkeho-zahranici","status":"publish","type":"post","link":"https:\/\/prahaskolska.200.solutions\/?p=8959","title":{"rendered":"Vyrazte na v\u00fdlety nedaleko od hranic"},"content":{"rendered":"\n<p><strong>Zimn\u00ed m\u011bs\u00edce n\u00e1sleduj\u00edc\u00ed po Nov\u00e9m roce toho v\u011bt\u0161inou moc nenab\u00edzej\u00ed. V\u00e1no\u010dn\u00ed sv\u00e1tky jsou ji\u017e minulost\u00ed, n\u00e1stup jara teprve p\u0159ed n\u00e1mi. Ne nadarmo je toto obdob\u00ed pova\u017eov\u00e1no n\u011bkter\u00fdmi za nejnudn\u011bj\u0161\u00ed \u010d\u00e1st roku. &#8222;Okurkovou sez\u00f3nu&#8220; po\u010d\u00e1tku roku si p\u0159itom lze u\u017e\u00edt r\u016fzn\u00fdmi zp\u016fsoby, jedn\u00edm z nich je i cestov\u00e1n\u00ed. V tomto \u010dl\u00e1nku v\u00e1m p\u0159in\u00e1\u0161\u00edme tipy na n\u011bkolik destinac\u00ed, kter\u00e9 rozhodn\u011b stoj\u00ed za n\u00e1v\u0161t\u011bvu, a kter\u00e9 nejsou <strong>ani <\/strong>nikterak daleko.<\/strong><\/p>\n\n\n\n<p><strong>V\u00edde\u0148<\/strong><\/p>\n\n\n\n<p>Rakousk\u00e9 hlavn\u00ed m\u011bsto je od na\u0161ich hranic co by kamenem dohodil, z Brna je to tam dokonce bl\u00ed\u017ee ne\u017e do Prahy. Mnoz\u00ed lid\u00e9 tak\u00e9 V\u00edde\u0148 vyu\u017e\u00edvaj\u00ed k cest\u00e1m do vzd\u00e1len\u011bj\u0161\u00edch destinac\u00ed, nebo\u0165 tamn\u00ed leti\u0161t\u011b nab\u00edz\u00ed v\u011bt\u0161\u00ed v\u00fdb\u011br leteck\u00fdch spojen\u00ed ne\u017e to pra\u017esk\u00e9. D\u00edky nespo\u010dtu pam\u00e1tek a mo\u017enost\u00ed kulturn\u00edho vy\u017eit\u00ed v\u0161ak V\u00edde\u0148 stoj\u00ed za mnohem del\u0161\u00ed n\u00e1v\u0161t\u011bvu.<\/p>\n\n\n\n<p>Z\u0159ejm\u011b nejkr\u00e1sn\u011bj\u0161\u00edm obdob\u00edm k n\u00e1v\u0161t\u011bv\u011b V\u00eddn\u011b je advent. V p\u0159edv\u00e1no\u010dn\u00edm \u010dase se konaj\u00ed tamn\u00ed vyhl\u00e1\u0161en\u00e9 trhy, na kter\u00e9 m\u00ed\u0159\u00ed mnoho n\u00e1v\u0161t\u011bvn\u00edk\u016f z cel\u00e9ho sv\u011bta. Ani po p\u0159\u00edchodu nov\u00e9ho roku v\u0161ak rakousk\u00e1 metropole neztr\u00e1c\u00ed nic ze sv\u00e9ho kouzla. Za n\u00e1v\u0161t\u011bvu rozhodn\u011b stoj\u00ed vyhl\u00e1\u0161en\u00e9 v\u00edde\u0148sk\u00e9 galerie, jako je MUMOK, Leopold Museum, Albertina, Belveder \u010di Kunsthistorisches Museum Wien. K na\u010derp\u00e1n\u00ed historick\u00e9 atmosf\u00e9ry tak\u00e9 posta\u010d\u00ed pouh\u00e1 proch\u00e1zka m\u011bstem. <\/p>\n\n\n\n<p>P\u0159i n\u00e1v\u0161t\u011bv\u011b V\u00eddn\u011b nelze opomenout ani tamn\u00ed vyhl\u00e1\u0161enou kav\u00e1renskou kulturu. Samoz\u0159ejmost\u00ed je kav\u00e1rna Hotelu Sacher, kter\u00fd nab\u00edz\u00ed z\u0159ejm\u011b nejvyhl\u00e1\u0161en\u011bj\u0161\u00ed v\u00edde\u0148skou specialitu &#8211; sacher\u016fv dort. <\/p>\n\n\n\n<p>Nejrychlej\u0161\u00ed spojen\u00ed z Prahy do V\u00eddn\u011b nab\u00edz\u00ed vlak, d\u00edky kter\u00e9mu se na v\u00edde\u0148sk\u00e9m hlavn\u00edm n\u00e1dra\u017e\u00ed ocitnete do 5 hodin. Podobn\u011b dlouhou dobu trv\u00e1 cesta autobusem z \u00daAN Florenc.<\/p>\n\n\n\n<p><strong>Krakov<\/strong><\/p>\n\n\n\n<p>Druh\u00e9 nejv\u011bt\u0161\u00ed polsk\u00e9 m\u011bsto le\u017e\u00edc\u00ed na \u0159ece Visle se od Prahy nach\u00e1z\u00ed o n\u011bco d\u00e1le, av\u0161ak d\u00edky kvalitn\u00edmu dopravn\u00edmu spojen\u00ed je velice dob\u0159e dostupn\u00e9. Vyu\u017e\u00edt m\u016f\u017eete vlak, kter\u00fd nab\u00edz\u00ed spojen\u00ed o d\u00e9lce okolo 7 hodin. Mezi Prahou a Krakovem existuje tak\u00e9 leteck\u00e9 spojen\u00ed, kter\u00e9 b\u00fdv\u00e1 velice levn\u00e9 a umo\u017e\u0148uje p\u0159epravu mezi ob\u011bma m\u011bsty v \u010dase krat\u0161\u00edm ne\u017e 1 hodinu.<\/p>\n\n\n\n<p>Krakov toho nab\u00edz\u00ed opravdu hodn\u011b. V historick\u00e9m centru m\u011bsta, jeho\u017e dominantou je starobyl\u00fd hrad Wawel, naleznete mnoho historick\u00fdch pam\u00e1tek, kter\u00e9 rozhodn\u011b stoj\u00ed za n\u00e1v\u0161t\u011bvu. Krakov disponuje, podobn\u011b jako spousta dal\u0161\u00edch evropsk\u00fdch m\u011bst, vyhl\u00eddkov\u00fdm kolem, kter\u00e9 umo\u017e\u0148uje v\u00fdhled na cel\u00e9 m\u011bsto. Samoz\u0159ejmost\u00ed je vysoce kvalitn\u00ed s\u00ed\u0165 MHD, d\u00edky kter\u00e9 je p\u0159eprava po m\u011bst\u011b velice rychl\u00e1. V\u011bt\u0161ina hlavn\u00edch pam\u00e1tek je v\u0161ak bl\u00edzko u sebe v doch\u00e1zkov\u00e9 vzd\u00e1lenosti.<\/p>\n\n\n\n<p>Krakov se vyzna\u010duje mimo jin\u00e9 vyhl\u00e1\u0161en\u00fdm studentsk\u00fdm \u017eivotem. M\u011bsto je obl\u00edben\u00fdm c\u00edlem student\u016f \u00fa\u010dastn\u00edc\u00edch se projektu Erasmus. P\u0159i n\u00e1v\u0161t\u011bv\u011b m\u00edstn\u00edch podnik\u016f je proto vysoce pravd\u011bpodobn\u00e9, \u017ee se sezn\u00e1m\u00edte s lidmi z r\u016fzn\u00fdch kout\u016f sv\u011bta. V\u00edce o studentsk\u00e9m \u017eivot\u011b v Krakov\u011b se m\u016f\u017eete do\u010d\u00edst v <a href=\"https:\/\/prahaskolska.200.solutions\/studium-v-krakove-mohu-jen-doporucit-rika-radek-smolka\/\">tomto \u010dl\u00e1nku<\/a>.<\/p>\n\n\n\n<p>M\u011bsto na Visle je tak\u00e9 ide\u00e1ln\u00ed destinac\u00ed pro ty, kte\u0159\u00ed necht\u011bj\u00ed p\u0159i sv\u00fdch cest\u00e1ch tolik utratit, nebo\u0165 Polsko celkov\u011b je  pro \u010desk\u00e9 n\u00e1v\u0161t\u011bvn\u00edky skute\u010dn\u011b velmi levn\u00e9.<\/p>\n\n\n\n<p><strong>Berl\u00edn<\/strong><\/p>\n\n\n\n<p>Do hlavn\u00edho m\u011bsta N\u011bmecka se z Prahy dostanete vlakem za n\u011bco m\u00e1lo p\u0159es 4 hodiny. N\u00e1v\u0161t\u011bva Berl\u00edna ur\u010dit\u011b stoj\u00ed za to. Nejv\u011bt\u0161\u00ed m\u011bsto Evropsk\u00e9 unie, kter\u00e9 ob\u00fdvaj\u00ed v\u00edce ne\u017e 3 miliony lid\u00ed, toho nab\u00edz\u00ed opravdu hodn\u011b. Od ostatn\u00edch n\u00e1mi zmi\u0148ovan\u00fdch m\u011bst se li\u0161\u00ed t\u00edm, \u017ee kv\u016fli bombardov\u00e1n\u00ed b\u011bhem 2. sv\u011btov\u00e9 v\u00e1lky kup\u0159. nenab\u00edz\u00ed tolik historick\u00fdch pam\u00e1tek. O to v\u00edce se v\u0161ak vyplat\u00ed Berl\u00edn nav\u0161t\u00edvit d\u00edky tamn\u00edmu spole\u010densk\u00e9mu \u017eivotu, kter\u00fd je skute\u010dn\u011b unik\u00e1tn\u00ed, a za kter\u00fdm tam m\u00ed\u0159\u00ed miliony turist\u016f z cel\u00e9ho sv\u011bta. <\/p>\n\n\n\n<p>Pokud jste milovn\u00edky um\u011bn\u00ed, ur\u010dit\u011b nesm\u00edte opomenout n\u00e1v\u0161t\u011bvu Muzejn\u00edho ostrova. Tento ostrov na \u0159ece Spr\u00e9v\u011b, jen\u017e je od roku 1999 zaps\u00e1n na seznamu UNESCO, nab\u00edz\u00ed hned n\u011bkolik sv\u011btov\u011b v\u00fdznamn\u00fdch muze\u00ed. Jedn\u00e1 se o Star\u00e9 muzeum, Nov\u00e9 muzeum, Pergamonsk\u00e9 muzeum, Star\u00e1 n\u00e1rodn\u00ed galerie a Bodeho muzeum. Za n\u00e1v\u0161t\u011bvu rozhodn\u011b stoj\u00ed tak\u00e9 m\u00edsto s n\u00e1zvem &#8222;East Side Gallery&#8220;. Jedn\u00e1 se o galerii po \u0161ir\u00fdm nebem, kter\u00e1 se nach\u00e1z\u00ed na plo\u0161e zachovan\u00e9 \u010d\u00e1sti Berl\u00ednsk\u00e9 zdi. <\/p>\n\n\n\n<p>Z\u00e1\u017eitkem m\u016f\u017ee tak\u00e9 proch\u00e1zka po m\u00edstech, kudy v minulosti Berl\u00ednsk\u00e1 ze\u010f vedla, b\u011bhem kter\u00e9 m\u016f\u017eete narazit na spoustu zaj\u00edmav\u00fdch m\u00edst n\u011bmeck\u00e9 metropole. M\u016f\u017eete tak\u00e9 pozorovat, jak se Berl\u00edn za posledn\u00edch v\u00edce ne\u017e 30 let prom\u011bnil. Samoz\u0159ejmost\u00ed je tak\u00e9 n\u00e1v\u0161t\u011bva budovy Bundestagu \u010di televizn\u00ed v\u011b\u017ee v bl\u00edzkosti n\u00e1m\u011bst\u00ed Alexanderplatz. Berl\u00edn se tak\u00e9 vyzna\u010duje bohat\u00fdm no\u010dn\u00edm \u017eivotem.<\/p>\n\n\n\n<p><strong>Mnichov<\/strong><\/p>\n\n\n\n<p>Dal\u0161\u00ed z m\u011bst se nach\u00e1z\u00ed tak\u00e9 v N\u011bmecku, tentokr\u00e1t v Bavorsku. Mnichov nab\u00edz\u00ed spoustu kulturn\u00edho i spole\u010densk\u00e9ho vy\u017eit\u00ed. My v\u00e1m nab\u00edz\u00edme n\u011bkolik tip\u016f na aktivity v tomto 3. nejv\u011bt\u0161\u00edm n\u011bmeck\u00e9m m\u011bst\u011b, d\u00edky kter\u00fdm si lze Mnichov u\u017e\u00edt i v dob\u011b, kdy se zrovna nekon\u00e1 Oktoberfest.<\/p>\n\n\n\n<p>Jedn\u00edm z hlavn\u00edch c\u00edl\u016f turist\u016f je Marienplatz, hlavn\u00ed mnichovsk\u00e9 n\u00e1m\u011bst\u00ed. Jeho n\u00e1zev poch\u00e1z\u00ed od Mari\u00e1nsk\u00e9ho sloupu, kter\u00fd se nach\u00e1z\u00ed uprost\u0159ed n\u00e1m\u011bst\u00ed. Panna Marie je mimo jin\u00e9 tak\u00e9 patronkou Bavorska. Hlavn\u00ed dominantou n\u00e1m\u011bst\u00ed je Nov\u00e1 radnice, na jej\u00ed\u017e zdi se nach\u00e1z\u00ed zvonkohra vypr\u00e1v\u011bj\u00edc\u00ed p\u0159\u00edb\u011bh z 16. stolet\u00ed. Sou\u010d\u00e1st\u00ed t\u00e9to historick\u00e9 pam\u00e1tky je 43 zvon\u016f a 32 figurek v \u017eivotn\u00ed velikosti. Tato pam\u00e1tka n\u00e1m tak v mnoh\u00e9m m\u016f\u017ee p\u0159ipom\u00ednat na\u0161\u00ed Starom\u011bstskou radnici.<\/p>\n\n\n\n<p>Za n\u00e1v\u0161t\u011bvu ur\u010dit\u011b stoj\u00ed tak\u00e9 olympijsk\u00fd park, kter\u00fd p\u0159ipom\u00edn\u00e1 sv\u011btovou sportovn\u00ed ud\u00e1lost, jen\u017e se v Mnichov\u011b odehr\u00e1la v roce 1972. Dodnes je park hojn\u011b vyu\u017e\u00edv\u00e1n, konaj\u00ed se tam koncerty, festivaly \u010di sportovn\u00ed akce. Sou\u010d\u00e1st\u00ed are\u00e1lu je tak\u00e9 291 metr\u016f vysok\u00e1 televizn\u00ed v\u011b\u017e. V are\u00e1lu se nach\u00e1z\u00ed tak\u00e9 BMW Welt a BMW Museum, kter\u00e9 ocen\u00ed p\u0159edev\u0161\u00edm milovn\u00edci aut. <\/p>\n\n\n\n<p>Dal\u0161\u00edm obl\u00edben\u00fdm c\u00edlem turist\u016f je tak\u00e9 Allianz Arena, nejv\u011bt\u0161\u00ed fotbalov\u00fd stadion v Mnichov\u011b, kter\u00fd pojme a\u017e 78 965 lid\u00ed. Jej\u00ed nejv\u011bt\u0161\u00ed zaj\u00edmavost\u00ed je samo\u010dist\u00edc\u00ed fas\u00e1da, kter\u00e1 je osv\u011btlena r\u016fzn\u00fdmi barvami podle toho, jak\u00fd t\u00fdm zrovna na stadionu hraje.<\/p>\n\n\n\n<p>Mnichov je z Prahy nejpohodln\u011bji dostupn\u00fd vlakem, cesta z Hlavn\u00edho n\u00e1dra\u017e\u00ed trv\u00e1 p\u0159ibli\u017en\u011b 5 a p\u016fl hodiny. Podobn\u00fd \u010das zabere tak\u00e9 cesta autobusem, kter\u00fd vyj\u00ed\u017ed\u00ed z Florence.<\/p>\n\n\n\n<p><strong>Regensburg<\/strong><\/p>\n\n\n\n<p>Dal\u0161\u00edm zaj\u00edmav\u00fdm m\u011bstem, nach\u00e1zej\u00edc\u00edm se nedaleko od \u010desk\u00fdch hranic, je Regensburg, kter\u00fd lze nav\u0161t\u00edvit po cest\u011b do Mnichova. M\u011bsto disponuje n\u00e1dhern\u00fdm historick\u00fdm centrem, jeho\u017e dominantou je Katedr\u00e1la sv. Petra. Regensburg je ide\u00e1ln\u00edm m\u00edstem pro milovn\u00edky historie a kultury.<\/p>\n\n\n\n<p>Cesta autobusem z Prahy do Regensburgu trv\u00e1 n\u011bco m\u00e1lo p\u0159es 3 hodiny. O n\u011bco del\u0161\u00ed je cesta vlakem, kter\u00e1 trv\u00e1 4 hodiny.<\/p>\n\n\n\n<p>Zdroj obr\u00e1zku: Obr\u00e1zek u\u017eivatele designerpoint ze slu\u017eby <a href=\"https:\/\/pixabay.com\/cs\/photos\/mnichov-olympijsk\u00e1-hora-1558705\/\">Pixabay<\/a>.<\/p>\n","protected":false},"excerpt":{"rendered":"<p>Zimn\u00ed m\u011bs\u00edce n\u00e1sleduj\u00edc\u00ed po Nov\u00e9m roce toho v\u011bt\u0161inou moc nenab\u00edzej\u00ed. V\u00e1no\u010dn\u00ed sv\u00e1tky jsou ji\u017e minulost\u00ed, n\u00e1stup jara teprve p\u0159ed n\u00e1mi. Ne nadarmo je toto obdob\u00ed pova\u017eov\u00e1no n\u011bkter\u00fdmi za nejnudn\u011bj\u0161\u00ed \u010d\u00e1st roku. &#8222;Okurkovou sez\u00f3nu&#8220; po\u010d\u00e1tku roku si p\u0159itom lze u\u017e\u00edt r\u016fzn\u00fdmi zp\u016fsoby, jedn\u00edm z nich je i cestov\u00e1n\u00ed. V tomto \u010dl\u00e1nku v\u00e1m p\u0159in\u00e1\u0161\u00edme tipy na n\u011bkolik [&hellip;]<\/p>\n","protected":false},"author":24,"featured_media":8960,"comment_status":"open","ping_status":"open","sticky":false,"template":"","format":"standard","meta":{"inline_featured_image":false,"_breakdance_hide_in_design_set":false,"_breakdance_tags":"","footnotes":""},"categories":[191,53,46],"tags":[],"class_list":["post-8959","post","type-post","status-publish","format-standard","has-post-thumbnail","hentry","category-cestovani","category-inspirace","category-studentske-zpravodajstvi"],"acf":[],"_links":{"self":[{"href":"https:\/\/prahaskolska.200.solutions\/index.php?rest_route=\/wp\/v2\/posts\/8959","targetHints":{"allow":["GET"]}}],"collection":[{"href":"https:\/\/prahaskolska.200.solutions\/index.php?rest_route=\/wp\/v2\/posts"}],"about":[{"href":"https:\/\/prahaskolska.200.solutions\/index.php?rest_route=\/wp\/v2\/types\/post"}],"author":[{"embeddable":true,"href":"https:\/\/prahaskolska.200.solutions\/index.php?rest_route=\/wp\/v2\/users\/24"}],"replies":[{"embeddable":true,"href":"https:\/\/prahaskolska.200.solutions\/index.php?rest_route=%2Fwp%2Fv2%2Fcomments&post=8959"}],"version-history":[{"count":2,"href":"https:\/\/prahaskolska.200.solutions\/index.php?rest_route=\/wp\/v2\/posts\/8959\/revisions"}],"predecessor-version":[{"id":8965,"href":"https:\/\/prahaskolska.200.solutions\/index.php?rest_route=\/wp\/v2\/posts\/8959\/revisions\/8965"}],"wp:featuredmedia":[{"embeddable":true,"href":"https:\/\/prahaskolska.200.solutions\/index.php?rest_route=\/wp\/v2\/media\/8960"}],"wp:attachment":[{"href":"https:\/\/prahaskolska.200.solutions\/index.php?rest_route=%2Fwp%2Fv2%2Fmedia&parent=8959"}],"wp:term":[{"taxonomy":"category","embeddable":true,"href":"https:\/\/prahaskolska.200.solutions\/index.php?rest_route=%2Fwp%2Fv2%2Fcategories&post=8959"},{"taxonomy":"post_tag","embeddable":true,"href":"https:\/\/prahaskolska.200.solutions\/index.php?rest_route=%2Fwp%2Fv2%2Ftags&post=8959"}],"curies":[{"name":"wp","href":"https:\/\/api.w.org\/{rel}","templated":true}]}}