{"id":8915,"date":"2022-12-28T10:07:00","date_gmt":"2022-12-28T09:07:00","guid":{"rendered":"https:\/\/prahaskolska.200.solutions\/?p=8915"},"modified":"2022-12-28T15:32:56","modified_gmt":"2022-12-28T14:32:56","slug":"tri-vystavy-na-ktere-zajit-do-musea-kampa","status":"publish","type":"post","link":"https:\/\/prahaskolska.200.solutions\/?p=8915","title":{"rendered":"T\u0159i v\u00fdstavy, na kter\u00e9 zaj\u00edt do Musea Kampa"},"content":{"rendered":"\n<p><strong>Museum Kampa je jednou z nejzaj\u00edmav\u011bj\u0161\u00edch kulturn\u00edch instituc\u00edch v Praze, o jej\u00ed\u017e vznik se zaslou\u017eila zn\u00e1m\u00e1 mecen\u00e1\u0161ka Meda Ml\u00e1dkov\u00e1. Muzeum se nach\u00e1z\u00ed v prostor\u00e1ch historick\u00e9 budovy Sovov\u00fdch ml\u00fdn\u016f na jednom z nejromanti\u010dt\u011bj\u0161\u00edch m\u00edst hlavn\u00edho m\u011bsta. V sou\u010dasn\u00e9 dob\u011b nab\u00edz\u00ed hned 3 v\u00fdstavy, kter\u00e9 rozhodn\u011b stoj\u00ed za n\u00e1v\u0161t\u011bvu.<\/strong><\/p>\n\n\n\n<p><strong>Josef Pleskot: M\u011bsta<\/strong><\/p>\n\n\n\n<p>Jednou z nich je i v\u00fdstava zam\u011b\u0159en\u00e1 na d\u00edlo jednoho z nejv\u00fdznamn\u011bj\u0161\u00edch \u010desk\u00fdch architekt\u016f Josefa Pleskota, kter\u00fd po\u010d\u00e1tkem prosince oslavil sv\u00e9 70. narozeniny. N\u00e1v\u0161t\u011bvn\u00edci se sezn\u00e1m\u00ed se 3 s\u00eddly, ve kter\u00fdch Pleskot nejv\u00fdrazn\u011bj\u00ed zanechal sv\u016fj architektonick\u00fd otisk &#8211; Prahu, Ostravu a Litomy\u0161l. <\/p>\n\n\n\n<p>Mezi jeho nejzn\u00e1m\u011bj\u0161\u00ed realizace pat\u0159\u00ed prom\u011bna are\u00e1lu ostravsk\u00fdch Doln\u00edch V\u00edtkovic, z nich\u017e se stal obl\u00edben\u00fd c\u00edl n\u00e1v\u0161t\u011bvn\u00edk\u016f a m\u00edsto kon\u00e1n\u00ed jednoho z nejpopul\u00e1rn\u011bj\u0161\u00edch \u010desk\u00fdch hudebn\u00edch festival\u016f. V Litomy\u0161li se Josef Pleskot zaslou\u017eil o p\u0159estavbu tamn\u00edho z\u00e1meck\u00e9ho pivovaru \u010di region\u00e1ln\u00edho muzea. V Praze se s jeho d\u00edlem m\u016f\u017eeme setkat kup\u0159. na Pra\u017esk\u00e9m hrad\u011b, kde na z\u00e1klad\u011b jeho n\u00e1vrhu vznikl unik\u00e1tn\u00ed pr\u016fchod valem Pra\u0161n\u00e9ho mostu. Pleskot je mimo jin\u00e9 autorem budovy \u010cSOB v Radlick\u00e9 ulici.<\/p>\n\n\n\n<p>V\u00edce jsme o v\u00fdstav\u011b psali <a href=\"https:\/\/prahaskolska.200.solutions\/tip-na-vystavu-josef-pleskot-mesta\/\">zde<\/a>.<\/p>\n\n\n\n<p><strong>Stanislav Kol\u00edbal: Knihy a stavby<\/strong><\/p>\n\n\n\n<p>Autorem dal\u0161\u00ed aktu\u00e1ln\u011b prob\u00edhaj\u00edc\u00ed v\u00fdstavy je socha\u0159, sc\u00e9nograf a mal\u00ed\u0159 Stanislav Kol\u00edbal. Rod\u00e1k z Orlov\u00e9 byl ve sv\u00e9m d\u00edle siln\u011b ovlivn\u011bn prost\u0159ed\u00edm dol\u016f i v\u00e1le\u010dnou a pov\u00e1le\u010dnou nejistotou \u010di st\u0159\u00eddmost\u00ed. <\/p>\n\n\n\n<p>Sou\u010dasn\u00e1 v\u00fdstava nesouc\u00ed n\u00e1zev <em>Knihy a stavby<\/em> p\u0159edstavuje 2 z\u00e1kladn\u00ed okruhy Kol\u00edbalovy tvorby. V prvn\u00ed \u010d\u00e1sti v\u00fdstavy mohou n\u00e1v\u0161t\u011bvn\u00edci vid\u011bt kresby \u010di ilustrace knih. Kresby nebyly a\u017e do sou\u010dasnosti nikdy vystavov\u00e1ny a jejich n\u00e1m\u011btem je Ostravsko 40. let 20. stolet\u00ed. Jeho kni\u017en\u00ed ilustrace zase vn\u00e1\u0161\u00ed do prost\u0159ed\u00ed d\u011btsk\u00e9 literatury nov\u00fd styl zalo\u017een\u00fd na jednoduchosti a mo\u017enosti imaginace. Druh\u00e1 \u010d\u00e1st v\u00fdstavy nese n\u00e1zev Stavby a jsou na ni n\u00e1v\u0161t\u011bvn\u00edk\u016fm p\u0159edstavena d\u00edla vznikl\u00e1 na p\u016fdorysu berl\u00ednsk\u00fdch kreseb od roku 1988.<\/p>\n\n\n\n<p><strong>Eduard Ov\u010d\u00e1\u010dek \/ Groteska (70. &#8211; 90. l\u00e9ta)<\/strong><\/p>\n\n\n\n<p>T\u0159et\u00ed prob\u00edhaj\u00edc\u00ed v\u00fdstava p\u0159edstavuje d\u00edlo \u010desk\u00e9ho vizu\u00e1ln\u00edho b\u00e1sn\u00edka, grafika, socha\u0159e, mal\u00ed\u0159e, fotografa \u010di kur\u00e1tora Eduarda Ov\u010d\u00e1\u010dka, kter\u00fd ode\u0161el 5. prosince. Tento mnohostrann\u00fd um\u011blec s v pr\u016fb\u011bhu sv\u00e9ho \u017eivota v\u011bnoval dv\u011bma \u00fast\u0159edn\u00edm t\u00e9maticky okruh\u016fm &#8211; vizu\u00e1ln\u00ed a b\u00e1snick\u00e9 reflexi p\u00edsma a znak\u016f, pro kterou se v\u017eil n\u00e1zev &#8222;lettrismus&#8220;, a mo\u017enosti v\u00fdtvarn\u00e9 interpretace lidsk\u00e9 figury. <\/p>\n\n\n\n<p>Sou\u010dasn\u00e1 v\u00fdstava p\u0159edstavuje autorova d\u00edla, ve kter\u00fdch je uplatn\u011bn prvek grotesky. Jedn\u00e1 se o obrazy a kresby, mezi kter\u00fdmi vynikaj\u00ed obrazy a asambl\u00e1\u017ee vytvo\u0159en\u00e9 v pr\u016fb\u011bhu 70. a 80. let. V t\u011bchto d\u00edlech je zobrazena absurdita \u0161e\u010f a absurdita tehdej\u0161\u00ed doby. Ov\u010d\u00e1\u010dek mimo jin\u00e9 tak\u00e9 ukazuje tupost a pr\u00e1zdnotu ve\u0159ejn\u00fdch projev\u016f. <\/p>\n\n\n\n<p>N\u00e1v\u0161t\u011bvn\u00edky jist\u011b zaujme autor\u016fv humor a nads\u00e1zka, kter\u00e9 ve sv\u00fdch d\u00edlech uplat\u0148uje specifick\u00fdm zp\u016fsobem. V Ov\u010d\u00e1\u010dkov\u00fdch d\u00edlech se m\u016f\u017eeme setkat tak\u00e9 s prvky tragikomiky, sarkasmu \u010di bodav\u00e9ho vesel\u00ed. &#8222;Ter\u010dem&#8220; autorov\u00fdch d\u011bl v\u0161ak nebyli pouze pohlav\u00e1\u0159i minul\u00e9ho re\u017eimu, ale tak\u00e9 kup\u0159. b\u011b\u017en\u00e9 mezilidsk\u00e9 vztahy. <\/p>\n\n\n\n<p>Zdroj: <a href=\"https:\/\/www.museumkampa.cz\/\">Museum Kampa<\/a><\/p>\n\n\n\n<p>Zdroj obr\u00e1zku: <a href=\"https:\/\/pixabay.com\/cs\/photos\/praha-\u010de\u0161tina-\u0159eka-vltava-\u010dechy-2421958\/\">Pixabay<\/a><\/p>\n","protected":false},"excerpt":{"rendered":"<p>Museum Kampa je jednou z nejzaj\u00edmav\u011bj\u0161\u00edch kulturn\u00edch instituc\u00edch v Praze, o jej\u00ed\u017e vznik se zaslou\u017eila zn\u00e1m\u00e1 mecen\u00e1\u0161ka Meda Ml\u00e1dkov\u00e1. Muzeum se nach\u00e1z\u00ed v prostor\u00e1ch historick\u00e9 budovy Sovov\u00fdch ml\u00fdn\u016f na jednom z nejromanti\u010dt\u011bj\u0161\u00edch m\u00edst hlavn\u00edho m\u011bsta. V sou\u010dasn\u00e9 dob\u011b nab\u00edz\u00ed hned 3 v\u00fdstavy, kter\u00e9 rozhodn\u011b stoj\u00ed za n\u00e1v\u0161t\u011bvu. Josef Pleskot: M\u011bsta Jednou z nich je i [&hellip;]<\/p>\n","protected":false},"author":24,"featured_media":8920,"comment_status":"open","ping_status":"open","sticky":false,"template":"","format":"standard","meta":{"inline_featured_image":false,"_breakdance_hide_in_design_set":false,"_breakdance_tags":"","footnotes":""},"categories":[53,109,51,46,110],"tags":[],"class_list":["post-8915","post","type-post","status-publish","format-standard","has-post-thumbnail","hentry","category-inspirace","category-kultura","category-spolecnost","category-studentske-zpravodajstvi","category-zajimavosti-z-prahy"],"acf":[],"_links":{"self":[{"href":"https:\/\/prahaskolska.200.solutions\/index.php?rest_route=\/wp\/v2\/posts\/8915","targetHints":{"allow":["GET"]}}],"collection":[{"href":"https:\/\/prahaskolska.200.solutions\/index.php?rest_route=\/wp\/v2\/posts"}],"about":[{"href":"https:\/\/prahaskolska.200.solutions\/index.php?rest_route=\/wp\/v2\/types\/post"}],"author":[{"embeddable":true,"href":"https:\/\/prahaskolska.200.solutions\/index.php?rest_route=\/wp\/v2\/users\/24"}],"replies":[{"embeddable":true,"href":"https:\/\/prahaskolska.200.solutions\/index.php?rest_route=%2Fwp%2Fv2%2Fcomments&post=8915"}],"version-history":[{"count":3,"href":"https:\/\/prahaskolska.200.solutions\/index.php?rest_route=\/wp\/v2\/posts\/8915\/revisions"}],"predecessor-version":[{"id":8921,"href":"https:\/\/prahaskolska.200.solutions\/index.php?rest_route=\/wp\/v2\/posts\/8915\/revisions\/8921"}],"wp:featuredmedia":[{"embeddable":true,"href":"https:\/\/prahaskolska.200.solutions\/index.php?rest_route=\/wp\/v2\/media\/8920"}],"wp:attachment":[{"href":"https:\/\/prahaskolska.200.solutions\/index.php?rest_route=%2Fwp%2Fv2%2Fmedia&parent=8915"}],"wp:term":[{"taxonomy":"category","embeddable":true,"href":"https:\/\/prahaskolska.200.solutions\/index.php?rest_route=%2Fwp%2Fv2%2Fcategories&post=8915"},{"taxonomy":"post_tag","embeddable":true,"href":"https:\/\/prahaskolska.200.solutions\/index.php?rest_route=%2Fwp%2Fv2%2Ftags&post=8915"}],"curies":[{"name":"wp","href":"https:\/\/api.w.org\/{rel}","templated":true}]}}