{"id":8845,"date":"2022-12-20T10:31:00","date_gmt":"2022-12-20T09:31:00","guid":{"rendered":"https:\/\/prahaskolska.200.solutions\/?p=8845"},"modified":"2022-12-18T22:46:03","modified_gmt":"2022-12-18T21:46:03","slug":"kam-v-praze-vyrazit-na-brusle","status":"publish","type":"post","link":"https:\/\/prahaskolska.200.solutions\/?p=8845","title":{"rendered":"Kam v Praze vyrazit na brusle?"},"content":{"rendered":"\n<p><strong>Zimn\u00ed obdob\u00ed je v pln\u00e9m proudu a po\u010das\u00ed tomu letos skute\u010dn\u011b odpov\u00edd\u00e1. T\u00fdden p\u0159ed V\u00e1noci je tak\u00e9 ide\u00e1ln\u00ed doba k tomu vyj\u00edt si n\u011bkam nas\u00e1t pravou v\u00e1no\u010dn\u00ed atmosf\u00e9ru. Vhodn\u00fdm prost\u0159edkem k tomu m\u016f\u017ee b\u00fdt n\u00e1v\u0161t\u011bva kluzi\u0161t\u011b, a to jak se t\u0159\u00eddou, tak i s p\u0159\u00e1teli. P\u0159in\u00e1\u0161\u00edme v\u00e1m tipy na ta nejlep\u0161\u00ed kluzi\u0161t\u011b v Praze.<\/strong><\/p>\n\n\n\n<p><strong>Kluzi\u0161t\u011b Folimanka<\/strong><\/p>\n\n\n\n<p>Jedno z pra\u017esk\u00fdch kluzi\u0161\u0165 se nach\u00e1z\u00ed p\u0159\u00edmo pod Nuselsk\u00fdm mostem, kde byl letos otev\u0159en nov\u00fd volno\u010dasov\u00fd are\u00e1l. Otev\u0159eno maj\u00ed ka\u017ed\u00fd den od 9:00 do 20:00 hodin. Zabruslit si tam m\u016f\u017eete a\u017e do konce \u00fanora.<\/p>\n\n\n\n<p><strong>Kluzi\u0161t\u011b Sm\u00edchov<\/strong><\/p>\n\n\n\n<p>Na Sm\u00edchov\u011b si m\u016f\u017eete zabruslit v rodinn\u00e9m prost\u0159ed\u00ed na N\u00e1m\u011bst\u00ed 14. \u0159\u00edjna. M\u00edstn\u00ed kluzi\u0161t\u011b se nach\u00e1z\u00ed nedaleko kostela sv. V\u00e1clava \u010di budovy b\u00fdval\u00e9 tr\u017enice, ve kter\u00e9 se nach\u00e1z\u00ed pobo\u010dka m\u011bstsk\u00e9 knihovny. Kluzi\u0161t\u011b m\u00e1 otev\u0159eno ka\u017ed\u00fd den od 9:00 do 21:00 a\u017e do 23. \u00fanora 2023.<\/p>\n\n\n\n<p><strong>Mal\u00e1 sportovn\u00ed hala na V\u00fdstavi\u0161ti<\/strong><\/p>\n\n\n\n<p>Pro ty, kte\u0159\u00ed rad\u011bji brusl\u00ed pod st\u0159echou, je otev\u0159eno kluzi\u0161t\u011b v are\u00e1lu hole\u0161ovick\u00e9ho V\u00fdstavi\u0161t\u011b. Nach\u00e1z\u00ed se v Mal\u00e9 sportovn\u00ed hale a na m\u00edst\u011b je mo\u017en\u00e9 si vyp\u016fj\u010dit mimo jin\u00e9 tak\u00e9 helmu. Otev\u0159eno maj\u00ed ka\u017ed\u00fd v\u00edkend od 15:15 do 17:15 hodin. <\/p>\n\n\n\n<p><strong>St\u0159eleck\u00fd ostrov<\/strong><\/p>\n\n\n\n<p>Ji\u017e druh\u00fdm rokem je letos otev\u0159eno tak\u00e9 kluzi\u0161t\u011b na jednom z mo\u017en\u00e1 nejromanti\u010dt\u011bj\u0161\u00edch m\u00edst v Praze &#8211; na St\u0159eleck\u00e9m ostrov\u011b. Ledovou plochu tam vybudovala m\u011bstsk\u00e1 \u010d\u00e1st Praha 1 ve spolupr\u00e1ci s Malostranskou besedou. Kluzi\u0161t\u011b m\u00e1 otev\u0159eno ka\u017ed\u00fd den od 14:00 do 21:00. O v\u00edkendech pak mezi 10:00 &#8211; 21:00. <\/p>\n\n\n\n<p><strong>Kluzi\u0161t\u011b na Gr\u00e9bovce<\/strong><\/p>\n\n\n\n<p>Do 28. \u00fanora je otev\u0159eno tak\u00e9 kluzi\u0161t\u011b v parku Gr\u00e9bovka na Praze 2. Nav\u0161t\u00edvit jej m\u016f\u017eete ka\u017ed\u00fd den od 9:00 do 22:00. Na \u0160t\u011bdr\u00fd den otev\u00edrac\u00ed doba kon\u010d\u00ed v 16:00.<\/p>\n\n\n\n<p><strong>Kluzi\u0161t\u011b Na Franti\u0161ku<\/strong><\/p>\n\n\n\n<p>Kluzi\u0161t\u011b se nach\u00e1z\u00ed tak\u00e9 v are\u00e1lu Na Franti\u0161ku na Praze 1. Ledovou plochu s v\u00fdhledem na Ane\u017esk\u00fd kl\u00e1\u0161ter m\u016f\u017eete nav\u0161t\u00edvit ka\u017ed\u00fd den. Od pond\u011bl\u00ed do p\u00e1tku maj\u00ed otev\u0159eno do 17:30 hodin, v sobotu do 18:00 a v ned\u011bli do 17:00. V \u00fater\u00fd a v sobotu kluzi\u0161t\u011b otev\u00edr\u00e1 v 10:00, ve \u010dtvrtek pak v 11:00. V pond\u011bl\u00ed, ve st\u0159edu a v p\u00e1tek si m\u016f\u017eete p\u0159ij\u00edt zabruslit ji\u017e v 8:00.<\/p>\n\n\n\n<p><strong>Kluzi\u0161t\u011b na Letn\u00e9<\/strong><\/p>\n\n\n\n<p>Dal\u0161\u00ed s kluzi\u0161\u0165 najdete na Letensk\u00e9 pl\u00e1ni. Tamn\u00ed ledov\u00e1 plocha, kterou provozuje Magistr\u00e1t hl. m. Prahy je nejv\u011bt\u0161\u00ed v Praze. Nav\u0161t\u00edvit ji m\u016f\u017eete zdarma ka\u017ed\u00fd den od 9:00 do 21:00 a\u017e do 28. \u00fanora. <\/p>\n\n\n\n<p><strong>Kluzi\u0161t\u011b \u010capadlo<\/strong><\/p>\n\n\n\n<p>Unik\u00e1tn\u00ed kluzi\u0161t\u011b se nach\u00e1z\u00ed na Smetanov\u011b n\u00e1b\u0159e\u017e\u00ed v prostoru letn\u00ed open-air n\u00e1plavky. Z\u0159ejm\u011b nejv\u011bt\u0161\u00ed atrakc\u00ed je kr\u00e1sn\u00fd v\u00fdhled na Pra\u017esk\u00fd hrad, kter\u00fd tamn\u00ed ledov\u00e1 plocha nab\u00edz\u00ed. Otev\u0159eno je ka\u017ed\u00fd v\u0161edn\u00ed den od 13:00 do 21:00 hodin. O v\u00edkendech pak od 10:00 do 21:00 hodin.<\/p>\n\n\n\n<p>Zdroj obr\u00e1zku: Obr\u00e1zek u\u017eivatele aileino ze slu\u017eby <a href=\"https:\/\/pixabay.com\/cs\/photos\/led-brusle-zima-1171528\/\">Pixabay<\/a><\/p>\n","protected":false},"excerpt":{"rendered":"<p>Zimn\u00ed obdob\u00ed je v pln\u00e9m proudu a po\u010das\u00ed tomu letos skute\u010dn\u011b odpov\u00edd\u00e1. T\u00fdden p\u0159ed V\u00e1noci je tak\u00e9 ide\u00e1ln\u00ed doba k tomu vyj\u00edt si n\u011bkam nas\u00e1t pravou v\u00e1no\u010dn\u00ed atmosf\u00e9ru. Vhodn\u00fdm prost\u0159edkem k tomu m\u016f\u017ee b\u00fdt n\u00e1v\u0161t\u011bva kluzi\u0161t\u011b, a to jak se t\u0159\u00eddou, tak i s p\u0159\u00e1teli. P\u0159in\u00e1\u0161\u00edme v\u00e1m tipy na ta nejlep\u0161\u00ed kluzi\u0161t\u011b v Praze. Kluzi\u0161t\u011b [&hellip;]<\/p>\n","protected":false},"author":24,"featured_media":8851,"comment_status":"open","ping_status":"open","sticky":false,"template":"","format":"standard","meta":{"inline_featured_image":false,"_breakdance_hide_in_design_set":false,"_breakdance_tags":"","footnotes":""},"categories":[53,109,1,46,110],"tags":[],"class_list":["post-8845","post","type-post","status-publish","format-standard","has-post-thumbnail","hentry","category-inspirace","category-kultura","category-nezarazene","category-studentske-zpravodajstvi","category-zajimavosti-z-prahy"],"acf":[],"_links":{"self":[{"href":"https:\/\/prahaskolska.200.solutions\/index.php?rest_route=\/wp\/v2\/posts\/8845","targetHints":{"allow":["GET"]}}],"collection":[{"href":"https:\/\/prahaskolska.200.solutions\/index.php?rest_route=\/wp\/v2\/posts"}],"about":[{"href":"https:\/\/prahaskolska.200.solutions\/index.php?rest_route=\/wp\/v2\/types\/post"}],"author":[{"embeddable":true,"href":"https:\/\/prahaskolska.200.solutions\/index.php?rest_route=\/wp\/v2\/users\/24"}],"replies":[{"embeddable":true,"href":"https:\/\/prahaskolska.200.solutions\/index.php?rest_route=%2Fwp%2Fv2%2Fcomments&post=8845"}],"version-history":[{"count":2,"href":"https:\/\/prahaskolska.200.solutions\/index.php?rest_route=\/wp\/v2\/posts\/8845\/revisions"}],"predecessor-version":[{"id":8852,"href":"https:\/\/prahaskolska.200.solutions\/index.php?rest_route=\/wp\/v2\/posts\/8845\/revisions\/8852"}],"wp:featuredmedia":[{"embeddable":true,"href":"https:\/\/prahaskolska.200.solutions\/index.php?rest_route=\/wp\/v2\/media\/8851"}],"wp:attachment":[{"href":"https:\/\/prahaskolska.200.solutions\/index.php?rest_route=%2Fwp%2Fv2%2Fmedia&parent=8845"}],"wp:term":[{"taxonomy":"category","embeddable":true,"href":"https:\/\/prahaskolska.200.solutions\/index.php?rest_route=%2Fwp%2Fv2%2Fcategories&post=8845"},{"taxonomy":"post_tag","embeddable":true,"href":"https:\/\/prahaskolska.200.solutions\/index.php?rest_route=%2Fwp%2Fv2%2Ftags&post=8845"}],"curies":[{"name":"wp","href":"https:\/\/api.w.org\/{rel}","templated":true}]}}