{"id":8821,"date":"2022-12-15T10:23:00","date_gmt":"2022-12-15T09:23:00","guid":{"rendered":"https:\/\/prahaskolska.200.solutions\/?p=8821"},"modified":"2022-12-14T22:53:32","modified_gmt":"2022-12-14T21:53:32","slug":"neklikej-a-spi-studenti-cvut-chteji-zmenu-studijnich-podminek","status":"publish","type":"post","link":"https:\/\/prahaskolska.200.solutions\/?p=8821","title":{"rendered":"Neklikej a spi. Studenti \u010cVUT cht\u011bj\u00ed zm\u011bnu studijn\u00edch podm\u00ednek"},"content":{"rendered":"\n<p><strong>Skupina student\u016f architektury z pra\u017esk\u00e9 \u010cVUT se rozhodla \u0159e\u0161it \u0161patn\u00e9 podm\u00ednky, kter\u00e9 jsou podle nich se studiem tohoto n\u00e1ro\u010dn\u00e9ho oboru spojeny. D\u00edky iniciativ\u011b &#8222;Neklikej a spi&#8220; se m\u016f\u017ee ka\u017ed\u00fd student pod\u011blit o svoji zku\u0161enost a vyj\u00e1d\u0159it sv\u016fj n\u00e1zor.<\/strong><\/p>\n\n\n\n<p>Skupina studuj\u00edc\u00edch z architektonick\u00fdch obor\u016f na \u010cVUT vytvo\u0159ila na Instagramu <a href=\"https:\/\/instagram.com\/neklikejaspi?igshid=YmMyMTA2M2Y=\">skupinu<\/a>, ve kter\u00e9 upozor\u0148uj\u00ed na negativn\u00ed faktory spojen\u00e9 se studiem architektury na t\u00e9to vysok\u00e9 \u0161kole. Pat\u0159\u00ed mezi n\u011b kup\u0159. pr\u00e1ce p\u0159es noc, nekone\u010dn\u00e9 konzultace, spousta \u00fasil\u00ed bez kontextu \u010di glorifikace neudr\u017eiteln\u00e9ho \u017eivotn\u00edho stylu. \u00da\u010delem dotazn\u00edku, kter\u00fd studenti vytvo\u0159ili, je zjistit, jak se studenti maj\u00ed a jak se jim na \u0161kole studuje. <\/p>\n\n\n\n<p>V dotazn\u00edku, kter\u00fd je na Instagramov\u00e9 str\u00e1nce dostupn\u00fd, se mohou studenti vyj\u00e1d\u0159it kup\u0159. k t\u00e9matu du\u0161evn\u00edho zdrav\u00ed. Mezi ot\u00e1zky, kter\u00e9 dotazn\u00edk obsahuje, pat\u0159\u00ed: &#8222;<em>C\u00edt\u00ed\u0161, \u017ee se zhor\u0161il stav tv\u00e9ho du\u0161evn\u00edho zdrav\u00ed na \u0161kole?<\/em>&#8222;, &#8222;<em>Zaznamenal\/a jsi poprv\u00e9 probl\u00e9my s du\u0161evn\u00edm zdrav\u00edm a\u017e na \u0161kole?<\/em>&#8220; \u010di &#8222;<em>M\u00e1\u0161 voln\u00fd \u010das?<\/em>&#8222;.<\/p>\n\n\n\n<p>Studenti tak\u00e9 upozor\u0148uj\u00ed na ne\u0161\u0165astnou statistiku, kter\u00e1 \u0159ad\u00ed profesi architekta \u010di architektky jako p\u00e1tou nejn\u00e1chyln\u011bj\u0161\u00ed k sebevra\u017ed\u00e1m. Architekti si dle nich nejprve vytvo\u0159\u00ed emo\u010dn\u00ed a afektivn\u00ed vazbu k architektonick\u00e9mu oboru a za\u010dnou svou pr\u00e1ci vn\u00edmat jako \u017eivotn\u00ed styl.<\/p>\n\n\n\n<p>Iniciativa upozor\u0148uje tak\u00e9 na tzv. ateli\u00e9rov\u00fd t\u00fdden, co\u017e je jedna ze sou\u010d\u00e1st\u00ed studia architektury, kter\u00fd studenty nau\u010d\u00ed, \u017ee se pro projekt musej\u00ed naprosto vy\u010derpat. V \u017eivot\u011b pak snadno p\u0159ijmou ob\u010dasn\u00e9 p\u0159es\u010dasy do pozdn\u00edch no\u010dn\u00edch hodin jako standard profese. <\/p>\n\n\n\n<p>Na str\u00e1nce iniciativy se m\u016f\u017ee n\u00e1v\u0161t\u011bvn\u00edk sezn\u00e1mit tak\u00e9 s anonymn\u00edmi zku\u0161enostmi jednotliv\u00fdch student\u016f. &#8222;<em>Cel\u00fd to pro m\u011b ilustruje p\u0159\u00edhoda, kdy p\u0159i prvn\u00edm ateli\u00e9rov\u00fdm t\u00fddnu v prv\u00e1ku n\u00e1m prost\u011b \u0159ekli, \u017ee zdrav\u00ed mus\u00ed j\u00edt n\u011bkdy stranou<\/em>&#8222;, zn\u00ed jedna z nich.<\/p>\n\n\n\n<p>Zdroj obr\u00e1zku: Obr\u00e1zek u\u017eivatele uslijakme ze slu\u017eby <a href=\"https:\/\/pixabay.com\/cs\/photos\/pr\u00e1ce-kancel\u00e1\u0159-architekt-n\u00e1vrh\u00e1\u0159-2196609\/\">Pixabay<\/a>.<\/p>\n","protected":false},"excerpt":{"rendered":"<p>Skupina student\u016f architektury z pra\u017esk\u00e9 \u010cVUT se rozhodla \u0159e\u0161it \u0161patn\u00e9 podm\u00ednky, kter\u00e9 jsou podle nich se studiem tohoto n\u00e1ro\u010dn\u00e9ho oboru spojeny. D\u00edky iniciativ\u011b &#8222;Neklikej a spi&#8220; se m\u016f\u017ee ka\u017ed\u00fd student pod\u011blit o svoji zku\u0161enost a vyj\u00e1d\u0159it sv\u016fj n\u00e1zor. Skupina studuj\u00edc\u00edch z architektonick\u00fdch obor\u016f na \u010cVUT vytvo\u0159ila na Instagramu skupinu, ve kter\u00e9 upozor\u0148uj\u00ed na negativn\u00ed faktory [&hellip;]<\/p>\n","protected":false},"author":24,"featured_media":8822,"comment_status":"open","ping_status":"open","sticky":false,"template":"","format":"standard","meta":{"inline_featured_image":false,"_breakdance_hide_in_design_set":false,"_breakdance_tags":"","footnotes":""},"categories":[56,46,47],"tags":[],"class_list":["post-8821","post","type-post","status-publish","format-standard","has-post-thumbnail","hentry","category-problemy-ve-skolstvi","category-studentske-zpravodajstvi","category-vzdelavani"],"acf":[],"_links":{"self":[{"href":"https:\/\/prahaskolska.200.solutions\/index.php?rest_route=\/wp\/v2\/posts\/8821","targetHints":{"allow":["GET"]}}],"collection":[{"href":"https:\/\/prahaskolska.200.solutions\/index.php?rest_route=\/wp\/v2\/posts"}],"about":[{"href":"https:\/\/prahaskolska.200.solutions\/index.php?rest_route=\/wp\/v2\/types\/post"}],"author":[{"embeddable":true,"href":"https:\/\/prahaskolska.200.solutions\/index.php?rest_route=\/wp\/v2\/users\/24"}],"replies":[{"embeddable":true,"href":"https:\/\/prahaskolska.200.solutions\/index.php?rest_route=%2Fwp%2Fv2%2Fcomments&post=8821"}],"version-history":[{"count":1,"href":"https:\/\/prahaskolska.200.solutions\/index.php?rest_route=\/wp\/v2\/posts\/8821\/revisions"}],"predecessor-version":[{"id":8823,"href":"https:\/\/prahaskolska.200.solutions\/index.php?rest_route=\/wp\/v2\/posts\/8821\/revisions\/8823"}],"wp:featuredmedia":[{"embeddable":true,"href":"https:\/\/prahaskolska.200.solutions\/index.php?rest_route=\/wp\/v2\/media\/8822"}],"wp:attachment":[{"href":"https:\/\/prahaskolska.200.solutions\/index.php?rest_route=%2Fwp%2Fv2%2Fmedia&parent=8821"}],"wp:term":[{"taxonomy":"category","embeddable":true,"href":"https:\/\/prahaskolska.200.solutions\/index.php?rest_route=%2Fwp%2Fv2%2Fcategories&post=8821"},{"taxonomy":"post_tag","embeddable":true,"href":"https:\/\/prahaskolska.200.solutions\/index.php?rest_route=%2Fwp%2Fv2%2Ftags&post=8821"}],"curies":[{"name":"wp","href":"https:\/\/api.w.org\/{rel}","templated":true}]}}