{"id":8811,"date":"2022-12-13T14:53:01","date_gmt":"2022-12-13T13:53:01","guid":{"rendered":"https:\/\/prahaskolska.200.solutions\/?p=8811"},"modified":"2022-12-13T14:53:02","modified_gmt":"2022-12-13T13:53:02","slug":"cena-eduina-2022-zna-sve-viteze-a-slavi-desetilete-vyroci","status":"publish","type":"post","link":"https:\/\/prahaskolska.200.solutions\/?p=8811","title":{"rendered":"Cena EDU\u00edna 2022 zn\u00e1 sv\u00e9 v\u00edt\u011bze a slav\u00ed desetilet\u00e9 v\u00fdro\u010d\u00ed"},"content":{"rendered":"\n<p><strong>Cenu EDU\u00edna letos z\u00edskal projekt \u010clov\u011bka v t\u00edsni, organizace Locika a organiz\u00e1to\u0159i nult\u00fdch ro\u010dn\u00edk\u016f pro ukrajinsk\u00e9 \u017e\u00e1ky dev\u00e1t\u00fdch t\u0159\u00edd. Do Auly sl\u00e1vy tento rok vstoupila dlouholet\u00e1 \u0159editelka z\u00e1kladn\u00ed \u0161koly Hana Vell\u00e1nov\u00e1. EDU\u00edna tak\u00e9 pro\u0161la prom\u011bnou koncepce.\u00a0<\/strong><\/p>\n\n\n\n<p>\u201eEDU\u00edna si p\u0159i sv\u00e9m vzniku vytkla jako c\u00edl hledat inovace v \u010desk\u00e9m vzd\u011bl\u00e1v\u00e1n\u00ed. V posledn\u00edch letech ale vn\u00edm\u00e1me, \u017ee nedostatek inovativn\u00edch projekt\u016f u\u017e nen\u00ed t\u00edm nejpal\u010div\u011bj\u0161\u00edm, co \u010desk\u00e9 \u0161kolstv\u00ed tr\u00e1p\u00ed,\u201d vysv\u011btluje mana\u017eerka ceny Hana Matou\u0161\u016f. Nov\u011b proto letos ud\u00edl\u00edme cenu za p\u0159\u00ednos \u010desk\u00e9mu vzd\u011bl\u00e1v\u00e1n\u00ed.<\/p>\n\n\n\n<p>Ocen\u011bn\u00e9 projekty, po\u010diny nebo aktivity vyb\u00edr\u00e1 t\u00fdm EDUinu. Zohled\u0148uje p\u0159itom aktu\u00e1ln\u00ed situaci a zam\u011b\u0159uje se na problematick\u00e9 oblasti \u010desk\u00e9ho \u0161kolstv\u00ed.\u00a0\u201ePro rok 2022 jsem zvolili tyto oblasti \u2013 integraci ukrajinsk\u00fdch \u017e\u00e1k\u016f do \u010desk\u00fdch \u0161kol a p\u00e9\u010di o du\u0161evn\u00ed zdrav\u00ed d\u011bt\u00ed,\u201d dod\u00e1v\u00e1 Hana Matou\u0161\u016f.\u00a0<\/p>\n\n\n\n<p><strong>Cenu EDU\u00edna za rok 2022 z\u00edskaly:<\/strong><\/p>\n\n\n\n<p><strong>Projekty Nult\u00e9 ro\u010dn\u00edky pro ukrajinsk\u00e9 uchaze\u010de, kter\u00e9 organizuj\u00ed Adapta\u010dn\u00ed centrum Pam\u011bti N\u00e1roda, Gymn\u00e1zium Karla Sladkovsk\u00e9ho, Gymn\u00e1zium Na Zatlance a Sm\u00edchovsk\u00e1 st\u0159edn\u00ed pr\u016fmyslov\u00e1 \u0161kola a gymn\u00e1zium:<\/strong>\u00a0za umo\u017en\u011bn\u00ed dosp\u00edvaj\u00edc\u00edm kontinu\u00e1ln\u00ed rozvoj jejich potenci\u00e1lu a napom\u00e1h\u00e1n\u00ed jim v integraci do spole\u010dnosti.\u00a0<\/p>\n\n\n\n<p><strong>Projekt SOS Ukrajina pro \u010cR (\u010clov\u011bk v t\u00edsni)<\/strong>: za komplexn\u00ed p\u0159\u00edstup k integraci Ukrajinc\u016f \u2013\u2060 flexibiln\u00ed a efektivn\u00ed pomoc, spolupr\u00e1ci nap\u0159\u00ed\u010d neziskov\u00fdm i st\u00e1tn\u00edm sektorem a celorepublikov\u00fd z\u00e1sah.<\/p>\n\n\n\n<p><strong>Centrum Locika:<\/strong>\u00a0za realizaci konkr\u00e9tn\u00edch krok\u016f pro ochranu d\u011bt\u00ed p\u0159ed n\u00e1sil\u00edm ve \u0161kole i v rodin\u011b, tvorbu pomocn\u00fdch materi\u00e1l\u016f a poskytov\u00e1n\u00ed\u00a0vzd\u011bl\u00e1vac\u00edch slu\u017eeb.<\/p>\n\n\n\n<figure class=\"wp-block-image size-large\"><img loading=\"lazy\" decoding=\"async\" width=\"1024\" height=\"683\" src=\"https:\/\/prahaskolska.200.solutions\/wp-content\/uploads\/2022\/12\/eduina-1024x683.jpeg\" alt=\"\" class=\"wp-image-8812\" srcset=\"https:\/\/prahaskolska.200.solutions\/wp-content\/uploads\/2022\/12\/eduina-1024x683.jpeg 1024w, https:\/\/prahaskolska.200.solutions\/wp-content\/uploads\/2022\/12\/eduina-300x200.jpeg 300w, https:\/\/prahaskolska.200.solutions\/wp-content\/uploads\/2022\/12\/eduina-768x512.jpeg 768w, https:\/\/prahaskolska.200.solutions\/wp-content\/uploads\/2022\/12\/eduina-1536x1024.jpeg 1536w, https:\/\/prahaskolska.200.solutions\/wp-content\/uploads\/2022\/12\/eduina.jpeg 2048w\" sizes=\"auto, (max-width: 1024px) 100vw, 1024px\" \/><\/figure>\n\n\n\n<p>V r\u00e1mci ceny EDU\u00edna ale i d\u00e1l oce\u0148ujeme osobnosti, kter\u00e9 se zaslou\u017eily o systematick\u00fd a\u00a0dlouhodob\u00fd p\u0159\u00ednos \u010desk\u00e9mu vzd\u011bl\u00e1v\u00e1n\u00ed. Za rok 2022 je laure\u00e1tkou Auly sl\u00e1vy\u00a0<strong>Hana Vell\u00e1nov\u00e1<\/strong>. Dlouholet\u00e1 \u0159editelka Z\u00e1kladn\u00ed \u0161koly v Plan\u00e9 nad Lu\u017enic\u00ed a jedna ze zakladatelek Trval\u00e9 obnovy \u0161koly. Hana Vell\u00e1nov\u00e1 se cel\u00fd \u017eivot v\u011bnuje profesi s nasazen\u00edm a ob\u011btavost\u00ed. St\u00e1le na sob\u011b pracuje, vzd\u011bl\u00e1v\u00e1 se, p\u0159ij\u00edm\u00e1 nov\u00e9 a nov\u00e9 v\u00fdzvy. M\u00e1 velkou vytrvalost, projekt\u016fm, jich\u017e se \u00fa\u010dastn\u00ed, zachov\u00e1v\u00e1 v\u011brnost, a to n\u011bkdy i n\u011bkolik des\u00edtek let. Poskytuje jim tak cennou dlouhodobou podporu.<\/p>\n\n\n\n<p>Gener\u00e1ln\u00edm partnerem EDUinu je Livesport, dal\u0161\u00edmi partnery jsou BL\u00cd\u017dKSOB\u011a, Nadace \u010cesk\u00e9 spo\u0159itelny, Nadace Jablotron a Nadace RSJ.<\/p>\n\n\n\n<p>Zdroj: <a href=\"https:\/\/www.eduin.cz\/tiskove-zpravy\/tiskova-zprava-cena-eduina-2022-zna-sve-viteze-a-slavi-desetilete-vyroci\/\">TZ EDUin<\/a><\/p>\n","protected":false},"excerpt":{"rendered":"<p>Cenu EDU\u00edna letos z\u00edskal projekt \u010clov\u011bka v t\u00edsni, organizace Locika a organiz\u00e1to\u0159i nult\u00fdch ro\u010dn\u00edk\u016f pro ukrajinsk\u00e9 \u017e\u00e1ky dev\u00e1t\u00fdch t\u0159\u00edd. Do Auly sl\u00e1vy tento rok vstoupila dlouholet\u00e1 \u0159editelka z\u00e1kladn\u00ed \u0161koly Hana Vell\u00e1nov\u00e1. EDU\u00edna tak\u00e9 pro\u0161la prom\u011bnou koncepce.\u00a0 \u201eEDU\u00edna si p\u0159i sv\u00e9m vzniku vytkla jako c\u00edl hledat inovace v \u010desk\u00e9m vzd\u011bl\u00e1v\u00e1n\u00ed. V posledn\u00edch letech ale vn\u00edm\u00e1me, \u017ee [&hellip;]<\/p>\n","protected":false},"author":1,"featured_media":8812,"comment_status":"open","ping_status":"open","sticky":false,"template":"","format":"standard","meta":{"inline_featured_image":false,"_breakdance_hide_in_design_set":false,"_breakdance_tags":"","footnotes":""},"categories":[205,28],"tags":[271],"class_list":["post-8811","post","type-post","status-publish","format-standard","has-post-thumbnail","hentry","category-aktuality","category-aktualne-ze-skolstvi","tag-eduina"],"acf":[],"_links":{"self":[{"href":"https:\/\/prahaskolska.200.solutions\/index.php?rest_route=\/wp\/v2\/posts\/8811","targetHints":{"allow":["GET"]}}],"collection":[{"href":"https:\/\/prahaskolska.200.solutions\/index.php?rest_route=\/wp\/v2\/posts"}],"about":[{"href":"https:\/\/prahaskolska.200.solutions\/index.php?rest_route=\/wp\/v2\/types\/post"}],"author":[{"embeddable":true,"href":"https:\/\/prahaskolska.200.solutions\/index.php?rest_route=\/wp\/v2\/users\/1"}],"replies":[{"embeddable":true,"href":"https:\/\/prahaskolska.200.solutions\/index.php?rest_route=%2Fwp%2Fv2%2Fcomments&post=8811"}],"version-history":[{"count":2,"href":"https:\/\/prahaskolska.200.solutions\/index.php?rest_route=\/wp\/v2\/posts\/8811\/revisions"}],"predecessor-version":[{"id":8814,"href":"https:\/\/prahaskolska.200.solutions\/index.php?rest_route=\/wp\/v2\/posts\/8811\/revisions\/8814"}],"wp:featuredmedia":[{"embeddable":true,"href":"https:\/\/prahaskolska.200.solutions\/index.php?rest_route=\/wp\/v2\/media\/8812"}],"wp:attachment":[{"href":"https:\/\/prahaskolska.200.solutions\/index.php?rest_route=%2Fwp%2Fv2%2Fmedia&parent=8811"}],"wp:term":[{"taxonomy":"category","embeddable":true,"href":"https:\/\/prahaskolska.200.solutions\/index.php?rest_route=%2Fwp%2Fv2%2Fcategories&post=8811"},{"taxonomy":"post_tag","embeddable":true,"href":"https:\/\/prahaskolska.200.solutions\/index.php?rest_route=%2Fwp%2Fv2%2Ftags&post=8811"}],"curies":[{"name":"wp","href":"https:\/\/api.w.org\/{rel}","templated":true}]}}