{"id":8806,"date":"2022-12-14T10:03:00","date_gmt":"2022-12-14T09:03:00","guid":{"rendered":"https:\/\/prahaskolska.200.solutions\/?p=8806"},"modified":"2022-12-13T12:10:18","modified_gmt":"2022-12-13T11:10:18","slug":"kam-v-praze-na-betlemy","status":"publish","type":"post","link":"https:\/\/prahaskolska.200.solutions\/?p=8806","title":{"rendered":"Kam v Praze na betl\u00e9my?"},"content":{"rendered":"\n<p><strong>Betl\u00e9m &#8211; jeden z tradi\u010dn\u00edch symbol\u016f V\u00e1noc. Jako ka\u017ed\u00fd rok, i letos se v Praze nach\u00e1z\u00ed mnoho m\u00edst, kam je mo\u017en\u00e9 ve v\u00e1no\u010dn\u00edm \u010dase zaj\u00edt tuto tradici obdivovat. Mnoho z pra\u017esk\u00fdch betl\u00e9m\u016f m\u00e1 tak\u00e9 velmi dlouhou historii.<\/strong><\/p>\n\n\n\n<p>K v\u00e1no\u010dn\u00edmu \u010dasu pat\u0159\u00ed tzv. jesli\u010dky ji\u017e po stalet\u00ed. V\u016fbec poprv\u00e9 spat\u0159ily sv\u011btlo sv\u011bta v roce 1223 v jednom kl\u00e1\u0161te\u0159e nedaleko italsk\u00e9ho Assisi. Dle legendy tuto tradici zalo\u017eil sv. Franti\u0161ek. Nejstar\u0161\u00ed dochovan\u00fd betl\u00e9m v dnes v\u0161eobecn\u011b zn\u00e1m\u00e9 podob\u011b poch\u00e1z\u00ed z roku 1289 a je uchov\u00e1n v kostele Santa Maria Maggiore. Praha spat\u0159ila prvn\u00ed jesli\u010dky v roce 1562 v kostele sv. Klimenta.<\/p>\n\n\n\n<p>A kam se letos v Praze zaj\u00edt na betl\u00e9my pod\u00edvat?<\/p>\n\n\n\n<p><strong>Starobyl\u00fd betl\u00e9m v pra\u017esk\u00e9 Loret\u011b<\/strong><\/p>\n\n\n\n<p>Jedn\u00edm z nejp\u016fsobiv\u011bj\u0161\u00edch pra\u017esk\u00fdch betl\u00e9m\u016f je ten, kter\u00fd najdeme v Loret\u011b nedaleko Pra\u017esk\u00e9ho hradu. Skl\u00e1d\u00e1 se z celkem 48 figur, z nich\u017e nejvy\u0161\u0161\u00ed dosahuj\u00ed v\u00fd\u0161ky a\u017e 175 centimetr\u016f. Tento impozantn\u00ed skvost poch\u00e1z\u00ed z 2. \u010dtvrtiny 18. stolet\u00ed a dodnes se spekuluje o technice jeho v\u00fdroby. <\/p>\n\n\n\n<p>Betl\u00e9m bude p\u0159\u00edstupn\u00fd <strong>od 25. prosince do 8. ledna 2023.<\/strong><\/p>\n\n\n\n<p><strong>Betl\u00e9my v bazilice sv. Petra a Pavla na Vy\u0161ehrad\u011b<\/strong><\/p>\n\n\n\n<p>Jesli\u010dky v bazilice na Vy\u0161ehrad\u011b poch\u00e1z\u00ed z 19. stolet\u00ed a tvo\u0159\u00ed je celkem 13 postav. Je\u017e\u00ed\u0161kova rodina je zde vyobrazena v \u017eivotn\u00ed velikosti. Autor tohoto d\u00edla je nezn\u00e1m\u00fd, ale dle techniky se usuzuje, \u017ee j\u00edm mohl b\u00fdt n\u011bkdo z okruhu tyrolsk\u00fdch \u0159ezb\u00e1\u0159\u016f. Betl\u00e9m na Vy\u0161ehrad\u011b se \u0159ad\u00ed mezi jedny z nejhez\u010d\u00edch v Praze<\/p>\n\n\n\n<p>Betl\u00e9m bude mo\u017en\u00e9 nav\u0161t\u00edvit <strong>od 24. prosince do 6. ledna 2023.<\/strong><\/p>\n\n\n\n<p><strong>Betl\u00e9m u Mat\u011bje<\/strong><\/p>\n\n\n\n<p>Dal\u0161\u00ed ze zaj\u00edmav\u00fdch betl\u00e9m\u016f se nach\u00e1z\u00ed v kostele sv. Mat\u011bje nedaleko pra\u017esk\u00e9 Baby. Je tvo\u0159en a\u017e 250 figurkami a jeho zvl\u00e1\u0161tnost\u00ed je, \u017ee je cel\u00fd vytvo\u0159en z pern\u00edku. V d\u0159\u00edv\u011bj\u0161\u00edch dob\u00e1ch po\u010det jeho figurek \u010d\u00edtal a\u017e 300 kus\u016f. Sou\u010dasn\u00fdm autorem betl\u00e9mu, kter\u00fd vznik\u00e1 ji\u017e od roku 1972, je Daniel Z\u00edtka, jen\u017e jednotliv\u00e9 sou\u010d\u00e1sti pe\u010de a zdob\u00ed ji\u017e 20 let. <\/p>\n\n\n\n<p>Betl\u00e9m bude mo\u017en\u00e9 vid\u011bt <strong>od 24. prosince do 6. ledna 2023.<\/strong><\/p>\n\n\n\n<p><strong>Betl\u00e9m v Emauz\u00edch<\/strong><\/p>\n\n\n\n<p>Betl\u00e9m v Emauzsk\u00e9m opatstv\u00ed poch\u00e1z\u00ed z p\u0159elomu 19. a 20. stolet\u00ed a jedn\u00e1 se o typickou uk\u00e1zku tzv. beuronsk\u00e9 um\u011bleck\u00e9 \u0161koly. Jeho autory jsou \u010dlenov\u00e9 zdej\u0161\u00ed komunity, brat\u0159i Benitius, Gabhardus a Robert. Betl\u00e9m je zaj\u00edmav\u00fd tak\u00e9 svoj\u00ed histori\u00ed. A\u010dkoli byl emauzsk\u00fd chr\u00e1m za 2. sv\u011btov\u00e9 v\u00e1lky siln\u011b poni\u010den, samotn\u00e9mu betl\u00e9mu se nic nestalo. Do\u0161lo pouze ke ztr\u00e1t\u011b n\u011bkter\u00fdch figurek.<\/p>\n\n\n\n<p>Od roku 1948 byl emauzsk\u00fd betl\u00e9m uchov\u00e1v\u00e1n ve Strahovsk\u00e9m kl\u00e1\u0161te\u0159e. V Emauzsk\u00e9m opatstv\u00ed je op\u011bt vystavov\u00e1n od roku 2003, kdy byl m\u00edstn\u00ed kostel znovuotev\u0159en.<\/p>\n\n\n\n<p>Kr\u00e1su betl\u00e9ma v Emauz\u00edch lze obdivovat od<strong> 24. prosince do 29. ledna 2023.<\/strong><\/p>\n\n\n\n<p><strong>Betl\u00e9my v Muzeu Karlova mostu<\/strong><\/p>\n\n\n\n<p>Jedna z v\u00fdstav betl\u00e9m\u016f se kon\u00e1 tak\u00e9 v Muzeu Karlova mostu. Na v\u00fdstav\u011b je k vid\u011bn\u00ed kup\u0159. slam\u011bn\u00fd betl\u00e9m od Andrzeje Wrzecionka \u010di vltavsk\u00fd ryb\u00ed betl\u00e9m, kter\u00fd je dokonce zaps\u00e1n v \u010desk\u00e9 knize rekord\u016f. Letos se n\u00e1v\u0161t\u011bvn\u00edci sezn\u00e1m\u00ed mimo jin\u00e9 tak\u00e9 s v\u00e1no\u010dn\u00edmi pov\u011brami \u010di kouzly na\u0161ich p\u0159edk\u016f. <\/p>\n\n\n\n<p>V\u00fdstavu lze nav\u0161t\u00edvit <strong>od 26. prosince do 2. \u00fanora 2023.<\/strong><\/p>\n\n\n\n<p>Zdroj obr\u00e1zku: Obr\u00e1zek u\u017eivatele geralt ze slu\u017eby<a href=\"https:\/\/pixabay.com\/cs\/illustrations\/v\u00e1noce-betl\u00e9m-stodola-kriste-d%C3%ADt\u011b-1010749\/\"> Pixabay<\/a>.<\/p>\n","protected":false},"excerpt":{"rendered":"<p>Betl\u00e9m &#8211; jeden z tradi\u010dn\u00edch symbol\u016f V\u00e1noc. Jako ka\u017ed\u00fd rok, i letos se v Praze nach\u00e1z\u00ed mnoho m\u00edst, kam je mo\u017en\u00e9 ve v\u00e1no\u010dn\u00edm \u010dase zaj\u00edt tuto tradici obdivovat. Mnoho z pra\u017esk\u00fdch betl\u00e9m\u016f m\u00e1 tak\u00e9 velmi dlouhou historii. K v\u00e1no\u010dn\u00edmu \u010dasu pat\u0159\u00ed tzv. jesli\u010dky ji\u017e po stalet\u00ed. V\u016fbec poprv\u00e9 spat\u0159ily sv\u011btlo sv\u011bta v roce 1223 v [&hellip;]<\/p>\n","protected":false},"author":24,"featured_media":8807,"comment_status":"open","ping_status":"open","sticky":false,"template":"","format":"standard","meta":{"inline_featured_image":false,"_breakdance_hide_in_design_set":false,"_breakdance_tags":"","footnotes":""},"categories":[62,109,51,46,110],"tags":[],"class_list":["post-8806","post","type-post","status-publish","format-standard","has-post-thumbnail","hentry","category-historie","category-kultura","category-spolecnost","category-studentske-zpravodajstvi","category-zajimavosti-z-prahy"],"acf":[],"_links":{"self":[{"href":"https:\/\/prahaskolska.200.solutions\/index.php?rest_route=\/wp\/v2\/posts\/8806","targetHints":{"allow":["GET"]}}],"collection":[{"href":"https:\/\/prahaskolska.200.solutions\/index.php?rest_route=\/wp\/v2\/posts"}],"about":[{"href":"https:\/\/prahaskolska.200.solutions\/index.php?rest_route=\/wp\/v2\/types\/post"}],"author":[{"embeddable":true,"href":"https:\/\/prahaskolska.200.solutions\/index.php?rest_route=\/wp\/v2\/users\/24"}],"replies":[{"embeddable":true,"href":"https:\/\/prahaskolska.200.solutions\/index.php?rest_route=%2Fwp%2Fv2%2Fcomments&post=8806"}],"version-history":[{"count":1,"href":"https:\/\/prahaskolska.200.solutions\/index.php?rest_route=\/wp\/v2\/posts\/8806\/revisions"}],"predecessor-version":[{"id":8808,"href":"https:\/\/prahaskolska.200.solutions\/index.php?rest_route=\/wp\/v2\/posts\/8806\/revisions\/8808"}],"wp:featuredmedia":[{"embeddable":true,"href":"https:\/\/prahaskolska.200.solutions\/index.php?rest_route=\/wp\/v2\/media\/8807"}],"wp:attachment":[{"href":"https:\/\/prahaskolska.200.solutions\/index.php?rest_route=%2Fwp%2Fv2%2Fmedia&parent=8806"}],"wp:term":[{"taxonomy":"category","embeddable":true,"href":"https:\/\/prahaskolska.200.solutions\/index.php?rest_route=%2Fwp%2Fv2%2Fcategories&post=8806"},{"taxonomy":"post_tag","embeddable":true,"href":"https:\/\/prahaskolska.200.solutions\/index.php?rest_route=%2Fwp%2Fv2%2Ftags&post=8806"}],"curies":[{"name":"wp","href":"https:\/\/api.w.org\/{rel}","templated":true}]}}