{"id":8800,"date":"2022-12-13T09:34:07","date_gmt":"2022-12-13T08:34:07","guid":{"rendered":"https:\/\/prahaskolska.200.solutions\/?p=8800"},"modified":"2022-12-19T10:04:24","modified_gmt":"2022-12-19T09:04:24","slug":"prijdte-poznat-3d-tisk","status":"publish","type":"post","link":"https:\/\/prahaskolska.200.solutions\/?p=8800","title":{"rendered":"P\u0159ij\u010fte poznat 3D tisk"},"content":{"rendered":"\n<p><strong>O 3D tisku jste u\u017e ur\u010dit\u011b v\u0161ichni sly\u0161eli a mnoz\u00ed ho i vyzkou\u0161eli. Pokud m\u00e1te \u017e\u00e1ky, kte\u0159\u00ed by se s\u00a0n\u00edm tak\u00e9 r\u00e1di nau\u010dili, a nem\u00e1te p\u0159\u00edle\u017eitost, p\u0159ij\u010fte si v\u0161e vyzkou\u0161et do nov\u011b otev\u0159en\u00e9 modern\u00ed u\u010debny a d\u00edlny 3D tisku na Akademii \u0159emesel Praha \u2013 St\u0159edn\u00ed \u0161kole technick\u00e9. V\u00fdukov\u00fd prostor je otev\u0159en i \u0161irok\u00e9 ve\u0159ejnosti, p\u0159ihl\u00e1sit se tedy mohou i t\u0159eba skupinky aktivn\u00edch \u017e\u00e1k\u016f nebo (pra)rodi\u010de s\u00a0d\u011btmi.\u00a0<\/strong><\/p>\n\n\n\n<p>\u201eVzd\u011bl\u00e1vac\u00ed aktivity v\u00a0nov\u00e9 u\u010debn\u011b a d\u00edln\u011b podpo\u0159\u00ed kompetence k\u00a0podnikavosti, iniciativ\u011b a kreativit\u011b,\u201c\u00a0\u0159\u00edk\u00e1 Ivana Nechv\u00e1talov\u00e1, z\u00e1stupkyn\u011b \u0159editele pro Celo\u017eivotn\u00ed vzd\u011bl\u00e1v\u00e1n\u00ed na\u00a0<a href=\"https:\/\/www.zelenypruh.cz\">Akademii \u0159emesel Praha<\/a>\u00a0\u2013 st\u0159edn\u00ed \u0161kole technick\u00e9. \u0160kola, kterou najdete na Zelen\u00e9m pruhu v\u00a0Praze 4, je jedn\u00edm z\u00a0partner\u016f <a href=\"https:\/\/www.ikap2inovace.cz\">projektu\u00a0iKAP II<\/a> \u2013 Inovace ve vzd\u011bl\u00e1v\u00e1n\u00ed\u00a0a nov\u00e9 vybaven\u00ed je pr\u00e1v\u011b v\u00fdsledkem zapojen\u00ed do projektu. Krom\u011b toho se v\u00a0r\u00e1mci iKAPu\u00a0\u00a0na \u0161kole prob\u00edhaj\u00ed i dal\u0161\u00ed projektov\u00e9 aktivity jako\u00a0\u00a0jsou: adapta\u010dn\u00ed kurz pro \u017e\u00e1ky prvn\u00edch ro\u010dn\u00edk\u016f, pr\u00e1zdninov\u00fd p\u0159\u00edm\u011bstsk\u00fd t\u00e1bor Mal\u00fd kutil pro \u017e\u00e1ky Z\u0160, nebo intenzivn\u00ed v\u00fduka \u010de\u0161tiny pro \u017e\u00e1ky s\u00a0odli\u0161n\u00fdm mate\u0159sk\u00fdm jazykem (podrobn\u011bj\u0161\u00ed informace najdete na\u00a0<a href=\"https:\/\/www.zelenypruh.cz\/realizace-projektu-implementace-krajskeho-akcniho-planu-2-inovace-ve-vzdelavani\">webu \u0161koly<\/a>: www.zelenypruh.cz).\u00a0<\/p>\n\n\n\n<figure class=\"wp-block-image size-large\"><img loading=\"lazy\" decoding=\"async\" width=\"1024\" height=\"768\" src=\"https:\/\/prahaskolska.200.solutions\/wp-content\/uploads\/2022\/12\/IMG_8892-1024x768.jpg\" alt=\"\" class=\"wp-image-8802\" srcset=\"https:\/\/prahaskolska.200.solutions\/wp-content\/uploads\/2022\/12\/IMG_8892-1024x768.jpg 1024w, https:\/\/prahaskolska.200.solutions\/wp-content\/uploads\/2022\/12\/IMG_8892-300x225.jpg 300w, https:\/\/prahaskolska.200.solutions\/wp-content\/uploads\/2022\/12\/IMG_8892-768x576.jpg 768w, https:\/\/prahaskolska.200.solutions\/wp-content\/uploads\/2022\/12\/IMG_8892-1536x1152.jpg 1536w, https:\/\/prahaskolska.200.solutions\/wp-content\/uploads\/2022\/12\/IMG_8892.jpg 2016w\" sizes=\"auto, (max-width: 1024px) 100vw, 1024px\" \/><figcaption class=\"wp-element-caption\">Akademie \u0159emesel Praha<\/figcaption><\/figure>\n\n\n\n<p><strong>P\u0159ij\u00edt mohou aktivn\u00ed \u017e\u00e1ci z&nbsp;kter\u00e9koliv \u0161koly i rodi\u010de \u010di prarodi\u010de s&nbsp;d\u011btmi<\/strong><\/p>\n\n\n\n<p>Nov\u00e1 speci\u00e1ln\u00ed u\u010debna a d\u00edlna d\u00e1v\u00e1 k\u00a0dispozici deset po\u010d\u00edta\u010dov\u00fdch pracovn\u00edch m\u00edst a d\u00edlna pak disponuje jeden\u00e1cti 3D tisk\u00e1rnami od spol. Pr\u016f\u0161a s\u00a0pot\u0159ebn\u00fdm vybaven\u00edm. Prostory se slavnostn\u011b otev\u0159ely p\u0159ed t\u00fddnem, ve st\u0159edu 30. listopadu 2022, a jsou k\u00a0dispozici nejen \u017e\u00e1k\u016fm \u0161koly, ale i v\u0161em ostatn\u00edm\u00a0\u00a0\u017e\u00e1k\u016fm pra\u017esk\u00fdch z\u00e1kladn\u00edch \u0161kol\u00a0\u00a0\u00a0a \u0161irok\u00e9 ve\u0159ejnosti. Sta\u010d\u00ed se jen p\u0159ihl\u00e1sit\u00a0\u00a0<a href=\"https:\/\/docs.google.com\/forms\/d\/1D3P5yewZFCJLVU0W4kD5ZeEm7q8wcQ66vK5udJUm4jg\/viewform?ts=62839ecb&amp;edit_requested=true\">p\u0159es formul\u00e1\u0159<\/a>. Skupiny v\u017edy vedou odborn\u00ed lekto\u0159i, \u010dasto studenti \u010cVUT.\u00a0\u00a0<\/p>\n\n\n\n<figure class=\"wp-block-image size-large\"><img loading=\"lazy\" decoding=\"async\" width=\"1024\" height=\"768\" src=\"https:\/\/prahaskolska.200.solutions\/wp-content\/uploads\/2022\/12\/IMG_8887-1024x768.jpg\" alt=\"\" class=\"wp-image-8803\" srcset=\"https:\/\/prahaskolska.200.solutions\/wp-content\/uploads\/2022\/12\/IMG_8887-1024x768.jpg 1024w, https:\/\/prahaskolska.200.solutions\/wp-content\/uploads\/2022\/12\/IMG_8887-300x225.jpg 300w, https:\/\/prahaskolska.200.solutions\/wp-content\/uploads\/2022\/12\/IMG_8887-768x576.jpg 768w, https:\/\/prahaskolska.200.solutions\/wp-content\/uploads\/2022\/12\/IMG_8887-1536x1152.jpg 1536w, https:\/\/prahaskolska.200.solutions\/wp-content\/uploads\/2022\/12\/IMG_8887.jpg 2016w\" sizes=\"auto, (max-width: 1024px) 100vw, 1024px\" \/><figcaption class=\"wp-element-caption\">Akademie \u0159emesel Praha<\/figcaption><\/figure>\n\n\n\n<p>Vyu\u017e\u00edt lze dopoledn\u00ed i odpoledn\u00ed hodiny a zapojit se mohou z\u00e1jemci r\u016fzn\u00e9 pokro\u010dilosti. Vybrat si lze \u00favodn\u00ed semin\u00e1\u0159, kde se s\u00a0technologi\u00ed 3D tisku \u00fa\u010dastn\u00edci teprve sezn\u00e1m\u00ed. Dal\u0161\u00ed mo\u017enost\u00ed je workshop, na n\u011bm\u017e u\u017e se p\u0159\u00edmo tiskne, nebo pak pokro\u010dilej\u0161\u00ed &#8211;\u00a0\u00a0intenzivn\u00ed kurz 3D modelov\u00e1n\u00ed, kter\u00fd m\u00e1 40 v\u00fdukov\u00fdch hodin. Zde se u\u017e \u00fa\u010dastn\u00edci do technologie v\u00edce pono\u0159\u00ed a nau\u010d\u00ed se modelovat a vytisknout sv\u016fj navr\u017een\u00fd v\u00fdrobek. D\u016fle\u017eit\u00e1 je i vlastn\u00ed iniciativa t\u011bch, co p\u0159ijdou \u2013 \u010d\u00edm v\u00edce cht\u011bj\u00ed v\u011bd\u011bt, t\u00edm v\u00edce se nau\u010d\u00ed.\u00a0<\/p>\n\n\n\n<p>Jako prvn\u00ed p\u0159i\u0161li nov\u00e9 vybaven\u00ed vyzkou\u0161et \u017e\u00e1ci sedm\u00e9 a osm\u00e9 t\u0159\u00eddy ze Z\u0160 \u0160koln\u00ed, kte\u0159\u00ed se sami ze sv\u00e9 iniciativy p\u0159ihl\u00e1sili. V\u0161ichni ostatn\u00ed z\u00e1jemci ze \u0161kol i mimo n\u011b se mohou p\u0159ihl\u00e1sit na\u00a0<a href=\"https:\/\/docs.google.com\/forms\/d\/1D3P5yewZFCJLVU0W4kD5ZeEm7q8wcQ66vK5udJUm4jg\/viewform?ts=62839ecb&amp;edit_requested=true\">tomto odkazu<\/a>.<\/p>\n","protected":false},"excerpt":{"rendered":"<p>O 3D tisku jste u\u017e ur\u010dit\u011b v\u0161ichni sly\u0161eli a mnoz\u00ed ho i vyzkou\u0161eli. Pokud m\u00e1te \u017e\u00e1ky, kte\u0159\u00ed by se s\u00a0n\u00edm tak\u00e9 r\u00e1di nau\u010dili, a nem\u00e1te p\u0159\u00edle\u017eitost, p\u0159ij\u010fte si v\u0161e vyzkou\u0161et do nov\u011b otev\u0159en\u00e9 modern\u00ed u\u010debny a d\u00edlny 3D tisku na Akademii \u0159emesel Praha \u2013 St\u0159edn\u00ed \u0161kole technick\u00e9. V\u00fdukov\u00fd prostor je otev\u0159en i \u0161irok\u00e9 ve\u0159ejnosti, p\u0159ihl\u00e1sit [&hellip;]<\/p>\n","protected":false},"author":1,"featured_media":8804,"comment_status":"open","ping_status":"open","sticky":false,"template":"","format":"standard","meta":{"inline_featured_image":false,"_breakdance_hide_in_design_set":false,"_breakdance_tags":"","footnotes":""},"categories":[29,205,43,41,47],"tags":[270,230],"class_list":["post-8800","post","type-post","status-publish","format-standard","has-post-thumbnail","hentry","category-akce","category-aktuality","category-pro-studenty","category-pro-verejnost","category-vzdelavani","tag-3dtisk","tag-pozvanka"],"acf":[],"_links":{"self":[{"href":"https:\/\/prahaskolska.200.solutions\/index.php?rest_route=\/wp\/v2\/posts\/8800","targetHints":{"allow":["GET"]}}],"collection":[{"href":"https:\/\/prahaskolska.200.solutions\/index.php?rest_route=\/wp\/v2\/posts"}],"about":[{"href":"https:\/\/prahaskolska.200.solutions\/index.php?rest_route=\/wp\/v2\/types\/post"}],"author":[{"embeddable":true,"href":"https:\/\/prahaskolska.200.solutions\/index.php?rest_route=\/wp\/v2\/users\/1"}],"replies":[{"embeddable":true,"href":"https:\/\/prahaskolska.200.solutions\/index.php?rest_route=%2Fwp%2Fv2%2Fcomments&post=8800"}],"version-history":[{"count":3,"href":"https:\/\/prahaskolska.200.solutions\/index.php?rest_route=\/wp\/v2\/posts\/8800\/revisions"}],"predecessor-version":[{"id":8856,"href":"https:\/\/prahaskolska.200.solutions\/index.php?rest_route=\/wp\/v2\/posts\/8800\/revisions\/8856"}],"wp:featuredmedia":[{"embeddable":true,"href":"https:\/\/prahaskolska.200.solutions\/index.php?rest_route=\/wp\/v2\/media\/8804"}],"wp:attachment":[{"href":"https:\/\/prahaskolska.200.solutions\/index.php?rest_route=%2Fwp%2Fv2%2Fmedia&parent=8800"}],"wp:term":[{"taxonomy":"category","embeddable":true,"href":"https:\/\/prahaskolska.200.solutions\/index.php?rest_route=%2Fwp%2Fv2%2Fcategories&post=8800"},{"taxonomy":"post_tag","embeddable":true,"href":"https:\/\/prahaskolska.200.solutions\/index.php?rest_route=%2Fwp%2Fv2%2Ftags&post=8800"}],"curies":[{"name":"wp","href":"https:\/\/api.w.org\/{rel}","templated":true}]}}