{"id":8782,"date":"2022-12-15T10:44:00","date_gmt":"2022-12-15T09:44:00","guid":{"rendered":"https:\/\/prahaskolska.200.solutions\/?p=8782"},"modified":"2022-12-13T17:44:52","modified_gmt":"2022-12-13T16:44:52","slug":"winternitzova-vila-predstavi-jednu-z-prvnich-realizaci-jana-kaplickeho","status":"publish","type":"post","link":"https:\/\/prahaskolska.200.solutions\/?p=8782","title":{"rendered":"Winternitzova vila p\u0159edstav\u00ed jednu z prvn\u00edch realizac\u00ed Jana Kaplick\u00e9ho"},"content":{"rendered":"\n<p><strong>Ve sm\u00edchovsk\u00e9 Winternitzov\u011b vile pr\u00e1v\u011b prob\u00edh\u00e1 v\u00fdstava s n\u00e1zvem <em>Interi\u00e9rov\u00fd dialog: Vzpom\u00ednka na lond\u00fdnsk\u00fd byt Deyana Sudjice podle n\u00e1vrhu architekta Jana Kaplick\u00e9ho<\/em>, kter\u00e1 p\u0159edstavuje jedno z ran\u00fdch d\u011bl v\u00fdznamn\u00e9ho architekta \u010desk\u00e9ho p\u016fvodu. Kaplick\u00fd je v \u010desk\u00e9m prost\u0159ed\u00ed zn\u00e1m\u00fd hlavn\u011b pro sv\u00e9 velmi extravagantn\u00ed a futuristick\u00e9 n\u00e1vrhy, mezi ne\u017e pat\u0159\u00ed i legend\u00e1rn\u00ed &#8222;blob&#8220; navr\u017een\u00fd pro pra\u017eskou Letnou. Aktu\u00e1ln\u00ed v\u00fdstava v\u0161ak ukazuje architektovu stopu v interi\u00e9rov\u00e9m designu.<\/strong><\/p>\n\n\n\n<p>V\u00fdstava p\u0159edstavuje lond\u00fdnsk\u00fd byt \u0159editele Design Musea Deyana Sudjice navr\u017een\u00fd v roce 1983. Sudjic je zn\u00e1m\u00fd jako v\u00fdznamn\u00fd kritik designu a architektury.  Kaplick\u00fd ve sv\u00e9 realizaci uk\u00e1zal p\u0159edev\u0161\u00edm sv\u016fj z\u00e1jem o technick\u00fd pokrok a inovace. <\/p>\n\n\n\n<figure class=\"wp-block-image size-full is-resized\"><img loading=\"lazy\" decoding=\"async\" src=\"https:\/\/prahaskolska.200.solutions\/wp-content\/uploads\/2022\/12\/ARC105750-1.jpg\" alt=\"\" class=\"wp-image-8818\" width=\"840\" height=\"556\"\/><figcaption class=\"wp-element-caption\"><sup><strong>Lo\u017enice s postel\u00ed na zv\u00fd\u0161en\u00e9 platform\u011b<\/strong><\/sup><\/figcaption><\/figure>\n\n\n\n<p>Byt pro Deyana Sudjice je unik\u00e1tn\u00edm interi\u00e9rov\u00fdm d\u00edlem, kter\u00e9 se vyzna\u010duje obdivem k technologi\u00edm a my\u0161lenkov\u00e9mu futurismu. V\u00fdstava lond\u00fdnsk\u00fd byt p\u0159edstavuje n\u00e1v\u0161t\u011bvn\u00edk\u016fm prost\u0159ednictv\u00edm sv\u011bdectv\u00ed samotn\u00e9ho Deyana Sudjice, archivn\u00edch fotografi\u00ed Richarda Bryanta \u010di n\u011bkter\u00fdch prvk\u016f interi\u00e9rov\u00e9ho vybaven\u00ed.<\/p>\n\n\n\n<p>Jan Kaplick\u00fd v roce 1968 emigroval z \u010ceskoslovenska p\u0159ed n\u00e1stupem normalizace do Velk\u00e9 Brit\u00e1nie, kde se inspiroval progresivn\u00edmi my\u0161lenkami v radik\u00e1ln\u00ed architektu\u0159e v 60. a 70. letech. Ve spole\u010dnosti p\u0159edn\u00edch osobnost\u00ed architektury High-Tech rozv\u00edjel futuristicky koncipovanou tvorbu.<\/p>\n\n\n<div class=\"wp-block-image\">\n<figure class=\"aligncenter size-full\"><img loading=\"lazy\" decoding=\"async\" width=\"2560\" height=\"3826\" src=\"https:\/\/prahaskolska.200.solutions\/wp-content\/uploads\/2022\/12\/ARC105755.jpg\" alt=\"\" class=\"wp-image-8819\"\/><figcaption class=\"wp-element-caption\"><sup><strong>Pohled do studijn\u00ed \u010d\u00e1sti bytu<\/strong><\/sup><\/figcaption><\/figure><\/div>\n\n\n<p>V\u00fdstava byla p\u0159ipravena Winternitzovou vilou ve spolupr\u00e1ci s Kaplick\u00fd centre a kon\u00e1 se pod z\u00e1\u0161titou Ministra kultury Martina Baxy.<\/p>\n\n\n\n<p>Zdroj: <a href=\"https:\/\/www.loosovavila.cz\/akce\/2022\/1\/13\/vernisaz-vystvy-sudjic-kaplicky-8-12-2022\">Winternitzova vila<\/a><\/p>\n","protected":false},"excerpt":{"rendered":"<p>Ve sm\u00edchovsk\u00e9 Winternitzov\u011b vile pr\u00e1v\u011b prob\u00edh\u00e1 v\u00fdstava s n\u00e1zvem Interi\u00e9rov\u00fd dialog: Vzpom\u00ednka na lond\u00fdnsk\u00fd byt Deyana Sudjice podle n\u00e1vrhu architekta Jana Kaplick\u00e9ho, kter\u00e1 p\u0159edstavuje jedno z ran\u00fdch d\u011bl v\u00fdznamn\u00e9ho architekta \u010desk\u00e9ho p\u016fvodu. Kaplick\u00fd je v \u010desk\u00e9m prost\u0159ed\u00ed zn\u00e1m\u00fd hlavn\u011b pro sv\u00e9 velmi extravagantn\u00ed a futuristick\u00e9 n\u00e1vrhy, mezi ne\u017e pat\u0159\u00ed i legend\u00e1rn\u00ed &#8222;blob&#8220; navr\u017een\u00fd pro pra\u017eskou [&hellip;]<\/p>\n","protected":false},"author":24,"featured_media":8816,"comment_status":"open","ping_status":"open","sticky":false,"template":"","format":"standard","meta":{"inline_featured_image":false,"_breakdance_hide_in_design_set":false,"_breakdance_tags":"","footnotes":""},"categories":[247,109,51,46,110],"tags":[],"class_list":["post-8782","post","type-post","status-publish","format-standard","has-post-thumbnail","hentry","category-architektura","category-kultura","category-spolecnost","category-studentske-zpravodajstvi","category-zajimavosti-z-prahy"],"acf":[],"_links":{"self":[{"href":"https:\/\/prahaskolska.200.solutions\/index.php?rest_route=\/wp\/v2\/posts\/8782","targetHints":{"allow":["GET"]}}],"collection":[{"href":"https:\/\/prahaskolska.200.solutions\/index.php?rest_route=\/wp\/v2\/posts"}],"about":[{"href":"https:\/\/prahaskolska.200.solutions\/index.php?rest_route=\/wp\/v2\/types\/post"}],"author":[{"embeddable":true,"href":"https:\/\/prahaskolska.200.solutions\/index.php?rest_route=\/wp\/v2\/users\/24"}],"replies":[{"embeddable":true,"href":"https:\/\/prahaskolska.200.solutions\/index.php?rest_route=%2Fwp%2Fv2%2Fcomments&post=8782"}],"version-history":[{"count":3,"href":"https:\/\/prahaskolska.200.solutions\/index.php?rest_route=\/wp\/v2\/posts\/8782\/revisions"}],"predecessor-version":[{"id":8820,"href":"https:\/\/prahaskolska.200.solutions\/index.php?rest_route=\/wp\/v2\/posts\/8782\/revisions\/8820"}],"wp:featuredmedia":[{"embeddable":true,"href":"https:\/\/prahaskolska.200.solutions\/index.php?rest_route=\/wp\/v2\/media\/8816"}],"wp:attachment":[{"href":"https:\/\/prahaskolska.200.solutions\/index.php?rest_route=%2Fwp%2Fv2%2Fmedia&parent=8782"}],"wp:term":[{"taxonomy":"category","embeddable":true,"href":"https:\/\/prahaskolska.200.solutions\/index.php?rest_route=%2Fwp%2Fv2%2Fcategories&post=8782"},{"taxonomy":"post_tag","embeddable":true,"href":"https:\/\/prahaskolska.200.solutions\/index.php?rest_route=%2Fwp%2Fv2%2Ftags&post=8782"}],"curies":[{"name":"wp","href":"https:\/\/api.w.org\/{rel}","templated":true}]}}