{"id":8770,"date":"2022-12-11T10:57:00","date_gmt":"2022-12-11T09:57:00","guid":{"rendered":"https:\/\/prahaskolska.200.solutions\/?p=8770"},"modified":"2022-12-10T13:06:08","modified_gmt":"2022-12-10T12:06:08","slug":"uz-jste-se-svezli-vanocni-tramvaji-dopravni-podnik-bude-az-do-tri-kralu-vypravovat-deset-vanocnich-vozu","status":"publish","type":"post","link":"https:\/\/prahaskolska.200.solutions\/?p=8770","title":{"rendered":"U\u017e jste se svezli v\u00e1no\u010dn\u00ed tramvaj\u00ed? Dopravn\u00ed podnik bude a\u017e do t\u0159\u00ed kr\u00e1l\u016f vypravovat deset v\u00e1no\u010dn\u00edch voz\u016f"},"content":{"rendered":"\n<p><strong>V&nbsp;leto\u0161n\u00edm roce je nazdobeno o t\u0159i vozy v\u00edce. Na v\u00e1no\u010dn\u00edm zdoben\u00ed se krom\u011b zam\u011bstnanc\u016f dopravn\u00edho podniku a smluvn\u00edch partner\u016f pod\u00edleli i studenti st\u0159edn\u00ed pr\u016fmyslov\u00e9 \u0161koly dopravn\u00ed v&nbsp;Praze.&nbsp;<\/strong><\/p>\n\n\n\n<p>Dopravn\u00ed podnik hlavn\u00edho m\u011bsta Prahy (DPP) letos znovu vyslal do provozu vozidla s&nbsp;v\u00e1no\u010dn\u00ed t\u00e9matikou. Letos je to o t\u0159i vozidla v\u00edce ne\u017e v&nbsp;loni. V\u00e1no\u010dn\u011b ozdoben\u00fdmi vozy chce DPP podle gener\u00e1ln\u00edho \u0159editele Petra Witowsk\u00e9ho pod\u011bkovat cestuj\u00edc\u00edm, kte\u0159\u00ed vyu\u017e\u00edvaj\u00ed pra\u017eskou MHD a tak\u00e9 zam\u011bstnanc\u016fm, kte\u0159\u00ed se pod\u00edlej\u00ed na bezvadn\u00e9m fungov\u00e1n\u00ed pra\u017esk\u00e9 MHD.&nbsp;<strong>\u201e<em>V\u011b\u0159\u00edm, \u017ee i&nbsp;letos na\u0161e v\u00e1no\u010dn\u00ed vozy ud\u011blaj\u00ed cestuj\u00edc\u00edm radost, a&nbsp;\u017ee si je&nbsp;a\u017e do T\u0159\u00ed kr\u00e1l\u016f u\u017eij\u00ed,<\/em>\u201c<\/strong><em>&nbsp;<\/em>uvedl<em>.<\/em><\/p>\n\n\n\n<p>Slavnostn\u00ed rozsv\u00edcen\u00ed v\u00e1no\u010dn\u00ed flotily prob\u011bhlo 26. listopadu a p\u0159edch\u00e1zelo mu po\u017eehn\u00e1n\u00ed so\u0161e svat\u00e9ho Kry\u0161tofa, patrona&nbsp;poutn\u00edk\u016f, cestuj\u00edc\u00edch a&nbsp;\u0159idi\u010d\u016f jeho eminenc\u00ed Dominikem Dukou.&nbsp;<\/p>\n\n\n\n<p>V\u00e1no\u010dn\u00ed \u00fapravou pro\u0161la tato vozidla:<\/p>\n\n\n\n<ul class=\"wp-block-list\">\n<li>\u0160koda 15T ForCity ev. \u010d. 9401<\/li>\n\n\n\n<li>T3 ev. \u010d. 6921<\/li>\n\n\n\n<li>Historick\u00e1 tramvaj Ringhoffer ev. \u010d. 2210<\/li>\n\n\n\n<li>Maza\u010dka ev. \u010d. 5572<\/li>\n\n\n\n<li>14T ev. \u010d. 9170<\/li>\n\n\n\n<li>T3SU ev. \u010d. 7205&nbsp;<\/li>\n\n\n\n<li>Retrobus Irisbus Citelis 12M ev. \u010d. 3510&nbsp;<\/li>\n\n\n\n<li>SOR NB 12 ev. \u010d. 3731<\/li>\n<\/ul>\n\n\n\n<p>V\u00e1no\u010dn\u00ed kab\u00e1t si obl\u00e9kly tak\u00e9 oba vozy pet\u0159\u00ednsk\u00e9 lanovky, jej\u00ed horn\u00ed stanice a muzeum MHD ve St\u0159e\u0161ovic\u00edch. Aktu\u00e1ln\u00ed polohu v\u00e1no\u010dn\u00edch vozidel m\u016f\u017eete online sledovat&nbsp;<a href=\"https:\/\/mapa.pid.cz\/vanoce\">zde<\/a>.<\/p>\n\n\n\n<p><strong>Historick\u00e9 tramvaje rozvezou Betl\u00e9msk\u00e9 sv\u011btlo<\/strong><\/p>\n\n\n\n<p>V&nbsp;sobotu 17. prosince vyjedou do ulic dv\u011b historick\u00e9 tramvaje s&nbsp;Betl\u00e9msk\u00fdm sv\u011btlem, kter\u00e9 ji\u017e n\u011bkolik do Prahy p\u0159iv\u00e1\u017e\u00ed pra\u017e\u0161t\u00ed skauti. Trasy obou tramvaj\u00ed budou za\u010d\u00ednat kolem p\u016fl druh\u00e9 hodiny odpoledn\u00ed a budou kon\u010dit p\u0159ed sedmou ve\u010dern\u00ed, nicm\u00e9n\u011b b\u011bhem j\u00edzdy nebude mo\u017enost nastoupit. V&nbsp;ka\u017ed\u00e9 ze sedmn\u00e1cti zast\u00e1vek str\u00e1v\u00ed tramvaje zhruba 15-20 minut, b\u011bhem kter\u00fdch si budete moct zap\u00e1lit sv\u016fj plam\u00ednek. Pokud nebudete m\u00edt vlastn\u00ed sv\u00ed\u010dku, dostanete zdarma sv\u00ed\u010dku v&nbsp;ochrann\u00e9m kel\u00edmku s&nbsp;logem Betl\u00e9msk\u00e9ho sv\u011btla, abyste mohli bezpe\u010dn\u011b odn\u00e9st sv\u016fj plam\u00ednek.&nbsp;<\/p>\n\n\n\n<p>Zast\u00e1vky historick\u00fdch tramvaj\u00ed s&nbsp;Betl\u00e9msk\u00fdm sv\u011btlem:<\/p>\n\n\n\n<p>Linka \u010d\u00edslo 43, po\u0159ad\u00ed 1:<\/p>\n\n\n\n<ul class=\"wp-block-list\">\n<li>13:21&nbsp;\u2013 13:44&nbsp;Sm\u00edchovsk\u00e9 n\u00e1dra\u017e\u00ed<\/li>\n\n\n\n<li>14:00 \u2013 14:14 N\u00e1m\u011bst\u00ed Brat\u0159\u00ed Synk\u016f (Na&nbsp;Z\u00e1meck\u00e9)<\/li>\n\n\n\n<li>14:25&nbsp;\u2013 14:45&nbsp;Spo\u0159ilov&nbsp;<\/li>\n\n\n\n<li>15:22 \u2013 15:44 Nov\u00e9 Stra\u0161nice<\/li>\n\n\n\n<li>16:06 \u2013 16:20 Florenc (smy\u010dka)&nbsp;<\/li>\n\n\n\n<li>16:29&nbsp;\u2013 17:00&nbsp;horn\u00ed Palmovka&nbsp;<\/li>\n\n\n\n<li>17:16&nbsp;\u2013 17:45 Vozovna&nbsp;Kobylisy&nbsp;<\/li>\n\n\n\n<li>18:24&nbsp;\u2013 18:50&nbsp;Kr\u00e1lovka&nbsp;<\/li>\n<\/ul>\n\n\n\n<p>Linka \u010d\u00edslo 43, po\u0159ad\u00ed 2:<\/p>\n\n\n\n<ul class=\"wp-block-list\">\n<li>13:33 \u2013 14:00 N\u00e1dra\u017e\u00ed Bran\u00edk&nbsp;(smy\u010dka)<\/li>\n\n\n\n<li>14:07 \u2013 14:30&nbsp;Podolsk\u00e1 vod\u00e1rna<\/li>\n\n\n\n<li>14:45&nbsp;\u2013 15:00 Zvona\u0159ka<\/li>\n\n\n\n<li>15:14&nbsp;\u2013 15:35 Kub\u00e1nsk\u00e9 n\u00e1m\u011bst\u00ed<\/li>\n\n\n\n<li>15:41 \u2013 15:54&nbsp;Rado\u0161ovick\u00e1 (smy\u010dka)<\/li>\n\n\n\n<li>16:39&nbsp;\u2013 16:55 Star\u00fd Hloub\u011bt\u00edn<\/li>\n\n\n\n<li>17:24 \u2013 17:43 Planet\u00e1rium Praha<\/li>\n\n\n\n<li>17:52&nbsp;\u2013 18:20 \u0160pejchar<\/li>\n\n\n\n<li>18:32 \u2013 18:50 \u010cerven\u00fd Vrch<\/li>\n<\/ul>\n\n\n\n<p><\/p>\n\n\n\n<p>Zdroj obr\u00e1zk\u016f: Obr\u00e1zek u\u017eivatele lynnjhansen ze slu\u017eby <a href=\"https:\/\/pixabay.com\/cs\/photos\/v\u00e1noce-curych-sv\u011btla-tramvaj-1772666\/\">Pixabay<\/a>.<\/p>\n","protected":false},"excerpt":{"rendered":"<p>V&nbsp;leto\u0161n\u00edm roce je nazdobeno o t\u0159i vozy v\u00edce. Na v\u00e1no\u010dn\u00edm zdoben\u00ed se krom\u011b zam\u011bstnanc\u016f dopravn\u00edho podniku a smluvn\u00edch partner\u016f pod\u00edleli i studenti st\u0159edn\u00ed pr\u016fmyslov\u00e9 \u0161koly dopravn\u00ed v&nbsp;Praze.&nbsp; Dopravn\u00ed podnik hlavn\u00edho m\u011bsta Prahy (DPP) letos znovu vyslal do provozu vozidla s&nbsp;v\u00e1no\u010dn\u00ed t\u00e9matikou. Letos je to o t\u0159i vozidla v\u00edce ne\u017e v&nbsp;loni. V\u00e1no\u010dn\u011b ozdoben\u00fdmi vozy chce DPP [&hellip;]<\/p>\n","protected":false},"author":9,"featured_media":8771,"comment_status":"open","ping_status":"open","sticky":false,"template":"","format":"standard","meta":{"inline_featured_image":false,"_breakdance_hide_in_design_set":false,"_breakdance_tags":"","footnotes":""},"categories":[97,109,51,46,110],"tags":[],"class_list":["post-8770","post","type-post","status-publish","format-standard","has-post-thumbnail","hentry","category-doprava","category-kultura","category-spolecnost","category-studentske-zpravodajstvi","category-zajimavosti-z-prahy"],"acf":[],"_links":{"self":[{"href":"https:\/\/prahaskolska.200.solutions\/index.php?rest_route=\/wp\/v2\/posts\/8770","targetHints":{"allow":["GET"]}}],"collection":[{"href":"https:\/\/prahaskolska.200.solutions\/index.php?rest_route=\/wp\/v2\/posts"}],"about":[{"href":"https:\/\/prahaskolska.200.solutions\/index.php?rest_route=\/wp\/v2\/types\/post"}],"author":[{"embeddable":true,"href":"https:\/\/prahaskolska.200.solutions\/index.php?rest_route=\/wp\/v2\/users\/9"}],"replies":[{"embeddable":true,"href":"https:\/\/prahaskolska.200.solutions\/index.php?rest_route=%2Fwp%2Fv2%2Fcomments&post=8770"}],"version-history":[{"count":2,"href":"https:\/\/prahaskolska.200.solutions\/index.php?rest_route=\/wp\/v2\/posts\/8770\/revisions"}],"predecessor-version":[{"id":8773,"href":"https:\/\/prahaskolska.200.solutions\/index.php?rest_route=\/wp\/v2\/posts\/8770\/revisions\/8773"}],"wp:featuredmedia":[{"embeddable":true,"href":"https:\/\/prahaskolska.200.solutions\/index.php?rest_route=\/wp\/v2\/media\/8771"}],"wp:attachment":[{"href":"https:\/\/prahaskolska.200.solutions\/index.php?rest_route=%2Fwp%2Fv2%2Fmedia&parent=8770"}],"wp:term":[{"taxonomy":"category","embeddable":true,"href":"https:\/\/prahaskolska.200.solutions\/index.php?rest_route=%2Fwp%2Fv2%2Fcategories&post=8770"},{"taxonomy":"post_tag","embeddable":true,"href":"https:\/\/prahaskolska.200.solutions\/index.php?rest_route=%2Fwp%2Fv2%2Ftags&post=8770"}],"curies":[{"name":"wp","href":"https:\/\/api.w.org\/{rel}","templated":true}]}}