{"id":8766,"date":"2022-12-10T12:50:35","date_gmt":"2022-12-10T11:50:35","guid":{"rendered":"https:\/\/prahaskolska.200.solutions\/?p=8766"},"modified":"2022-12-10T12:51:12","modified_gmt":"2022-12-10T11:51:12","slug":"dokazi-mladi-lide-znovu-rozhodnout-volby-studenti-zorganizovali-pro-studenty-debatu-prezidentskych-kandidatu","status":"publish","type":"post","link":"https:\/\/prahaskolska.200.solutions\/?p=8766","title":{"rendered":"<strong>Dok\u00e1\u017e\u00ed mlad\u00ed lid\u00e9 znovu rozhodnout volby? Studenti zorganizovali pro studenty debatu prezidentsk\u00fdch kandid\u00e1t\u016f\u00a0<\/strong>"},"content":{"rendered":"\n<p><strong>V\u00a0prostor\u00e1ch Next Zone prob\u011bhla debata prezidentsk\u00fdch kandid\u00e1t\u016f, kter\u00e1 stoj\u00ed na principu studenti student\u016fm. Debatu sledovali studenti po cel\u00e9 republice a na jej\u00ed p\u0159\u00edprav\u011b se rovn\u011b\u017e pod\u00edleli studenti z\u00a0cel\u00e9<\/strong><\/p>\n\n\n\n<p>\u00da\u010dast v\u00a0debat\u011b p\u0159ijalo p\u011bt kandid\u00e1t\u016f, kte\u0159\u00ed byli vybr\u00e1ni na z\u00e1klad\u011b volebn\u00edch preferenc\u00ed. Debatovali sen\u00e1to\u0159i Pavel Fi\u0161er a Marek Hil\u0161er, b\u00fdval\u00e1 rektorka Mendelovy univerzity Danu\u0161e Nerudov\u00e1, arm\u00e1dn\u00ed gener\u00e1l ve v\u00fdslu\u017eb\u011b Petr Pavel a\u00a0p\u0159edseda \u010ceskomoravsk\u00e9 konfederace odborov\u00fdch svaz\u016f Josef St\u0159edula.<\/p>\n\n\n\n<p>Nap\u0159\u00edklad re\u0161er\u0161i, p\u0159edvolebn\u00ed pr\u016fzkumy a propagaci zajistili studenti \u017eurnalistiky a marketingu z\u00a0FSV UK, zn\u011blky slo\u017eili a nahr\u00e1li studenti a pracovn\u00edci pardubick\u00e9 konzervato\u0159e a vizu\u00e1ln\u00ed identita vze\u0161la od student\u016f grafick\u00e9ho designu a\u00a0multimedi\u00e1ln\u00ed tvorby z Plzn\u011b. V re\u017eii student\u016f byl tak\u00e9 fact-checking, mask\u00e9rny i\u00a0catering ve studiu a samoz\u0159ejm\u011b i samotn\u00fd p\u0159\u00edm\u00fd p\u0159enos. Vys\u00edlalo se z centra Next Zone v are\u00e1lu Sm\u00edchovsk\u00e9 st\u0159edn\u00ed pr\u016fmyslov\u00e9 \u0161koly a gymn\u00e1zia v Praze.<\/p>\n\n\n\n<p>\u201e<em><strong>M\u00e1me radost z\u00a0t\u00e9to \u0161irok\u00e9 spolupr\u00e1ce, proto\u017ee jen d\u00edky n\u00ed a podpo\u0159e radn\u00edch pro \u0161kolstv\u00ed a dal\u0161\u00edch partner\u016f m\u016f\u017eeme projekt dostat do \u0161kol po cel\u00e9 republice<\/strong>,<\/em>\u201c\u00a0\u0159\u00edk\u00e1 koordin\u00e1torka cel\u00e9ho projektu, studentka Ane\u017eka Tet\u0159evov\u00e1.<\/p>\n\n\n\n<p><strong>Debata byla st\u0159edo\u0161kol\u00e1k\u016fm u\u0161it\u00e1 na m\u00edru<\/strong><\/p>\n\n\n\n<p>Studentsk\u00e1 voli\u010dsk\u00e1 skupina b\u00fdv\u00e1 ve volb\u00e1ch \u010dasto opom\u00edjena, a jejich \u201emobilizace\u201c p\u0159ed posledn\u00edmi parlamentn\u00edmi volbami se prom\u00edtla do volebn\u00edch v\u00fdsledk\u016f. Proto byla debata sm\u011b\u0159ov\u00e1na na prvovoli\u010de z t\u0159et\u00edch a \u010dtvrt\u00fdch ro\u010dn\u00edk\u016f st\u0159edn\u00edch \u0161kol, jim\u017e byla debata u\u0161ita na m\u00edru. Prob\u00edran\u00e1 t\u00e9mata vy\u0161la z\u00a0pr\u016fzkumu iniciativy Politika (nejen) pro mlad\u00e9.\u00a0<\/p>\n\n\n\n<p>Obsah diskuze nebyl p\u0159\u00edli\u0161 p\u0159ekvapiv\u00fd. V\u0161ichni se shodli na z\u00e1padn\u00ed orientaci \u010cR, \u010dlenstv\u00ed v\u00a0EU a NATO vn\u00edmaj\u00ed jako nezbytnost a v\u0161ichni souhlas\u00ed s\u00a0man\u017eelstv\u00edm pro v\u0161echny, krom\u011b Pavla Fischera, kter\u00fd by se pouze vyhnul slovu man\u017eelstv\u00ed, ale s\u00a0narovn\u00e1n\u00edm pr\u00e1v souhlas\u00ed.\u00a0<\/p>\n\n\n\n<p><strong>Kdo je v\u00edc based?<\/strong><\/p>\n\n\n\n<p>P\u011btice kandid\u00e1t\u016f o\u017eila, kdy\u017e se student z\u00a0T\u00e1bora zeptal na negativa ka\u017ed\u00e9ho z\u00a0nich. Danu\u0161e Nerudov\u00e1 se jako prvn\u00ed ujala slova a p\u0159iznala, \u017ee sk\u00e1\u010de lidem do \u0159e\u010di a tak\u00e9, \u017ee v\u017edy kdy\u017e otev\u0159e \u010dokol\u00e1du tak sn\u00ed celou tabulku.\u00a0\u201e<em><strong>J\u00e1 m\u00e1m asi dv\u011b spole\u010dn\u00e9 negativn\u00ed vlastnosti s\u00a0pan\u00ed profesorkou Nerudovou<\/strong>,<\/em>\u201c\u00a0odpov\u00edd\u00e1 Hil\u0161er, a sna\u017e\u00ed se d\u00e1l hledat sv\u00e9 negativn\u00ed vlastnosti,\u00a0\u201e<em><strong>M\u00e1me na to dv\u011b minuty<\/strong>,<\/em>\u201c\u00a0zavtipkoval.\u00a0\u00a0Pavel Fischer m\u00e1 zase r\u00e1d ho\u0159kou \u010dokol\u00e1du a p\u0159iznal, \u017ee b\u011bhem p\u0159edvolebn\u00ed kampan\u011b nest\u00edh\u00e1 sportovat. Petr Pavel pr\u00fd vypad\u00e1 jako nez\u00e1\u017eivn\u00fd suchar, proto\u017ee se v\u011bnuje t\u00e9mat\u016fm, u kter\u00fdch se nevtipkuje, stejn\u011b jako Josef St\u0159edula, kter\u00fd se neusm\u00edv\u00e1, proto\u017ee tak\u00e9 \u0159e\u0161\u00ed v\u00e1\u017en\u00e1 t\u00e9mata.\u00a0<\/p>\n\n\n\n<p>Pak moder\u00e1tor p\u0159e\u0161el na dotazy od div\u00e1ku z\u00a0\u010desk\u00fdch \u0161kol.\u00a0\u201e<em><strong>Nev\u00edm jestli j\u00ed (ot\u00e1zce) budete rozum\u011bt, Kdo z\u00a0v\u00e1s je nejv\u00edc based?<\/strong><\/em>\u201c\u00a0zeptal se moder\u00e1tor.\u00a0\u201e<em><strong>To j\u00e1 u\u017e ned\u00e1v\u00e1m<\/strong>,<\/em>\u201c\u00a0odpov\u00eddaj\u00ed Hil\u0161er s\u00a0Nerudovou<em>. <\/em>\u201e<em><strong>To by mi asi musely vysv\u011btlit d\u011bti,<\/strong><\/em>\u201c<em>\u00a0<\/em>pokra\u010duje Nerudov\u00e1<\/p>\n\n\n\n<p><strong>Perfektn\u00ed debata, chv\u00e1l\u00ed studenty gener\u00e1l Pavel<\/strong><\/p>\n\n\n\n<p>I p\u0159es p\u00e1r drobnost\u00ed si nakonec preziden\u0161t\u00ed kandid\u00e1ti debatu pochvalovali. Danu\u0161e Nerudov\u00e1 v\u00a0z\u00e1v\u011bre\u010dn\u00e9m proslovu pogratulovala student\u016fm k\u00a0\u00fasp\u011b\u0161n\u00e9 debat\u011b a\u00a0p\u0159ipomn\u011bla jim, \u017ee jsou siln\u011bj\u0161\u00ed, ne\u017e si mysl\u00ed. Josef St\u0159edula pod\u011bkoval veden\u00ed \u0161koly i student\u016fm, kte\u0159\u00ed se na akci pod\u00edleli \u010di debatu pouze sledovali.\u00a0\u201e<em><strong>Je mi ct\u00ed m\u00edt mo\u017enost kandidovat na prezidenta republiky v\u00a0zemi, ve kter\u00e9 jsou lid\u00e9 jako vy,<\/strong><\/em>\u201c<em>\u00a0<\/em>\u0159ekl. Na twitterov\u00e9m \u00fa\u010dtu gener\u00e1la Pavla se kr\u00e1tce po skon\u010den\u00ed debaty objevilo video, ve kter\u00e9m Petr Pavel chv\u00e1lil studenty za perfektn\u00ed organizaci,\u00a0\u201e<em><strong>Pokud budou p\u0159istupovat takhle i k volb\u00e1m, tak je to skv\u011bl\u00e9,<\/strong><\/em>\u201c\u00a0sd\u011blil.\u00a0<\/p>\n\n\n\n<p>Z\u00e1znam debaty najdete na webu:\u00a0<a href=\"https:\/\/zavolime.cz\/\">zavolime.cz<\/a><\/p>\n\n\n\n<p>Zdroj obr\u00e1zku: \u017div\u00fd p\u0159enos debaty<\/p>\n","protected":false},"excerpt":{"rendered":"<p>V\u00a0prostor\u00e1ch Next Zone prob\u011bhla debata prezidentsk\u00fdch kandid\u00e1t\u016f, kter\u00e1 stoj\u00ed na principu studenti student\u016fm. Debatu sledovali studenti po cel\u00e9 republice a na jej\u00ed p\u0159\u00edprav\u011b se rovn\u011b\u017e pod\u00edleli studenti z\u00a0cel\u00e9 \u00da\u010dast v\u00a0debat\u011b p\u0159ijalo p\u011bt kandid\u00e1t\u016f, kte\u0159\u00ed byli vybr\u00e1ni na z\u00e1klad\u011b volebn\u00edch preferenc\u00ed. Debatovali sen\u00e1to\u0159i Pavel Fi\u0161er a Marek Hil\u0161er, b\u00fdval\u00e1 rektorka Mendelovy univerzity Danu\u0161e Nerudov\u00e1, arm\u00e1dn\u00ed gener\u00e1l [&hellip;]<\/p>\n","protected":false},"author":9,"featured_media":8767,"comment_status":"open","ping_status":"open","sticky":false,"template":"","format":"standard","meta":{"inline_featured_image":false,"_breakdance_hide_in_design_set":false,"_breakdance_tags":"","footnotes":""},"categories":[64,53,63,51,68,46],"tags":[],"class_list":["post-8766","post","type-post","status-publish","format-standard","has-post-thumbnail","hentry","category-aktualni-deni","category-inspirace","category-politika","category-spolecnost","category-studentske-projekty","category-studentske-zpravodajstvi"],"acf":[],"_links":{"self":[{"href":"https:\/\/prahaskolska.200.solutions\/index.php?rest_route=\/wp\/v2\/posts\/8766","targetHints":{"allow":["GET"]}}],"collection":[{"href":"https:\/\/prahaskolska.200.solutions\/index.php?rest_route=\/wp\/v2\/posts"}],"about":[{"href":"https:\/\/prahaskolska.200.solutions\/index.php?rest_route=\/wp\/v2\/types\/post"}],"author":[{"embeddable":true,"href":"https:\/\/prahaskolska.200.solutions\/index.php?rest_route=\/wp\/v2\/users\/9"}],"replies":[{"embeddable":true,"href":"https:\/\/prahaskolska.200.solutions\/index.php?rest_route=%2Fwp%2Fv2%2Fcomments&post=8766"}],"version-history":[{"count":1,"href":"https:\/\/prahaskolska.200.solutions\/index.php?rest_route=\/wp\/v2\/posts\/8766\/revisions"}],"predecessor-version":[{"id":8768,"href":"https:\/\/prahaskolska.200.solutions\/index.php?rest_route=\/wp\/v2\/posts\/8766\/revisions\/8768"}],"wp:featuredmedia":[{"embeddable":true,"href":"https:\/\/prahaskolska.200.solutions\/index.php?rest_route=\/wp\/v2\/media\/8767"}],"wp:attachment":[{"href":"https:\/\/prahaskolska.200.solutions\/index.php?rest_route=%2Fwp%2Fv2%2Fmedia&parent=8766"}],"wp:term":[{"taxonomy":"category","embeddable":true,"href":"https:\/\/prahaskolska.200.solutions\/index.php?rest_route=%2Fwp%2Fv2%2Fcategories&post=8766"},{"taxonomy":"post_tag","embeddable":true,"href":"https:\/\/prahaskolska.200.solutions\/index.php?rest_route=%2Fwp%2Fv2%2Ftags&post=8766"}],"curies":[{"name":"wp","href":"https:\/\/api.w.org\/{rel}","templated":true}]}}