{"id":8723,"date":"2022-12-12T10:29:00","date_gmt":"2022-12-12T09:29:00","guid":{"rendered":"https:\/\/prahaskolska.200.solutions\/?p=8723"},"modified":"2022-12-10T11:53:30","modified_gmt":"2022-12-10T10:53:30","slug":"jak-cestovat-zdarma-po-svete-projekty-erasmus-plus-jsou-jako-droga-tvrdi-vicemiss-sarah-horakova","status":"publish","type":"post","link":"https:\/\/prahaskolska.200.solutions\/?p=8723","title":{"rendered":"Jak cestovat zdarma po sv\u011bt\u011b? Projekty Erasmus plus jsou jako droga, tvrd\u00ed vicemiss Sarah Hor\u00e1kov\u00e1\u00a0"},"content":{"rendered":"\n<p><strong>Mnoho lid\u00ed si cestov\u00e1n\u00ed spojuje s&nbsp;velk\u00fdm mno\u017estv\u00edm vynalo\u017een\u00fdch financ\u00ed a rad\u011bji se vyd\u00e1v\u00e1 na v\u00fdlety pouze po \u010cesku a okol\u00ed. Leteck\u00e1 doprava u\u017e ale zdaleka nepat\u0159\u00ed mezi drah\u00e9 prost\u0159edky, ba naopak, v\u00fdjimkou nejsou ani letenky za sto korun. Nav\u00edc existuje mnoho mo\u017enost\u00ed, jak cestovat naprosto zdarma. V\u011bt\u0161inu m\u00e1 na sv\u011bdom\u00ed Evropsk\u00e1 Unie.&nbsp;<\/strong><\/p>\n\n\n\n<p>Kdy\u017e se \u0159ekne Erasmus, t\u00e9m\u011b\u0159 ka\u017ed\u00fd si vybav\u00ed vysoko\u0161kolsk\u00e9 studium a nejm\u00e9n\u011b p\u016flro\u010dn\u00ed pobyt v&nbsp;zahrani\u010d\u00ed. Tak tomu ale nen\u00ed, Erasm\u016f je mnoho druh\u016f a jsou dostupn\u00e9 i lidem, kte\u0159\u00ed nestuduj\u00ed. Kdokoliv po dovr\u0161en\u00ed t\u0159in\u00e1cti let m\u016f\u017ee vyjet na v\u00fdm\u011bny ml\u00e1de\u017ee a tr\u00e9ninkov\u00e9 kurzy v&nbsp;zahrani\u010d\u00ed. Projekty se konaj\u00ed po cel\u00e9 Evropsk\u00e9 unii a jej\u00edch z\u00e1mo\u0159sk\u00fdch \u00fazem\u00edch, na Balk\u00e1n\u011b, v&nbsp;Africe a zem\u00edch b\u00fdval\u00e9ho Sov\u011btsk\u00e9ho svazu.&nbsp;<\/p>\n\n\n\n<p>V\u00fdm\u011bny ml\u00e1de\u017ee jsou ur\u010den\u00e9 pro lidi od t\u0159in\u00e1cti do t\u0159iceti let. M\u00edvaj\u00ed jednodu\u0161\u0161\u00ed t\u00e9ma ne\u017e tr\u00e9ninkov\u00e9 kurzy a jejich \u00fa\u010delem je mezikulturn\u00ed pozn\u00e1n\u00ed. Na tomto typu projekt\u016f je v\u011bt\u0161inou v\u00edce voln\u00e9ho \u010dasu. Tr\u00e9ninkov\u00e9 kurzy maj\u00ed specifi\u010dt\u011bj\u0161\u00ed odborn\u00e9 t\u00e9ma a jejich program je v\u00edce \u010dasov\u011b n\u00e1ro\u010dn\u00fd a pro \u00fa\u010dast je pot\u0159eba jist\u00e1 orientace v&nbsp;dan\u00e9 problematice. \u00da\u010dastn\u00edci b\u00fdvaj\u00ed zpravidla star\u0161\u00ed dvaceti let. Tr\u00e9ninkov\u00e9 kurzy nemaj\u00ed stanovenou horn\u00ed v\u011bkovou hranici.&nbsp;&nbsp;<\/p>\n\n\n<div class=\"wp-block-image\">\n<figure class=\"aligncenter size-full is-resized\"><img loading=\"lazy\" decoding=\"async\" src=\"https:\/\/prahaskolska.200.solutions\/wp-content\/uploads\/2022\/12\/ALidi.png\" alt=\"\" class=\"wp-image-8730\" width=\"603\" height=\"535\" srcset=\"https:\/\/prahaskolska.200.solutions\/wp-content\/uploads\/2022\/12\/ALidi.png 908w, https:\/\/prahaskolska.200.solutions\/wp-content\/uploads\/2022\/12\/ALidi-300x266.png 300w, https:\/\/prahaskolska.200.solutions\/wp-content\/uploads\/2022\/12\/ALidi-768x682.png 768w\" sizes=\"auto, (max-width: 603px) 100vw, 603px\" \/><\/figure><\/div>\n\n\n<p>Jak vypad\u00e1 b\u011b\u017en\u00fd den na projektu Erasmus plus? Program si organiz\u00e1to\u0159i stanovuj\u00ed podle sebe, a tak je to v\u0161ude jin\u00e9. N\u011bkde je n\u00e1stup na program v&nbsp;dev\u011bt r\u00e1no, jinde v&nbsp;jeden\u00e1ct. N\u011bkter\u00e1 organizace v\u00e1m d\u00e1 cel\u00e9 odpoledne volno a jin\u00e1 chce, a\u0165 se i po ob\u011bd\u011b \u00fa\u010dastn\u00edte p\u00e1r hodin dal\u0161\u00edho vzd\u011bl\u00e1vac\u00edho programu. V\u0161ude p\u0159esto plat\u00ed pravidlo, \u017ee ve\u0161ker\u00e9 aktivity v&nbsp;r\u00e1mci projektu jsou prov\u00e1d\u011bny pomoc\u00ed neform\u00e1ln\u00edho zp\u016fsobu vzd\u011bl\u00e1v\u00e1n\u00ed. \u00da\u010dastn\u00edte se tak b\u011bhem dne zaj\u00edmav\u00fdch workshop\u016f, prezentac\u00ed, improvizovan\u00fdch divadel nebo t\u0159eba tvo\u0159\u00edte um\u011bn\u00ed.<\/p>\n\n\n\n<p>\u201e<em>Projekty Erasmus plus doporu\u010duj\u00ed naprosto v\u0161em, proto\u017ee v\u016fbec nez\u00e1le\u017e\u00ed, jestli v\u00e1m je t\u0159in\u00e1ct nebo \u010dty\u0159icet let. Pokud m\u00e1 \u010dlov\u011bk dobrodru\u017enou du\u0161i, projekty si zamiluje a ur\u010dit\u011b to neskon\u010d\u00ed u jednoho. J\u00e1 sama jsem se ve t\u0159in\u00e1cti letech na sv\u00e9m prvn\u00edm projektu nau\u010dila tolik jako za rok ve \u0161kole. Je to v\u011bc, kter\u00e1 se \u010dlov\u011bku zap\u00ed\u0161e do pam\u011bti a bude mu p\u0159ipadat jako by to byla droga, kterou pot\u0159ebuje alespo\u0148 jedenkr\u00e1t m\u011bs\u00ed\u010dn\u011b. No, a hlavn\u011b je to zdarma, tak\u017ee se nikdo nemus\u00ed v&nbsp;ni\u010dem omezovat,<\/em>\u201c&nbsp;vyj\u00e1d\u0159ila se vicemiss \u010ceska Sarah Hor\u00e1kov\u00e1.&nbsp;<\/p>\n\n\n<div class=\"wp-block-image\">\n<figure class=\"aligncenter size-large is-resized\"><img loading=\"lazy\" decoding=\"async\" src=\"https:\/\/prahaskolska.200.solutions\/wp-content\/uploads\/2022\/12\/ErasmusAnet-850x1024.png\" alt=\"\" class=\"wp-image-8724\" width=\"430\" height=\"517\" srcset=\"https:\/\/prahaskolska.200.solutions\/wp-content\/uploads\/2022\/12\/ErasmusAnet-850x1024.png 850w, https:\/\/prahaskolska.200.solutions\/wp-content\/uploads\/2022\/12\/ErasmusAnet-249x300.png 249w, https:\/\/prahaskolska.200.solutions\/wp-content\/uploads\/2022\/12\/ErasmusAnet-768x925.png 768w, https:\/\/prahaskolska.200.solutions\/wp-content\/uploads\/2022\/12\/ErasmusAnet.png 908w\" sizes=\"auto, (max-width: 430px) 100vw, 430px\" \/><figcaption class=\"wp-element-caption\"><sup><strong>Vicemiss Sarah Hor\u00e1kov\u00e1 <\/strong><\/sup><\/figcaption><\/figure><\/div>\n\n\n<p><strong>Aneta Havr\u00e1nkov\u00e1:<\/strong>&nbsp;Tvrzen\u00ed Sarah Hor\u00e1kov\u00e9 mohu za redakci jen potvrdit. Osobn\u011b jsem se z\u00fa\u010dastnila v\u00edce ne\u017e dvaceti projekt\u016f v&nbsp;Polsku, Turecku, Loty\u0161sku, It\u00e1lii, ale i v&nbsp;Karibiku, na Azorech nebo v&nbsp;Maroku. D\u00edky Erasmu m\u00e1m stovky p\u0159\u00e1tel po cel\u00e9m sv\u011bt\u011b, zdokonalila jsem si angli\u010dtinu a procestovala kus sv\u011bta. V\u00fdm\u011bn ml\u00e1de\u017ee i tr\u00e9ninkov\u00fdch kurz\u016f se nav\u00edc v\u011bt\u0161inou \u00fa\u010dastn\u00ed velmi motivovan\u00ed lid\u00e9, kte\u0159\u00ed roz\u0161\u00ed\u0159\u00ed va\u0161e obzory a otev\u0159ou v\u00e1m vr\u00e1tka ke studiu, st\u00e1\u017e\u00edm a pr\u00e1ci po cel\u00e9m sv\u011bt\u011b.&nbsp;<\/p>\n\n\n<div class=\"wp-block-image\">\n<figure class=\"aligncenter size-full is-resized\"><img loading=\"lazy\" decoding=\"async\" src=\"https:\/\/prahaskolska.200.solutions\/wp-content\/uploads\/2022\/12\/AVelbloudi.png\" alt=\"\" class=\"wp-image-8726\" width=\"506\" height=\"400\" srcset=\"https:\/\/prahaskolska.200.solutions\/wp-content\/uploads\/2022\/12\/AVelbloudi.png 838w, https:\/\/prahaskolska.200.solutions\/wp-content\/uploads\/2022\/12\/AVelbloudi-300x237.png 300w, https:\/\/prahaskolska.200.solutions\/wp-content\/uploads\/2022\/12\/AVelbloudi-768x607.png 768w\" sizes=\"auto, (max-width: 506px) 100vw, 506px\" \/><\/figure><\/div>\n\n\n<p>Jak je mo\u017en\u00e9, \u017ee je to v\u0161e zdarma? Ve\u0161ker\u00e9 projekty jsou financovan\u00e9 z&nbsp;budget\u016f Evropsk\u00e9 Unie. \u00da\u010dastn\u00edk\u016fm je tak pln\u011b hrazena doprava, strava i ubytov\u00e1n\u00ed. S&nbsp;sebou jsou tak pot\u0159eba pouze pen\u00edze, kter\u00e9 budete cht\u00edt utratit ve sv\u00e9m voln\u00e9m \u010dase. Za m\u011b p\u0159esto doporu\u010duji jezdit na projekty sp\u00ed\u0161e na Balk\u00e1n nebo t\u0159eba do Turecka. V\u0161echny zem\u011b toti\u017e maj\u00ed stejn\u00fd rozpo\u010det, a tak v&nbsp;Norsku nebo na Islandu v\u00e1s ubytuj\u00ed v&nbsp;hostelech \u010di na intern\u00e1tech a ve v\u00fdchodn\u00ed Evrop\u011b v\u011bt\u0161inou v&nbsp;luxusn\u00edch hotelech. Erasmy tak\u00e9 \u010dasto b\u00fdvaj\u00ed jedna obrovsk\u00e1 party a kupovat si pivka ve Skandin\u00e1vii se v\u00e1m p\u011bkn\u011b prodra\u017e\u00ed.&nbsp;<\/p>\n\n\n\n<p>\u0158\u00edk\u00e1te si asi, jak se na projekty dostanete? \u00dapln\u011b jednodu\u0161e, nejv\u00edce z&nbsp;nich sd\u00edl\u00ed organizace ve facebookov\u00e9 skupin\u011b Youth Projects Czech Republic. Dal\u0161\u00ed pak najdete na webov\u00fdch str\u00e1nk\u00e1ch Evropsk\u00e9ho centra ml\u00e1de\u017ee v&nbsp;B\u0159eclavi (EYCB), neziskov\u00e9 organizace Brno for Youth nebo t\u0159eba na str\u00e1nk\u00e1ch Objektivn\u00ed Evropy. N\u011bkter\u00e9 organizace \u017e\u00e1daj\u00ed o motiva\u010dn\u00ed dopisy, na z\u00e1klad\u011b kter\u00fdch si pak vyb\u00edraj\u00ed \u00fa\u010dastn\u00edky. V\u011bt\u0161ina to ale d\u011bl\u00e1 tak, \u017ee kdo d\u0159\u00edv p\u0159ijde, ten d\u0159\u00edv jede.<\/p>\n\n\n<div class=\"wp-block-image\">\n<figure class=\"aligncenter size-full is-resized\"><img loading=\"lazy\" decoding=\"async\" src=\"https:\/\/prahaskolska.200.solutions\/wp-content\/uploads\/2022\/12\/ALetadlo.png\" alt=\"\" class=\"wp-image-8728\" width=\"590\" height=\"367\" srcset=\"https:\/\/prahaskolska.200.solutions\/wp-content\/uploads\/2022\/12\/ALetadlo.png 908w, https:\/\/prahaskolska.200.solutions\/wp-content\/uploads\/2022\/12\/ALetadlo-300x187.png 300w, https:\/\/prahaskolska.200.solutions\/wp-content\/uploads\/2022\/12\/ALetadlo-768x479.png 768w\" sizes=\"auto, (max-width: 590px) 100vw, 590px\" \/><\/figure><\/div>\n\n\n<p><\/p>\n","protected":false},"excerpt":{"rendered":"<p>Mnoho lid\u00ed si cestov\u00e1n\u00ed spojuje s&nbsp;velk\u00fdm mno\u017estv\u00edm vynalo\u017een\u00fdch financ\u00ed a rad\u011bji se vyd\u00e1v\u00e1 na v\u00fdlety pouze po \u010cesku a okol\u00ed. Leteck\u00e1 doprava u\u017e ale zdaleka nepat\u0159\u00ed mezi drah\u00e9 prost\u0159edky, ba naopak, v\u00fdjimkou nejsou ani letenky za sto korun. Nav\u00edc existuje mnoho mo\u017enost\u00ed, jak cestovat naprosto zdarma. V\u011bt\u0161inu m\u00e1 na sv\u011bdom\u00ed Evropsk\u00e1 Unie.&nbsp; Kdy\u017e se \u0159ekne [&hellip;]<\/p>\n","protected":false},"author":20,"featured_media":8729,"comment_status":"open","ping_status":"open","sticky":false,"template":"","format":"standard","meta":{"inline_featured_image":false,"_breakdance_hide_in_design_set":false,"_breakdance_tags":"","footnotes":""},"categories":[191,53,46,67,47],"tags":[],"class_list":["post-8723","post","type-post","status-publish","format-standard","has-post-thumbnail","hentry","category-cestovani","category-inspirace","category-studentske-zpravodajstvi","category-volnocasova-tvorba","category-vzdelavani"],"acf":[],"_links":{"self":[{"href":"https:\/\/prahaskolska.200.solutions\/index.php?rest_route=\/wp\/v2\/posts\/8723","targetHints":{"allow":["GET"]}}],"collection":[{"href":"https:\/\/prahaskolska.200.solutions\/index.php?rest_route=\/wp\/v2\/posts"}],"about":[{"href":"https:\/\/prahaskolska.200.solutions\/index.php?rest_route=\/wp\/v2\/types\/post"}],"author":[{"embeddable":true,"href":"https:\/\/prahaskolska.200.solutions\/index.php?rest_route=\/wp\/v2\/users\/20"}],"replies":[{"embeddable":true,"href":"https:\/\/prahaskolska.200.solutions\/index.php?rest_route=%2Fwp%2Fv2%2Fcomments&post=8723"}],"version-history":[{"count":3,"href":"https:\/\/prahaskolska.200.solutions\/index.php?rest_route=\/wp\/v2\/posts\/8723\/revisions"}],"predecessor-version":[{"id":8739,"href":"https:\/\/prahaskolska.200.solutions\/index.php?rest_route=\/wp\/v2\/posts\/8723\/revisions\/8739"}],"wp:featuredmedia":[{"embeddable":true,"href":"https:\/\/prahaskolska.200.solutions\/index.php?rest_route=\/wp\/v2\/media\/8729"}],"wp:attachment":[{"href":"https:\/\/prahaskolska.200.solutions\/index.php?rest_route=%2Fwp%2Fv2%2Fmedia&parent=8723"}],"wp:term":[{"taxonomy":"category","embeddable":true,"href":"https:\/\/prahaskolska.200.solutions\/index.php?rest_route=%2Fwp%2Fv2%2Fcategories&post=8723"},{"taxonomy":"post_tag","embeddable":true,"href":"https:\/\/prahaskolska.200.solutions\/index.php?rest_route=%2Fwp%2Fv2%2Ftags&post=8723"}],"curies":[{"name":"wp","href":"https:\/\/api.w.org\/{rel}","templated":true}]}}