{"id":8619,"date":"2022-12-06T10:16:00","date_gmt":"2022-12-06T09:16:00","guid":{"rendered":"https:\/\/prahaskolska.200.solutions\/?p=8619"},"modified":"2022-12-05T15:44:25","modified_gmt":"2022-12-05T14:44:25","slug":"i-veda-umi-byt-fotogenicka","status":"publish","type":"post","link":"https:\/\/prahaskolska.200.solutions\/?p=8619","title":{"rendered":"I v\u011bda um\u00ed b\u00fdt fotogenick\u00e1"},"content":{"rendered":"\n<p><strong>B\u00e1d\u00e1n\u00ed nen\u00ed jen o p\u0159in\u00e1\u0161en\u00ed nov\u00fdch poznatk\u016f, v\u00fdzkumn\u00fd proces m\u00e1 i svoji um\u011bleckou str\u00e1nku. Akademie v\u011bd \u010cesk\u00e9 republiky uspo\u0159\u00e1dala ji\u017e 9. ro\u010dn\u00edk sout\u011b\u017ee V\u011bda fotogenick\u00e1. <\/strong><\/p>\n\n\n\n<p>V leto\u0161n\u00edm ro\u010dn\u00edku sout\u011b\u017ee m\u011bla porota i ve\u0159ejnost na v\u00fdb\u011br z 244 fotografi\u00ed. Do sout\u011b\u017ee se zapojilo celkem 90 autor\u016f, kte\u0159\u00ed pracuj\u00ed v n\u011bkter\u00e9m z \u00fastav\u016f AV \u010cR. <\/p>\n\n\n\n<p>V\u00edt\u011bzem v hlavn\u00ed kategorii sout\u011b\u017ee, kter\u00e1 se zam\u011b\u0159uje na fotografie s v\u011bdeckou tematikou, se stal Jan Havl\u00edk z \u00dastavu organick\u00e9 chemie a biochemie AV \u010cR. Jeho d\u00edlem je sn\u00edmek zobrazuj\u00edc\u00ed reakci bromu a hlin\u00edku. \u00dasp\u011b\u0161n\u00ed byli tak\u00e9 Hana Sehadov\u00e1 se s sn\u00edmkem &#8222;\u010cern\u00ed pasa\u017e\u00e9\u0159i&#8220; \u010di Luk\u00e1\u0161 Vej\u0159\u00edk, jen\u017e je autorem fotografie zachycuj\u00edc\u00ed krajinu pod africk\u00fdm nebem. <\/p>\n\n\n\n<p>Vedlej\u0161\u00ed kategorie sout\u011b\u017ee je zam\u011b\u0159ena na dobrodru\u017estv\u00ed a zaj\u00edmavosti, kter\u00e9 v\u011bdce potk\u00e1vaj\u00ed b\u011bhem jejich pr\u00e1ce \u010di mimo ni. V t\u00e9to kategorii zv\u00edt\u011bzil Roman Garba, kter\u00fd pracuje v \u00dastavu jadern\u00e9 fyziky AV \u010cR. \u00dasp\u011b\u0161n\u00e1 byla jeho fotografie s n\u00e1zvem &#8222;Mad Max v Mauret\u00e1nii&#8220;. <\/p>\n\n\n\n<p>V leto\u0161n\u00edm roce p\u0159ibyla tak\u00e9 kategorie video, ve kter\u00e9 zv\u00edt\u011bzil Roman Dvo\u0159\u00e1k z \u00dastavu jadern\u00e9 fyziky AV \u010cR s videem, kter\u00e9 nese n\u00e1zev &#8222;Metelesku blesku&#8220;.<\/p>\n\n\n\n<p>V\u0161echny fotografie i videa si lze prohl\u00e9dnout na v\u00fdstav\u011b &#8222;V\u011bda fotogenick\u00e1&#8220;, jen\u017e se kon\u00e1 v Galerii V\u011bda a um\u011bn\u00ed p\u0159\u00edmo v budov\u011b Akademie v\u011bd \u010cR. V\u00fdstavu je mo\u017en\u00e9 nav\u0161t\u00edvit a\u017e do 31. ledna 2023. Vstup je zdarma.<\/p>\n\n\n\n<p>Zdroj obr\u00e1zku: Akademie v\u011bd \u010cR<\/p>\n","protected":false},"excerpt":{"rendered":"<p>B\u00e1d\u00e1n\u00ed nen\u00ed jen o p\u0159in\u00e1\u0161en\u00ed nov\u00fdch poznatk\u016f, v\u00fdzkumn\u00fd proces m\u00e1 i svoji um\u011bleckou str\u00e1nku. Akademie v\u011bd \u010cesk\u00e9 republiky uspo\u0159\u00e1dala ji\u017e 9. ro\u010dn\u00edk sout\u011b\u017ee V\u011bda fotogenick\u00e1. V leto\u0161n\u00edm ro\u010dn\u00edku sout\u011b\u017ee m\u011bla porota i ve\u0159ejnost na v\u00fdb\u011br z 244 fotografi\u00ed. Do sout\u011b\u017ee se zapojilo celkem 90 autor\u016f, kte\u0159\u00ed pracuj\u00ed v n\u011bkter\u00e9m z \u00fastav\u016f AV \u010cR. V\u00edt\u011bzem v [&hellip;]<\/p>\n","protected":false},"author":24,"featured_media":8620,"comment_status":"open","ping_status":"open","sticky":false,"template":"","format":"standard","meta":{"inline_featured_image":false,"_breakdance_hide_in_design_set":false,"_breakdance_tags":"","footnotes":""},"categories":[109,51,46],"tags":[],"class_list":["post-8619","post","type-post","status-publish","format-standard","has-post-thumbnail","hentry","category-kultura","category-spolecnost","category-studentske-zpravodajstvi"],"acf":[],"_links":{"self":[{"href":"https:\/\/prahaskolska.200.solutions\/index.php?rest_route=\/wp\/v2\/posts\/8619","targetHints":{"allow":["GET"]}}],"collection":[{"href":"https:\/\/prahaskolska.200.solutions\/index.php?rest_route=\/wp\/v2\/posts"}],"about":[{"href":"https:\/\/prahaskolska.200.solutions\/index.php?rest_route=\/wp\/v2\/types\/post"}],"author":[{"embeddable":true,"href":"https:\/\/prahaskolska.200.solutions\/index.php?rest_route=\/wp\/v2\/users\/24"}],"replies":[{"embeddable":true,"href":"https:\/\/prahaskolska.200.solutions\/index.php?rest_route=%2Fwp%2Fv2%2Fcomments&post=8619"}],"version-history":[{"count":1,"href":"https:\/\/prahaskolska.200.solutions\/index.php?rest_route=\/wp\/v2\/posts\/8619\/revisions"}],"predecessor-version":[{"id":8621,"href":"https:\/\/prahaskolska.200.solutions\/index.php?rest_route=\/wp\/v2\/posts\/8619\/revisions\/8621"}],"wp:featuredmedia":[{"embeddable":true,"href":"https:\/\/prahaskolska.200.solutions\/index.php?rest_route=\/wp\/v2\/media\/8620"}],"wp:attachment":[{"href":"https:\/\/prahaskolska.200.solutions\/index.php?rest_route=%2Fwp%2Fv2%2Fmedia&parent=8619"}],"wp:term":[{"taxonomy":"category","embeddable":true,"href":"https:\/\/prahaskolska.200.solutions\/index.php?rest_route=%2Fwp%2Fv2%2Fcategories&post=8619"},{"taxonomy":"post_tag","embeddable":true,"href":"https:\/\/prahaskolska.200.solutions\/index.php?rest_route=%2Fwp%2Fv2%2Ftags&post=8619"}],"curies":[{"name":"wp","href":"https:\/\/api.w.org\/{rel}","templated":true}]}}