{"id":8567,"date":"2022-12-02T11:45:24","date_gmt":"2022-12-02T10:45:24","guid":{"rendered":"https:\/\/prahaskolska.200.solutions\/?p=8567"},"modified":"2022-12-02T11:49:08","modified_gmt":"2022-12-02T10:49:08","slug":"digitalni-wellbeing-deti","status":"publish","type":"post","link":"https:\/\/prahaskolska.200.solutions\/?p=8567","title":{"rendered":"Digit\u00e1ln\u00ed wellbeing d\u011bt\u00ed"},"content":{"rendered":"\n<p><strong>M\u00fdtum i re\u00e1ln\u00fdm rizik\u016fm spojen\u00fdm s pou\u017e\u00edv\u00e1n\u00edm technologi\u00ed se v\u011bnovala konference Digit\u00e1ln\u00ed wellbeing d\u011bt\u00ed. P\u0159edstavila strategick\u00fd dokument Rady EU. <\/strong><\/p>\n\n\n\n<p>Aktu\u00e1ln\u00ed pohled na problematiku digit\u00e1ln\u00edho wellbeingu u d\u011bt\u00ed p\u0159edstavila odborn\u00e1 konference, kterou uspo\u0159\u00e1dal SKAV (St\u00e1l\u00e1 konference asociac\u00ed ve vzd\u011bl\u00e1v\u00e1n\u00ed). Konference se uskute\u010dnila v r\u00e1mci \u010desk\u00e9ho p\u0159edsednictv\u00ed v Rad\u011b EU pod z\u00e1\u0161titou M\u0160MT. Problematiku digit\u00e1ln\u00edho wellbeingu si \u010cesk\u00e1 republika pro sv\u00e9 p\u0159edsednictv\u00ed zvolila jako prioritu v oblasti vzd\u011bl\u00e1v\u00e1n\u00ed, p\u0159i\u010dem\u017e pr\u00e1v\u011b v\u010dera k tomuto t\u00e9matu schv\u00e1lila strategick\u00fd dokument\u00a0<a rel=\"noreferrer noopener\" href=\"http:\/\/email-click.skav.cz\/public\/open\/nlink\/?u=65854ef6-a525-4619-8ff8-ce4e08e215d6&amp;c=f2abe20e-6fee-11ed-ac09-3cecef38fa8d&amp;l=0939693c-708b-11ed-91ee-3cecef38fa8d&amp;sid=9dfb24ab03744013bea209991f551723\" target=\"_blank\">Rada EU<\/a>,\u00a0kter\u00e9 v Bruselu p\u0159edsedal ministr \u0161kolstv\u00ed, ml\u00e1de\u017ee a t\u011blov\u00fdchovy Vladim\u00edr Bala\u0161.\u00a0<\/p>\n\n\n\n<p>C\u00edlem \u010desk\u00e9ho p\u0159edsednictv\u00ed v t\u00e9to oblasti bylo podle \u0159editele Odboru EU M\u0160MT\u00a0<strong>Martina Fatury<\/strong>\u00a0otev\u0159\u00edt t\u00e9ma digit\u00e1ln\u00edho wellbeingu na evropsk\u00e9 \u00farovni, kde dosud neexistoval\u00a0<a rel=\"noreferrer noopener\" href=\"http:\/\/email-click.skav.cz\/public\/open\/nlink\/?u=65854ef6-a525-4619-8ff8-ce4e08e215d6&amp;c=f2abe20e-6fee-11ed-ac09-3cecef38fa8d&amp;l=093e2544-708b-11ed-a06f-3cecef38fa8d&amp;sid=9dfb24ab03744013bea209991f551723\" target=\"_blank\">strategick\u00fd dokument<\/a>, kter\u00fd by toto t\u00e9ma zmi\u0148oval. Dokument p\u0159ipom\u00edn\u00e1 z\u00e1v\u011bry Gothenburg Social Summitu z roku 2017, na kter\u00e9m bylo zd\u016frazn\u011bno, \u017ee 44 procent Evropan\u016f nem\u00e1 z\u00e1kladn\u00ed digit\u00e1ln\u00ed dovednosti a kompetence, zat\u00edmco 90 procent pracovn\u00edch pozic v budoucnosti je bude vy\u017eadovat. Reflektuje tak\u00e9 zku\u0161enosti s digit\u00e1ln\u00edm vzd\u011bl\u00e1v\u00e1n\u00edm b\u011bhem pandemie covid-19.<\/p>\n\n\n\n<figure class=\"wp-block-image size-full\"><img loading=\"lazy\" decoding=\"async\" width=\"940\" height=\"788\" src=\"https:\/\/prahaskolska.200.solutions\/wp-content\/uploads\/2022\/12\/skavvvvvvv.png\" alt=\"\" class=\"wp-image-8568\" srcset=\"https:\/\/prahaskolska.200.solutions\/wp-content\/uploads\/2022\/12\/skavvvvvvv.png 940w, https:\/\/prahaskolska.200.solutions\/wp-content\/uploads\/2022\/12\/skavvvvvvv-300x251.png 300w, https:\/\/prahaskolska.200.solutions\/wp-content\/uploads\/2022\/12\/skavvvvvvv-768x644.png 768w\" sizes=\"auto, (max-width: 940px) 100vw, 940px\" \/><\/figure>\n\n\n\n<p>Dopoledn\u00ed odborn\u00fd program zah\u00e1jili t\u0159i zahrani\u010dn\u00ed speake\u0159i.\u00a0<strong>Tracy Burns<\/strong>, \u0159editelka v\u00fdzkumu N\u00e1rodn\u00edho centra pro vzd\u011bl\u00e1v\u00e1n\u00ed a ekonomiku ve Washingtonu (OECD \/ The National Centre on Education and the Economy) mluvila mimo jin\u00e9 o tom, na co bychom se m\u011bli zam\u011b\u0159it, pokud chceme zajistit spravedliv\u00fd p\u0159\u00edstup d\u011bt\u00ed k technologi\u00edm a vyu\u017e\u00edt je k odstra\u0148ov\u00e1n\u00ed vzd\u011bl\u00e1vac\u00edch nerovnost\u00ed.\u00a0<strong>Beth Havinga<\/strong>, v\u00fdkonn\u00e1 \u0159editelka EdTech Alliance a adSAFE AI Alliance, zd\u016fraznila pot\u0159ebu vytv\u00e1\u0159et pro d\u011bti v digit\u00e1ln\u00edm prost\u0159ed\u00ed smyslupln\u00e9 vzd\u011bl\u00e1vac\u00ed p\u0159\u00edle\u017eitosti v digit\u00e1ln\u00edm prost\u0159ed\u00ed.\u00a0<strong>Mark Laanpere<\/strong>, profesor matematiky a v\u00fdpo\u010detn\u00ed techniky Talinsk\u00e9 univerzity a zakladatel estonsk\u00e9ho Centra pro vzd\u011bl\u00e1vac\u00ed technologie, mluvil o tom, jak nov\u00e1 t\u00e9mata jako digit\u00e1ln\u00ed wellbeing vstupuj\u00ed do n\u00e1rodn\u00edho kurikula a s jak\u00fdmi p\u0159ek\u00e1\u017ekami se vzd\u011bl\u00e1vac\u00ed syst\u00e9m vyrovn\u00e1v\u00e1 p\u0159i implementaci takov\u00fdch zm\u011bn.\u00a0<\/p>\n\n\n\n<figure class=\"wp-block-image size-full\"><img loading=\"lazy\" decoding=\"async\" width=\"940\" height=\"788\" src=\"https:\/\/prahaskolska.200.solutions\/wp-content\/uploads\/2022\/12\/skavvvv.png\" alt=\"\" class=\"wp-image-8569\" srcset=\"https:\/\/prahaskolska.200.solutions\/wp-content\/uploads\/2022\/12\/skavvvv.png 940w, https:\/\/prahaskolska.200.solutions\/wp-content\/uploads\/2022\/12\/skavvvv-300x251.png 300w, https:\/\/prahaskolska.200.solutions\/wp-content\/uploads\/2022\/12\/skavvvv-768x644.png 768w\" sizes=\"auto, (max-width: 940px) 100vw, 940px\" \/><\/figure>\n\n\n\n<p>V druh\u00e9m bloku p\u0159edn\u00e1\u0161ek se program konference vr\u00e1til do \u010ceska. Otev\u0159eli jej z\u00e1stupci st\u0159edo\u0161kolsk\u00fdch organizac\u00ed.\u00a0<strong>Barbora Dolensk\u00e1\u00a0<\/strong>a<strong>\u00a0Anton\u00edn Pipa<\/strong>\u00a0z \u010cesk\u00e9 st\u0159edo\u0161kolsk\u00e9 unie hovo\u0159ili o tom, \u017ee ve \u0161kole chyb\u00ed v\u00fduka digit\u00e1ln\u00ed a medi\u00e1ln\u00ed gramotnosti. V r\u00e1mci informatiky, kter\u00e1 se kterou se podle nich za\u010d\u00edn\u00e1 ve \u0161kole pom\u011brn\u011b pozd\u011b, se u\u010d\u00ed z\u00e1klady jako psan\u00ed ve Wordu a je opom\u00edjeno, co je pro d\u011bti nejd\u016fle\u017eit\u011bj\u0161\u00ed. C\u00edtit byla i ned\u016fv\u011bra k tomu, \u017ee jejich u\u010ditel\u00e9 jim v tomto mohou b\u00fdt pr\u016fvodcem.\u00a0 &#8222;Mnoho lid\u00ed trp\u00ed z\u00e1vislost\u00ed na digit\u00e1ln\u00edch technologi\u00edch, nikdo ale nev\u00ed, jak se j\u00ed zbavit. V\u0161ichni kritizuj\u00ed, \u017ee jsme po\u0159\u00e1d na mobilech, nikdo n\u00e1m ale ne\u0159ekne, jak to m\u00e1me d\u011blat jinak,&#8220; podotkla Barbora Dolansk\u00e1. Z\u00e1kaz podle nich nic ne\u0159e\u0161\u00ed.\u00a0<strong>Jan Gondek<\/strong>\u00a0ze St\u0159edo\u0161kolsk\u00e9ho sn\u011bmu hl. m. Prahy podotkl, \u017ee ide\u00e1ln\u00edm stavem nen\u00ed ani \u00fapln\u00e1 liberalizace, ale u\u010ditel\u00e9 by m\u011bli monitorovat, aby je \u017e\u00e1ci p\u0159\u00edstroje pou\u017e\u00edvali tak, jak maj\u00ed.\u00a0<\/p>\n\n\n\n<figure class=\"wp-block-image size-full\"><img loading=\"lazy\" decoding=\"async\" width=\"940\" height=\"788\" src=\"https:\/\/prahaskolska.200.solutions\/wp-content\/uploads\/2022\/12\/skavv.png\" alt=\"\" class=\"wp-image-8570\" srcset=\"https:\/\/prahaskolska.200.solutions\/wp-content\/uploads\/2022\/12\/skavv.png 940w, https:\/\/prahaskolska.200.solutions\/wp-content\/uploads\/2022\/12\/skavv-300x251.png 300w, https:\/\/prahaskolska.200.solutions\/wp-content\/uploads\/2022\/12\/skavv-768x644.png 768w\" sizes=\"auto, (max-width: 940px) 100vw, 940px\" \/><\/figure>\n\n\n\n<p>&#8222;Wellbeing je jen jeden, ale jsou dv\u011b prost\u0159ed\u00ed, ve kter\u00fdch mus\u00edme db\u00e1t na to, aby byl napl\u0148ov\u00e1n,&#8220; uvedla svou prezentaci\u00a0<strong>Lenka Felcmanov\u00e1<\/strong>, p\u0159edsedkyn\u011b \u010cOSIV a vedouc\u00ed pracovn\u00ed skupiny Wellbeing v r\u00e1mci Partnerstv\u00ed pro vzd\u011bl\u00e1v\u00e1n\u00ed 2030+. V online i &#8222;offline&#8220; prost\u0159ed\u00ed je podle n\u00ed d\u016fle\u017eit\u00e9, aby byly napl\u0148ov\u00e1ny stejn\u00e9 pot\u0159eby, by\u0165 za jin\u00fdch podm\u00ednek. Upozornila na \u0159adu odli\u0161nost\u00ed dan\u00fdch lidskou fyziologi\u00ed. Nap\u0159\u00edklad na oslabenou schopnost vyhodnocovat nebezpe\u010d\u00ed v online prost\u0159ed\u00ed, kde nen\u00ed mo\u017en\u00e9 \u0159\u00eddit se neverb\u00e1ln\u00edmi sign\u00e1ly.<strong>\u00a0Bo\u0159ivoj Brdi\u010dka<\/strong>\u00a0z Jednoty \u0161kolsk\u00fdch informatik\u016f a \u010dlen pracovn\u00ed skupiny Wellbeing Partnerstv\u00ed 2030+ pouk\u00e1zal mimo jin\u00e9 na to, \u017ee p\u0159edstava o p\u0159\u00edm\u00e9 \u00fam\u011b\u0159e mezi \u010dasem str\u00e1ven\u00fdm v digit\u00e1ln\u00edm prost\u0159ed\u00ed a wellbeingem je m\u00fdtus a \u017ee by se rodi\u010de \u010di u\u010ditel\u00e9 sp\u00ed\u0161e ne\u017e na zakazov\u00e1n\u00ed m\u011bli soust\u0159edit na hled\u00e1n\u00ed rovnov\u00e1hy. D\u016fle\u017eit\u00e1 je p\u0159itom nejen ot\u00e1zka jak dlouho, ale i jak (nap\u0159\u00edklad pasivn\u00ed\/aktivn\u00ed vyu\u017e\u00edv\u00e1n\u00ed). Upozornil, \u017ee stejn\u011b jako na wellbeing mohou m\u00edt digit\u00e1ln\u00ed technologie pozitivn\u00ed vliv tak\u00e9 na v\u00fdukov\u00e9 v\u00fdsledky d\u011bt\u00ed, pokud jsou vyu\u017e\u00edv\u00e1ny odpov\u00eddaj\u00edc\u00edm zp\u016fsobem.<\/p>\n\n\n\n<p><strong>Radka K\u016f\u0159ilov\u00e1<\/strong>\u00a0z Replag me a\u00a0<strong>Ad\u00e9la L\u00e1busov\u00e1<\/strong>\u00a0z Jules a Jim vyzvaly k realistick\u00e9mu pohledu na p\u0159\u00ednosy a rizika spojen\u00e1 s pou\u017e\u00edv\u00e1n\u00edm digit\u00e1ln\u00edch technologi\u00ed. &#8222;Je d\u016fle\u017eit\u00e9 si uv\u011bdomit, \u017ee digit\u00e1ln\u00ed technologie je s n\u00e1mi t\u0159icet let, co\u017e je\u0161t\u011b nen\u00ed cel\u00e1 jedna generace. Nem\u00e1me zat\u00edm dlouhodob\u00e9 zhodnocen\u00ed, s jist\u00fdm zjednodu\u0161en\u00edm jsou tu dv\u011b hypot\u00e9zy &#8211; prvn\u00ed vych\u00e1z\u00ed z toho, \u017ee technologie nedostate\u010dn\u011b nahrazuj\u00ed aktivity re\u00e1ln\u00e9ho sv\u011bta, druh\u00e1 vid\u00ed technologie jako p\u0159idanou hodnotu, kter\u00e1 aktivity re\u00e1ln\u00e9ho sv\u011bta obohacuje,&#8220; uvedla spole\u010dn\u00fd p\u0159\u00edsp\u011bvek Ad\u00e9la L\u00e1busov\u00e1.\u00a0<\/p>\n\n\n\n<p>Za podstatn\u00e9 p\u0159edn\u00e1\u0161ej\u00edc\u00ed pova\u017euj\u00ed to, zda d\u00edt\u011b zvol\u00ed p\u0159i pou\u017e\u00edv\u00e1n\u00ed digit\u00e1ln\u00edch technologi\u00ed cestu &#8222;p\u0159\u00ednosu&#8220;, nebo rizika. M\u00edra rizika p\u0159itom v\u00fdrazn\u011b souvis\u00ed s t\u00edm, co se odehr\u00e1v\u00e1 v &#8222;offline&#8220; \u017eivot\u011b d\u00edt\u011bte. &#8222;Posledn\u00ed leto\u0161n\u00ed studie zkoumala, jak technologie vstupuj\u00ed do \u017eivota velk\u00e9ho vzorku teenager\u016f a rodi\u010d\u016f. Negativn\u00ed dopad, jako je naru\u0161en\u00fd sp\u00e1nek nebo zhor\u0161en\u00ed body image, zjistili v n\u011bjak\u00e9 m\u00ed\u0159e u 37 procent dosp\u00edvaj\u00edc\u00edch. Rozd\u00edl mezi nimi a t\u011bmi, u kter\u00fdch v\u00fdzkum negativn\u00ed dopady nezjistil, nebyl v \u010dase, ale v rodi\u010d\u00edch. Z\u00e1viselo na tom, jestli se spole\u010dn\u011b zapojuj\u00ed do online sv\u011bta, jestli s d\u011btmi o digit\u00e1ln\u00ed prost\u0159ed\u00ed mluv\u00ed, jak sami reflektuj\u00ed svoje vlastn\u00ed aktivity v digit\u00e1ln\u00edm prost\u0159ed\u00ed,&#8220; \u0159ekla Radka K\u016f\u0159ilov\u00e1.<\/p>\n\n\n\n<p>Odpoledn\u00ed diskusn\u00ed panely se soust\u0159edily na za\u010dlen\u011bn\u00edm digit\u00e1ln\u00edho wellbeingu do \u0161koln\u00edho kurikula a jeho implementac\u00ed do \u0161koln\u00ed praxe a na podporou rozvoje digit\u00e1ln\u00edho wellbeingu v praxi.<\/p>\n\n\n\n<p><strong>Z\u00e1znam konference je k dispozici online v jazyce \u0159e\u010dn\u00edk\u016f i v \u010desk\u00e9m p\u0159ekladu&nbsp;<\/strong><a href=\"http:\/\/email-click.skav.cz\/public\/open\/nlink\/?u=65854ef6-a525-4619-8ff8-ce4e08e215d6&amp;c=f2abe20e-6fee-11ed-ac09-3cecef38fa8d&amp;l=0943b1a8-708b-11ed-9be0-3cecef38fa8d&amp;sid=9dfb24ab03744013bea209991f551723\" target=\"_blank\" rel=\"noreferrer noopener\"><strong>zde<\/strong><\/a><strong>.<\/strong><\/p>\n\n\n\n<p>V\u00edce k t\u00e9matu wellbeingu (v\u010detn\u011b digit\u00e1ln\u00edho) najdete od dne\u0161n\u00edho dne i na webu\u00a0<a rel=\"noreferrer noopener\" href=\"http:\/\/email-click.skav.cz\/public\/open\/nlink\/?u=65854ef6-a525-4619-8ff8-ce4e08e215d6&amp;c=f2abe20e-6fee-11ed-ac09-3cecef38fa8d&amp;l=094a9676-708b-11ed-9856-3cecef38fa8d&amp;sid=9dfb24ab03744013bea209991f551723\" target=\"_blank\">wellbeingveskole.cz<\/a>.<\/p>\n\n\n\n<p>Zdroj: <strong><a href=\"https:\/\/skav.cz\" data-type=\"URL\" data-id=\"https:\/\/skav.cz\">SKAV<\/a><\/strong><\/p>\n\n\n\n<figure class=\"wp-block-table\"><table><tbody><tr><td><a href=\"http:\/\/email-click.skav.cz\/public\/open\/nlink\/?u=65854ef6-a525-4619-8ff8-ce4e08e215d6&amp;c=f2abe20e-6fee-11ed-ac09-3cecef38fa8d&amp;l=094f713c-708b-11ed-8690-3cecef38fa8d&amp;sid=9dfb24ab03744013bea209991f551723\" target=\"_blank\" rel=\"noreferrer noopener\">SKAV<\/a>&nbsp;(St\u00e1l\u00e1 konference asociac\u00ed ve vzd\u011bl\u00e1v\u00e1n\u00ed, z. s.) je zast\u0159e\u0161uj\u00edc\u00ed platforma organizac\u00ed, kter\u00e9 usiluj\u00ed o progresivn\u00ed zm\u011bny ve vzd\u011bl\u00e1v\u00e1n\u00ed. Je moder\u00e1torem smyslupln\u00e9 diskuze a advok\u00e1tem kl\u00ed\u010dov\u00fdch t\u00e9mat. Centrem z\u00e1jmu \u010dlen\u016f jsou co nejlep\u0161\u00ed podm\u00ednky pro u\u010den\u00ed \u017e\u00e1k\u016f a co nejlep\u0161\u00ed vztahy mezi \u017e\u00e1ky a u\u010diteli. V\u011b\u0159\u00edme, \u017ee smyslem vzd\u011bl\u00e1v\u00e1n\u00ed je, aby ka\u017ed\u00fd mohl rozv\u00edjet sv\u016fj potenci\u00e1l, naj\u00edt sv\u00e9 m\u00edsto ve spole\u010dnosti a pro\u017e\u00edt spokojen\u00fd \u017eivot. Sledujte aktu\u00e1ln\u00ed informace o SKAV na&nbsp;<a href=\"http:\/\/email-click.skav.cz\/public\/open\/nlink\/?u=65854ef6-a525-4619-8ff8-ce4e08e215d6&amp;c=f2abe20e-6fee-11ed-ac09-3cecef38fa8d&amp;l=0954d212-708b-11ed-92ec-3cecef38fa8d&amp;sid=9dfb24ab03744013bea209991f551723\" target=\"_blank\" rel=\"noreferrer noopener\">Facebooku<\/a>&nbsp;a&nbsp;<a href=\"http:\/\/email-click.skav.cz\/public\/open\/nlink\/?u=65854ef6-a525-4619-8ff8-ce4e08e215d6&amp;c=f2abe20e-6fee-11ed-ac09-3cecef38fa8d&amp;l=0959b638-708b-11ed-ad83-3cecef38fa8d&amp;sid=9dfb24ab03744013bea209991f551723\" target=\"_blank\" rel=\"noreferrer noopener\">Twitteru<\/a>.<\/td><\/tr><\/tbody><\/table><\/figure>\n","protected":false},"excerpt":{"rendered":"<p>M\u00fdtum i re\u00e1ln\u00fdm rizik\u016fm spojen\u00fdm s pou\u017e\u00edv\u00e1n\u00edm technologi\u00ed se v\u011bnovala konference Digit\u00e1ln\u00ed wellbeing d\u011bt\u00ed. P\u0159edstavila strategick\u00fd dokument Rady EU. Aktu\u00e1ln\u00ed pohled na problematiku digit\u00e1ln\u00edho wellbeingu u d\u011bt\u00ed p\u0159edstavila odborn\u00e1 konference, kterou uspo\u0159\u00e1dal SKAV (St\u00e1l\u00e1 konference asociac\u00ed ve vzd\u011bl\u00e1v\u00e1n\u00ed). Konference se uskute\u010dnila v r\u00e1mci \u010desk\u00e9ho p\u0159edsednictv\u00ed v Rad\u011b EU pod z\u00e1\u0161titou M\u0160MT. Problematiku digit\u00e1ln\u00edho wellbeingu si [&hellip;]<\/p>\n","protected":false},"author":1,"featured_media":8572,"comment_status":"open","ping_status":"open","sticky":false,"template":"","format":"standard","meta":{"inline_featured_image":false,"_breakdance_hide_in_design_set":false,"_breakdance_tags":"","footnotes":""},"categories":[205,28,126,196],"tags":[2],"class_list":["post-8567","post","type-post","status-publish","format-standard","has-post-thumbnail","hentry","category-aktuality","category-aktualne-ze-skolstvi","category-koncepce-skolstvi-zamery","category-socialni-site","tag-dulezite"],"acf":[],"_links":{"self":[{"href":"https:\/\/prahaskolska.200.solutions\/index.php?rest_route=\/wp\/v2\/posts\/8567","targetHints":{"allow":["GET"]}}],"collection":[{"href":"https:\/\/prahaskolska.200.solutions\/index.php?rest_route=\/wp\/v2\/posts"}],"about":[{"href":"https:\/\/prahaskolska.200.solutions\/index.php?rest_route=\/wp\/v2\/types\/post"}],"author":[{"embeddable":true,"href":"https:\/\/prahaskolska.200.solutions\/index.php?rest_route=\/wp\/v2\/users\/1"}],"replies":[{"embeddable":true,"href":"https:\/\/prahaskolska.200.solutions\/index.php?rest_route=%2Fwp%2Fv2%2Fcomments&post=8567"}],"version-history":[{"count":2,"href":"https:\/\/prahaskolska.200.solutions\/index.php?rest_route=\/wp\/v2\/posts\/8567\/revisions"}],"predecessor-version":[{"id":8573,"href":"https:\/\/prahaskolska.200.solutions\/index.php?rest_route=\/wp\/v2\/posts\/8567\/revisions\/8573"}],"wp:featuredmedia":[{"embeddable":true,"href":"https:\/\/prahaskolska.200.solutions\/index.php?rest_route=\/wp\/v2\/media\/8572"}],"wp:attachment":[{"href":"https:\/\/prahaskolska.200.solutions\/index.php?rest_route=%2Fwp%2Fv2%2Fmedia&parent=8567"}],"wp:term":[{"taxonomy":"category","embeddable":true,"href":"https:\/\/prahaskolska.200.solutions\/index.php?rest_route=%2Fwp%2Fv2%2Fcategories&post=8567"},{"taxonomy":"post_tag","embeddable":true,"href":"https:\/\/prahaskolska.200.solutions\/index.php?rest_route=%2Fwp%2Fv2%2Ftags&post=8567"}],"curies":[{"name":"wp","href":"https:\/\/api.w.org\/{rel}","templated":true}]}}