{"id":8515,"date":"2022-11-30T10:30:00","date_gmt":"2022-11-30T09:30:00","guid":{"rendered":"https:\/\/prahaskolska.200.solutions\/?p=8515"},"modified":"2022-11-29T12:59:39","modified_gmt":"2022-11-29T11:59:39","slug":"prozijte-vanoce-udrzitelneji-diky-zasaditelnym-stromkum","status":"publish","type":"post","link":"https:\/\/prahaskolska.200.solutions\/?p=8515","title":{"rendered":"Pro\u017eijte V\u00e1noce udr\u017eiteln\u011bji d\u00edky zasaditeln\u00fdm stromk\u016fm"},"content":{"rendered":"\n<p><strong>Ka\u017ed\u00fd rok po V\u00e1noc\u00edch zaplav\u00ed pra\u017esk\u00e9 ulice hromady oschl\u00fdch stromk\u016f, kter\u00e9 jen smutn\u011b \u010dekaj\u00ed na odvoz. V\u00e1no\u010dn\u00ed strome\u010dek v\u0161ak nemus\u00ed b\u00fdt jen &#8222;na jedno pou\u017eit\u00ed&#8220;. D\u00edky stromk\u016fm v kv\u011btin\u00e1\u010di lze letos ji\u017e po\u0161est\u00e9 pro\u017e\u00edt nejkr\u00e1sn\u011bj\u0161\u00ed sv\u00e1tky roku o n\u011bco \u0161etrn\u011bji k p\u0159\u00edrod\u011b.<\/strong><\/p>\n\n\n\n<p>Lesy hl. m. Prahy nab\u00edz\u00ed prost\u0159ednictv\u00edm 7 v\u00fddejn\u00edch m\u00edst na \u00fazem\u00ed Prahy &#8222;zap\u016fj\u010den\u00ed&#8220; v\u00e1no\u010dn\u00edho strome\u010dku. Rozd\u00edl oproti tomu klasick\u00e9mu spo\u010d\u00edv\u00e1 v jeho velikosti a tak\u00e9 v tom, \u017ee ho obdr\u017e\u00edte v kv\u011btin\u00e1\u010di. D\u00edky tomu odpad\u00e1vaj\u00ed starosti spojen\u00e9 s jeho um\u00edst\u011bn\u00edm do stoj\u00e1nku a hlavn\u011b t\u00edm tak\u00e9 nekon\u010d\u00ed jeho \u017eivotn\u00ed cesta.<\/p>\n\n\n\n<p>Stromky jsou toti\u017e nejsou ur\u010deny pouze pro vyu\u017eit\u00ed v dob\u011b v\u00e1no\u010dn\u00edch sv\u00e1tk\u016f. Jedn\u00e1 se o sazenice ur\u010den\u00e9 k v\u00fdsadb\u011b v krajin\u011b. Po skon\u010den\u00ed V\u00e1noc si tedy jejich majitel\u00e9 mohou stromek vysadit klidn\u011b u sebe na zahrad\u011b. V p\u0159\u00ed\u0161t\u00edm roce se bude tak\u00e9 konat akce s n\u00e1zvem &#8222;Den pro jedli\u010dku&#8220;, v r\u00e1mci kter\u00e9 bude mo\u017en\u00e9 stromek v Kunratick\u00e9m lese pod dohledem odborn\u00edk\u016f zasadit.<\/p>\n\n\n\n<p>Stromky je mo\u017en\u00e9 zakoupit v Zahradnictv\u00ed \u010e\u00e1blice, v \u010cimic\u00edch, Hostiva\u0159i, B\u011bchovic\u00edch \u010di v ekocentru Prales na Praze 19. Akci ka\u017edoro\u010dn\u011b prov\u00e1z\u00ed velk\u00fd z\u00e1jem, ale z\u00e1jemci se nemus\u00ed b\u00e1t, \u017ee by na n\u011b nevy\u0161lo. Stromky jsou na jednotliv\u00fdch v\u00fddejn\u00edch m\u00edstech pr\u016fb\u011b\u017en\u011b dopl\u0148ov\u00e1ny, k dispozici je jich a\u017e tis\u00edc.<\/p>\n\n\n\n<p>D\u00edky t\u00e9to akci lze v\u00e1no\u010dn\u00ed sv\u00e1tky pro\u017e\u00edt s lep\u0161\u00edm pocitem. Strome\u010dky, kter\u00e9 ob\u010dan\u00e9 vyhod\u00ed u popelnic, v\u011bt\u0161inou \u010dek\u00e1 drsn\u00fd osud v podob\u011b kompost\u00e1rny. Mal\u00fd stromek v kv\u011btin\u00e1\u010di v\u0161ak lze obdivovat t\u0159eba i po cel\u00fd \u017eivot.<\/p>\n\n\n\n<p><\/p>\n\n\n\n<p>Zdroj obr\u00e1zku: Obr\u00e1zek u\u017eivatele Kapa65 ze slu\u017eby <a href=\"https:\/\/pixabay.com\/cs\/photos\/\u0161i\u0161ky-jedle-borovice-334011\/\">Pixabay<\/a>.<\/p>\n","protected":false},"excerpt":{"rendered":"<p>Ka\u017ed\u00fd rok po V\u00e1noc\u00edch zaplav\u00ed pra\u017esk\u00e9 ulice hromady oschl\u00fdch stromk\u016f, kter\u00e9 jen smutn\u011b \u010dekaj\u00ed na odvoz. V\u00e1no\u010dn\u00ed strome\u010dek v\u0161ak nemus\u00ed b\u00fdt jen &#8222;na jedno pou\u017eit\u00ed&#8220;. D\u00edky stromk\u016fm v kv\u011btin\u00e1\u010di lze letos ji\u017e po\u0161est\u00e9 pro\u017e\u00edt nejkr\u00e1sn\u011bj\u0161\u00ed sv\u00e1tky roku o n\u011bco \u0161etrn\u011bji k p\u0159\u00edrod\u011b. Lesy hl. m. Prahy nab\u00edz\u00ed prost\u0159ednictv\u00edm 7 v\u00fddejn\u00edch m\u00edst na \u00fazem\u00ed Prahy &#8222;zap\u016fj\u010den\u00ed&#8220; [&hellip;]<\/p>\n","protected":false},"author":24,"featured_media":8517,"comment_status":"open","ping_status":"open","sticky":false,"template":"","format":"standard","meta":{"inline_featured_image":false,"_breakdance_hide_in_design_set":false,"_breakdance_tags":"","footnotes":""},"categories":[49,51,46,110,60],"tags":[],"class_list":["post-8515","post","type-post","status-publish","format-standard","has-post-thumbnail","hentry","category-ekologie","category-spolecnost","category-studentske-zpravodajstvi","category-zajimavosti-z-prahy","category-zivotni-prostredi"],"acf":[],"_links":{"self":[{"href":"https:\/\/prahaskolska.200.solutions\/index.php?rest_route=\/wp\/v2\/posts\/8515","targetHints":{"allow":["GET"]}}],"collection":[{"href":"https:\/\/prahaskolska.200.solutions\/index.php?rest_route=\/wp\/v2\/posts"}],"about":[{"href":"https:\/\/prahaskolska.200.solutions\/index.php?rest_route=\/wp\/v2\/types\/post"}],"author":[{"embeddable":true,"href":"https:\/\/prahaskolska.200.solutions\/index.php?rest_route=\/wp\/v2\/users\/24"}],"replies":[{"embeddable":true,"href":"https:\/\/prahaskolska.200.solutions\/index.php?rest_route=%2Fwp%2Fv2%2Fcomments&post=8515"}],"version-history":[{"count":2,"href":"https:\/\/prahaskolska.200.solutions\/index.php?rest_route=\/wp\/v2\/posts\/8515\/revisions"}],"predecessor-version":[{"id":8518,"href":"https:\/\/prahaskolska.200.solutions\/index.php?rest_route=\/wp\/v2\/posts\/8515\/revisions\/8518"}],"wp:featuredmedia":[{"embeddable":true,"href":"https:\/\/prahaskolska.200.solutions\/index.php?rest_route=\/wp\/v2\/media\/8517"}],"wp:attachment":[{"href":"https:\/\/prahaskolska.200.solutions\/index.php?rest_route=%2Fwp%2Fv2%2Fmedia&parent=8515"}],"wp:term":[{"taxonomy":"category","embeddable":true,"href":"https:\/\/prahaskolska.200.solutions\/index.php?rest_route=%2Fwp%2Fv2%2Fcategories&post=8515"},{"taxonomy":"post_tag","embeddable":true,"href":"https:\/\/prahaskolska.200.solutions\/index.php?rest_route=%2Fwp%2Fv2%2Ftags&post=8515"}],"curies":[{"name":"wp","href":"https:\/\/api.w.org\/{rel}","templated":true}]}}