{"id":8495,"date":"2022-11-28T16:02:32","date_gmt":"2022-11-28T15:02:32","guid":{"rendered":"https:\/\/prahaskolska.200.solutions\/?p=8495"},"modified":"2022-11-28T16:03:27","modified_gmt":"2022-11-28T15:03:27","slug":"ministr-balas-pomyslne-zakoncil-uspesne-predsednictvi-cr-v-rade-eu-v-oblasti-vzdelavani","status":"publish","type":"post","link":"https:\/\/prahaskolska.200.solutions\/?p=8495","title":{"rendered":"Ministr Bala\u0161 pomysln\u011b zakon\u010dil \u00fasp\u011b\u0161n\u00e9 p\u0159edsednictv\u00ed \u010cR v Rad\u011b EU v oblasti vzd\u011bl\u00e1v\u00e1n\u00ed"},"content":{"rendered":"\n<p><strong>V&nbsp;Bruselu se dnes uskute\u010dnilo jedn\u00e1n\u00ed Rady pro vzd\u011bl\u00e1v\u00e1n\u00ed, kter\u00e9mu p\u0159edsedal ministr \u0161kolstv\u00ed, ml\u00e1de\u017ee a&nbsp;t\u011blov\u00fdchovy Vladim\u00edr Bala\u0161. Minist\u0159i se p\u0159i politick\u00e9 diskuzi zam\u011b\u0159ili na t\u00e9ma schopnosti evropsk\u00fdch vzd\u011bl\u00e1vac\u00edch syst\u00e9m\u016f reagovat na krizov\u00e9 situace, jakou je nap\u0159\u00edklad sou\u010dasn\u00e1 rusk\u00e1 agrese v\u016f\u010di Ukrajin\u011b. D\u00e1le minist\u0159i sedmadvac\u00edtky p\u0159ijali dva dokumenty, a&nbsp;to&nbsp;Z\u00e1v\u011bry Rady o podpo\u0159e well-beingu v&nbsp;digit\u00e1ln\u00edm vzd\u011bl\u00e1v\u00e1n\u00ed, kter\u00e9 p\u0159ipravilo \u010desk\u00e9 p\u0159edsednictv\u00ed Rady EU, a Doporu\u010den\u00ed Rady k&nbsp;iniciativ\u011b Cesty ke \u0161koln\u00edmu \u00fasp\u011bchu.<\/strong><\/p>\n\n\n\n<p>V&nbsp;\u00favodu jedn\u00e1n\u00ed byly ministry p\u0159ijaty Z\u00e1v\u011bry Rady o podpo\u0159e well-beingu v digit\u00e1ln\u00edm vzd\u011bl\u00e1v\u00e1n\u00ed. Ty se&nbsp;zam\u011b\u0159uj\u00ed na ot\u00e1zky podpory digit\u00e1ln\u00edch dovednost\u00ed \u017e\u00e1k\u016f a u\u010ditel\u016f, vhodn\u00e9 nastaven\u00ed vyu\u017e\u00edv\u00e1n\u00ed digit\u00e1ln\u00edch n\u00e1stroj\u016f p\u0159\u00ed v\u00fduce nebo podporu du\u0161evn\u00edho zdrav\u00ed. C\u00edlem z\u00e1v\u011br\u016f je zd\u016fraznit pot\u0159ebu rozvoje digitalizace nad r\u00e1mec zaji\u0161t\u011bn\u00ed infrastruktury a dovednost\u00ed, na kter\u00e9 se \u010dlensk\u00e9 st\u00e1ty a instituce EU soust\u0159edili od pandemie covid-19.<\/p>\n\n\n\n<p>N\u00e1sledn\u011b bylo p\u0159ijato Doporu\u010den\u00ed Rady k iniciativ\u011b Cesty ke&nbsp;\u0161koln\u00edmu \u00fasp\u011bchu, kter\u00e9 p\u0159edstavuje kl\u00ed\u010dov\u00fd dokument Evropsk\u00e9ho prostoru vzd\u011bl\u00e1v\u00e1n\u00ed. Jeho c\u00edlem je pos\u00edlen\u00ed vzd\u011bl\u00e1vac\u00edch v\u00fdsledk\u016f v oblasti z\u00e1kladn\u00edch dovednost\u00ed a sn\u00ed\u017een\u00ed po\u010dtu \u017e\u00e1k\u016f, kte\u0159\u00ed p\u0159ed\u010dasn\u011b ukon\u010duj\u00ed \u0161koln\u00ed doch\u00e1zku. \u201e\u00dasp\u011bch\u201c ve&nbsp;\u0161koln\u00edm prost\u0159ed\u00ed je spojov\u00e1n s d\u016frazem na motivaci, osobn\u00ed a soci\u00e1ln\u011b-emocion\u00e1ln\u00ed rozvoj a well-being \u017e\u00e1k\u016f.<\/p>\n\n\n\n<p>V politick\u00e9 rozprav\u011b minist\u0159i \u010dlensk\u00fdch st\u00e1t\u016f EU diskutovali o Evropsk\u00e9m prostoru vzd\u011bl\u00e1v\u00e1n\u00ed, vznikaj\u00edc\u00edm prostoru pos\u00edlen\u00e9 spolupr\u00e1ce ve vzd\u011bl\u00e1v\u00e1n\u00ed v\u00a0r\u00e1mci EU. Diskutov\u00e1ny byly mo\u017enosti pos\u00edlen\u00ed jeho odolnosti a n\u00e1stroje pro rychlej\u0161\u00ed a efektivn\u011bj\u0161\u00ed zvl\u00e1d\u00e1n\u00ed neo\u010dek\u00e1van\u00fdch vliv\u016f. T\u00edm je t\u0159eba aktu\u00e1ln\u00ed rusk\u00e1 agrese na Ukrajin\u011b, kter\u00e1 vyhnala do EU mili\u00f3ny uprchl\u00edk\u016f, z\u00a0nich\u017e t\u00e9m\u011b\u0159 polovinu tvo\u0159\u00ed d\u011bti \u0161koln\u00edho v\u011bku.<\/p>\n\n\n\n<figure class=\"wp-block-image size-large\"><img loading=\"lazy\" decoding=\"async\" width=\"1024\" height=\"683\" src=\"https:\/\/prahaskolska.200.solutions\/wp-content\/uploads\/2022\/11\/faa118a3-e741-4f40-b153-830d25d94fe4-1024x683.jpg\" alt=\"\" class=\"wp-image-8498\" srcset=\"https:\/\/prahaskolska.200.solutions\/wp-content\/uploads\/2022\/11\/faa118a3-e741-4f40-b153-830d25d94fe4-1024x683.jpg 1024w, https:\/\/prahaskolska.200.solutions\/wp-content\/uploads\/2022\/11\/faa118a3-e741-4f40-b153-830d25d94fe4-300x200.jpg 300w, https:\/\/prahaskolska.200.solutions\/wp-content\/uploads\/2022\/11\/faa118a3-e741-4f40-b153-830d25d94fe4-768x512.jpg 768w, https:\/\/prahaskolska.200.solutions\/wp-content\/uploads\/2022\/11\/faa118a3-e741-4f40-b153-830d25d94fe4-1536x1024.jpg 1536w, https:\/\/prahaskolska.200.solutions\/wp-content\/uploads\/2022\/11\/faa118a3-e741-4f40-b153-830d25d94fe4-2048x1365.jpg 2048w\" sizes=\"auto, (max-width: 1024px) 100vw, 1024px\" \/><figcaption><em>Minist\u0159i \u010dlensk\u00fdch st\u00e1t\u016f EU diskutovali o Evropsk\u00e9m prostoru vzd\u011bl\u00e1v\u00e1n\u00ed a dal\u0161\u00edch t\u00e9matech<\/em><\/figcaption><\/figure>\n\n\n\n<p>Diskuzi zah\u00e1jil formou videonahr\u00e1vky ukrajinsk\u00fd ministr vzd\u011bl\u00e1v\u00e1n\u00ed a v\u011bdy Serhiy Shkarlet, kter\u00fd pod\u011bkoval ministr\u016fm za z\u00e1sadn\u00ed spolupr\u00e1ci a podporu. Popsal aktu\u00e1ln\u00ed stav na Ukrajin\u011b, kde je kv\u016fli rusk\u00e9mu barbarismu o hladu a bez tepla mnoho ukrajinsk\u00fdch \u017e\u00e1k\u016f a d\u011bt\u00ed. Kr\u00e1tce tak\u00e9 zd\u016fraznil, \u017ee Ukrajina podporuje do\u010dasn\u00e9 za\u010dlen\u011bn\u00ed ukrajinsk\u00fdch d\u011bt\u00ed do vzd\u011bl\u00e1vac\u00edch syst\u00e9m\u016f zem\u00ed EU a op\u011btovn\u011b pod\u011bkoval za hled\u00e1n\u00ed zp\u016fsob\u016f podpory vzd\u011bl\u00e1v\u00e1n\u00ed ukrajinsk\u00fdch d\u011bt\u00ed.<\/p>\n\n\n\n<p>\u201e<em>Jsme up\u0159\u00edmn\u011b vd\u011b\u010dni v\u0161em zem\u00edm EU za ne\u00fastupnou podporu Ukrajiny, a tak\u00e9 za v\u0161echny opat\u0159en\u00ed p\u0159ijat\u00e1 na pomoc do\u010dasn\u011b vys\u00eddlen\u00fdm d\u011btem, student\u016fm, u\u010ditel\u016fm a v\u011bdeck\u00fdm pracovn\u00edk\u016fm. Stejn\u011b tak jako v\u0161em ostatn\u00edm ob\u010dan\u016fm Ukrajiny, kte\u0159\u00ed museli uprchnout do zahrani\u010d\u00ed kv\u016fli krut\u00e9 invazi Rusk\u00e9 federace na \u00fazem\u00ed Ukrajiny.<\/em>\u00a0Velmi si v\u00e1\u017e\u00edm otev\u0159enosti, spolupr\u00e1ce a podpory zem\u00ed EU.\u00a0<em>Cht\u011bl bych zd\u016fraznit d\u016fle\u017eitost podpory EU ve v\u00fd\u0161i 100 milion\u016f EURO na obnoven\u00ed \u0161kol na Ukrajin\u011b, kter\u00e9 byly zni\u010den\u00e9 v d\u016fsledku a c\u00edlen\u00edm na nevojensk\u00e9 c\u00edle rusk\u00e9 vojensk\u00e9 agrese. V sou\u010dasn\u00e9 dob\u011b bylo bombardov\u00e1n\u00edm a ost\u0159elov\u00e1n\u00edm zasa\u017eeno 2 767 vzd\u011bl\u00e1vac\u00edch instituc\u00ed. 337 z nich je zcela zni\u010deno,\u201c<\/em>\u00a0sd\u011blil sv\u00fdm prot\u011bj\u0161k\u016fm ukrajinsk\u00fd ministr.<\/p>\n\n\n\n<p>P\u0159\u00edtomn\u00ed minist\u0159i vyj\u00e1d\u0159ili solidaritu s\u00a0Ukrajinou a p\u0159isl\u00edbili dal\u0161\u00ed \u00fasil\u00ed na\u00a0podporu \u017e\u00e1k\u016f a student\u016f prchaj\u00edc\u00edch z\u00a0Ukrajiny ze strany \u010dlensk\u00fdch st\u00e1t\u016f a Evropsk\u00e9 komise.\u00a0N\u00e1sledn\u00e1 neform\u00e1ln\u00ed ob\u011bdov\u00e1 diskuse byla v\u011bnov\u00e1na t\u00e9matu podpory ukrajinsk\u00e9ho vzd\u011bl\u00e1vac\u00edho syst\u00e9mu v\u00a0dob\u011b jeho obnovy.<\/p>\n\n\n\n<p>\u201e<em>Velmi si V\u00e1\u017e\u00edm trval\u00e9 spolupr\u00e1ce s\u00a0na\u0161imi kolegy na Ukrajin\u011b. Jen d\u00edky n\u00ed a pravideln\u00e9 komunikaci m\u016f\u017eeme b\u00fdt schopni reagovat na st\u00e1le se m\u011bn\u00edc\u00ed situaci tak, abychom poskytli co nejlep\u0161\u00ed vzd\u011bl\u00e1n\u00ed jak d\u011btem v\u00a0zem\u00edch EU, tak nov\u011b p\u0159\u00edchoz\u00edm d\u011btem z\u00a0Ukrajiny. V\u011b\u0159\u00edm, \u017ee situace se brzy zm\u011bn\u00ed a dnes diskutovan\u00e1 v\u00fdchodiska pro obnovu ukrajinsk\u00e9ho vzd\u011bl\u00e1vac\u00edho syst\u00e9mu a dal\u0161\u00ed spolupr\u00e1ci se zem\u011bmi EU budeme moci prom\u011bnit ve skute\u010dnost,\u201c<\/em>\u00a0uvedl ministr Bala\u0161.<\/p>\n\n\n\n<figure class=\"wp-block-image size-large\"><img loading=\"lazy\" decoding=\"async\" width=\"1024\" height=\"683\" src=\"https:\/\/prahaskolska.200.solutions\/wp-content\/uploads\/2022\/11\/39ceeb7f-01ac-4f11-b2f7-bab3afc3a8d7-1024x683.jpg\" alt=\"\" class=\"wp-image-8499\" srcset=\"https:\/\/prahaskolska.200.solutions\/wp-content\/uploads\/2022\/11\/39ceeb7f-01ac-4f11-b2f7-bab3afc3a8d7-1024x683.jpg 1024w, https:\/\/prahaskolska.200.solutions\/wp-content\/uploads\/2022\/11\/39ceeb7f-01ac-4f11-b2f7-bab3afc3a8d7-300x200.jpg 300w, https:\/\/prahaskolska.200.solutions\/wp-content\/uploads\/2022\/11\/39ceeb7f-01ac-4f11-b2f7-bab3afc3a8d7-768x512.jpg 768w, https:\/\/prahaskolska.200.solutions\/wp-content\/uploads\/2022\/11\/39ceeb7f-01ac-4f11-b2f7-bab3afc3a8d7-1536x1024.jpg 1536w, https:\/\/prahaskolska.200.solutions\/wp-content\/uploads\/2022\/11\/39ceeb7f-01ac-4f11-b2f7-bab3afc3a8d7-2048x1366.jpg 2048w\" sizes=\"auto, (max-width: 1024px) 100vw, 1024px\" \/><\/figure>\n\n\n\n<p>Zdroj <a href=\"https:\/\/www.msmt.cz\/ministerstvo\/novinar\/ministr-balas-pomyslne-zakoncil-uspesne-predsednictvi-cr-v?fbclid=IwAR1j8H4kYHLMY2W18aVptkqiD1Ns06l2-0jIvTQovIHmrg2hfzd3xYFriiU\">M\u0160MT<\/a><\/p>\n","protected":false},"excerpt":{"rendered":"<p>V&nbsp;Bruselu se dnes uskute\u010dnilo jedn\u00e1n\u00ed Rady pro vzd\u011bl\u00e1v\u00e1n\u00ed, kter\u00e9mu p\u0159edsedal ministr \u0161kolstv\u00ed, ml\u00e1de\u017ee a&nbsp;t\u011blov\u00fdchovy Vladim\u00edr Bala\u0161. Minist\u0159i se p\u0159i politick\u00e9 diskuzi zam\u011b\u0159ili na t\u00e9ma schopnosti evropsk\u00fdch vzd\u011bl\u00e1vac\u00edch syst\u00e9m\u016f reagovat na krizov\u00e9 situace, jakou je nap\u0159\u00edklad sou\u010dasn\u00e1 rusk\u00e1 agrese v\u016f\u010di Ukrajin\u011b. D\u00e1le minist\u0159i sedmadvac\u00edtky p\u0159ijali dva dokumenty, a&nbsp;to&nbsp;Z\u00e1v\u011bry Rady o podpo\u0159e well-beingu v&nbsp;digit\u00e1ln\u00edm vzd\u011bl\u00e1v\u00e1n\u00ed, kter\u00e9 p\u0159ipravilo [&hellip;]<\/p>\n","protected":false},"author":1,"featured_media":8500,"comment_status":"open","ping_status":"open","sticky":false,"template":"","format":"standard","meta":{"inline_featured_image":false,"_breakdance_hide_in_design_set":false,"_breakdance_tags":"","footnotes":""},"categories":[205,28],"tags":[],"class_list":["post-8495","post","type-post","status-publish","format-standard","has-post-thumbnail","hentry","category-aktuality","category-aktualne-ze-skolstvi"],"acf":[],"_links":{"self":[{"href":"https:\/\/prahaskolska.200.solutions\/index.php?rest_route=\/wp\/v2\/posts\/8495","targetHints":{"allow":["GET"]}}],"collection":[{"href":"https:\/\/prahaskolska.200.solutions\/index.php?rest_route=\/wp\/v2\/posts"}],"about":[{"href":"https:\/\/prahaskolska.200.solutions\/index.php?rest_route=\/wp\/v2\/types\/post"}],"author":[{"embeddable":true,"href":"https:\/\/prahaskolska.200.solutions\/index.php?rest_route=\/wp\/v2\/users\/1"}],"replies":[{"embeddable":true,"href":"https:\/\/prahaskolska.200.solutions\/index.php?rest_route=%2Fwp%2Fv2%2Fcomments&post=8495"}],"version-history":[{"count":4,"href":"https:\/\/prahaskolska.200.solutions\/index.php?rest_route=\/wp\/v2\/posts\/8495\/revisions"}],"predecessor-version":[{"id":8502,"href":"https:\/\/prahaskolska.200.solutions\/index.php?rest_route=\/wp\/v2\/posts\/8495\/revisions\/8502"}],"wp:featuredmedia":[{"embeddable":true,"href":"https:\/\/prahaskolska.200.solutions\/index.php?rest_route=\/wp\/v2\/media\/8500"}],"wp:attachment":[{"href":"https:\/\/prahaskolska.200.solutions\/index.php?rest_route=%2Fwp%2Fv2%2Fmedia&parent=8495"}],"wp:term":[{"taxonomy":"category","embeddable":true,"href":"https:\/\/prahaskolska.200.solutions\/index.php?rest_route=%2Fwp%2Fv2%2Fcategories&post=8495"},{"taxonomy":"post_tag","embeddable":true,"href":"https:\/\/prahaskolska.200.solutions\/index.php?rest_route=%2Fwp%2Fv2%2Ftags&post=8495"}],"curies":[{"name":"wp","href":"https:\/\/api.w.org\/{rel}","templated":true}]}}