{"id":8369,"date":"2022-11-23T10:29:00","date_gmt":"2022-11-23T09:29:00","guid":{"rendered":"https:\/\/prahaskolska.200.solutions\/?p=8369"},"modified":"2022-11-20T23:57:17","modified_gmt":"2022-11-20T22:57:17","slug":"tip-na-vystavu-josef-pleskot-mesta","status":"publish","type":"post","link":"https:\/\/prahaskolska.200.solutions\/?p=8369","title":{"rendered":"Tip na v\u00fdstavu: Josef Pleskot &#8211; M\u011bsta"},"content":{"rendered":"\n<p><strong>Praha, Ostrava-V\u00edtkovice a Litomy\u0161l. Tyto t\u0159i \u010desk\u00e1 m\u011bsta, je\u017e jsou od sebe pom\u011brn\u011b vzd\u00e1len\u00e1, maj\u00ed jedno spole\u010dn\u00e9. Jedn\u00e1 se o m\u00edsta, na kter\u00e1 se ve sv\u00e9 tvorb\u011b nejv\u00edce soust\u0159ed\u00ed jeden z nejv\u00fdznamn\u011bj\u0161\u00edch \u010desk\u00fdch architekt\u016f &#8211; Josef Pleskot.<\/strong><\/p>\n\n\n\n<p>V Museu Kampa se od 5.11. do 12.2. kon\u00e1 v\u00fdstava zam\u011b\u0159en\u00e1 na Pleskotovo d\u00edlo. V\u00fdstava nep\u0159edstavuje ve\u0159ejnosti pouze samotn\u00e9 projekty, ale ukazuje pr\u00e1ci architektova ateli\u00e9ru v \u0161ir\u0161\u00edch souvislostech. C\u00edlem v\u00fdstavy je tak\u00e9 p\u0159isp\u011bt k odpov\u011bdi na ot\u00e1zku spole\u010densk\u00e9 role architektury. Akci doprovod\u00ed bohat\u00fd program.<\/p>\n\n\n\n<p>Co se t\u00fd\u010de Ostravy, z\u0159ejm\u011b nejzn\u00e1m\u011bj\u0161\u00edm Pleskotov\u00fdm d\u00edlem je p\u0159em\u011bna b\u00fdval\u00e9ho pr\u016fmyslov\u00e9ho are\u00e1lu v Doln\u00ed oblasti V\u00edtkovice, kde na n\u00e1v\u0161t\u011bvn\u00edka d\u00fdchne siln\u011b industri\u00e1ln\u00ed atmosf\u00e9ra. Z m\u00edsta, kter\u00e9 bylo v minulosti spojeno s t\u011b\u017ek\u00fdm pr\u016fmyslem, se stalo kulturn\u00ed a spole\u010densk\u00e9 centrum t\u0159et\u00edho nejv\u011bt\u0161\u00edho \u010desk\u00e9ho m\u011bsta. N\u00e1v\u0161t\u011bvn\u00edci si mohou kup\u0159. posed\u011bt v kav\u00e1rn\u011b ve vyhl\u00eddkov\u00e9 v\u011b\u017ei Bolt Tower \u010di se pokochat v\u00fdhledem na Ostravu z b\u00fdval\u00e9 vysok\u00e9 pece. V\u00fdstava mimo jin\u00e9 p\u0159edstav\u00ed tak\u00e9 pl\u00e1novanou \u010dtvr\u0165 M\u011bstopark, kter\u00e1 spole\u010dn\u011b s nov\u00fdm obytn\u00fdm souborem propoj\u00ed historick\u00e9 centrum m\u011bsta s v\u00edtkovick\u00fdm are\u00e1lem.<\/p>\n\n\n\n<p>V Praze se Josef Pleskot do historie architektury zapsal prom\u011bnou Jelen\u00edho p\u0159\u00edkopu a vytvo\u0159en\u00edm nov\u00e9ho pr\u016fchodu valem Pra\u0161n\u00e9ho mostu. V Radlic\u00edch je zase autorem centr\u00e1ly \u010cSOB, kter\u00e1 se vyzna\u010duje mno\u017estv\u00edm zelen\u011b. V centru Prahy je jeho d\u00edlem rekonstrukce dominik\u00e1nsk\u00e9ho kl\u00e1\u0161tera p\u0159i kostele sv. Jilj\u00ed na Star\u00e9m m\u011bst\u011b. Z budouc\u00edch projekt\u016f m\u016f\u017eeme jmenovat nov\u00fd obytn\u00fd soubor na Kav\u010d\u00edch hor\u00e1ch.<\/p>\n\n\n\n<p>V Litomy\u0161li se Pleskot zasadil o \u00fapravy a z\u00e1sahy, kter\u00e9 maj\u00ed p\u0159edev\u0161\u00edm zd\u016fraznit architektonick\u00e9 a urbanistick\u00e9 kvality tohoto historick\u00e9ho m\u011bsta. Jedn\u00e1 se o rekonstrukci z\u00e1meck\u00e9ho pivovaru, region\u00e1ln\u00edho muzea \u010di cel\u00e9ho z\u00e1meck\u00e9ho p\u0159edprostoru, kter\u00fd nese jm\u00e9no prvn\u00edho \u010desk\u00e9ho prezidenta V\u00e1clava Havla. <\/p>\n\n\n\n<p>Josef Pleskot je jedn\u00edm z nejuzn\u00e1van\u011bj\u0161\u00edch architekt\u016f sv\u00e9 generace a v prosinci oslav\u00ed sv\u00e9 70. narozeniny. V\u00fdstava je kur\u00e1torsky p\u0159ipravena architektem Norbertem Schmidtem z Pleskotova AP ateli\u00e9ru a \u0161\u00e9fkur\u00e1torem Musea Kampa Janem Sk\u0159iv\u00e1nkem.<\/p>\n\n\n\n<p>Zdroj obr\u00e1zku: Museum Kampa &#8211; https:\/\/www.museumkampa.cz\/vystava\/josef-pleskot-mesta\/#<\/p>\n","protected":false},"excerpt":{"rendered":"<p>Praha, Ostrava-V\u00edtkovice a Litomy\u0161l. Tyto t\u0159i \u010desk\u00e1 m\u011bsta, je\u017e jsou od sebe pom\u011brn\u011b vzd\u00e1len\u00e1, maj\u00ed jedno spole\u010dn\u00e9. Jedn\u00e1 se o m\u00edsta, na kter\u00e1 se ve sv\u00e9 tvorb\u011b nejv\u00edce soust\u0159ed\u00ed jeden z nejv\u00fdznamn\u011bj\u0161\u00edch \u010desk\u00fdch architekt\u016f &#8211; Josef Pleskot. V Museu Kampa se od 5.11. do 12.2. kon\u00e1 v\u00fdstava zam\u011b\u0159en\u00e1 na Pleskotovo d\u00edlo. V\u00fdstava nep\u0159edstavuje ve\u0159ejnosti pouze [&hellip;]<\/p>\n","protected":false},"author":24,"featured_media":8370,"comment_status":"open","ping_status":"open","sticky":false,"template":"","format":"standard","meta":{"inline_featured_image":false,"_breakdance_hide_in_design_set":false,"_breakdance_tags":"","footnotes":""},"categories":[247,109,51,46,110],"tags":[],"class_list":["post-8369","post","type-post","status-publish","format-standard","has-post-thumbnail","hentry","category-architektura","category-kultura","category-spolecnost","category-studentske-zpravodajstvi","category-zajimavosti-z-prahy"],"acf":[],"_links":{"self":[{"href":"https:\/\/prahaskolska.200.solutions\/index.php?rest_route=\/wp\/v2\/posts\/8369","targetHints":{"allow":["GET"]}}],"collection":[{"href":"https:\/\/prahaskolska.200.solutions\/index.php?rest_route=\/wp\/v2\/posts"}],"about":[{"href":"https:\/\/prahaskolska.200.solutions\/index.php?rest_route=\/wp\/v2\/types\/post"}],"author":[{"embeddable":true,"href":"https:\/\/prahaskolska.200.solutions\/index.php?rest_route=\/wp\/v2\/users\/24"}],"replies":[{"embeddable":true,"href":"https:\/\/prahaskolska.200.solutions\/index.php?rest_route=%2Fwp%2Fv2%2Fcomments&post=8369"}],"version-history":[{"count":2,"href":"https:\/\/prahaskolska.200.solutions\/index.php?rest_route=\/wp\/v2\/posts\/8369\/revisions"}],"predecessor-version":[{"id":8376,"href":"https:\/\/prahaskolska.200.solutions\/index.php?rest_route=\/wp\/v2\/posts\/8369\/revisions\/8376"}],"wp:featuredmedia":[{"embeddable":true,"href":"https:\/\/prahaskolska.200.solutions\/index.php?rest_route=\/wp\/v2\/media\/8370"}],"wp:attachment":[{"href":"https:\/\/prahaskolska.200.solutions\/index.php?rest_route=%2Fwp%2Fv2%2Fmedia&parent=8369"}],"wp:term":[{"taxonomy":"category","embeddable":true,"href":"https:\/\/prahaskolska.200.solutions\/index.php?rest_route=%2Fwp%2Fv2%2Fcategories&post=8369"},{"taxonomy":"post_tag","embeddable":true,"href":"https:\/\/prahaskolska.200.solutions\/index.php?rest_route=%2Fwp%2Fv2%2Ftags&post=8369"}],"curies":[{"name":"wp","href":"https:\/\/api.w.org\/{rel}","templated":true}]}}