{"id":8328,"date":"2022-11-21T10:38:00","date_gmt":"2022-11-21T09:38:00","guid":{"rendered":"https:\/\/prahaskolska.200.solutions\/?p=8328"},"modified":"2022-12-28T16:18:03","modified_gmt":"2022-12-28T15:18:03","slug":"narodni-trida-podruhe-sametovy-brunch-pomuze-matkam-samozivitelkam","status":"publish","type":"post","link":"https:\/\/prahaskolska.200.solutions\/?p=8328","title":{"rendered":"N\u00e1rodn\u00ed t\u0159\u00edda podruh\u00e9. Sametov\u00fd brunch pom\u016f\u017ee matk\u00e1m samo\u017eivitelk\u00e1m"},"content":{"rendered":"\n<p>U pam\u00e1tn\u00edku revoluce dr\u017eeli tradi\u010dn\u011b str\u00e1\u017e sokolov\u00e9. Mezi hlavn\u00ed \u00fakoly Sokolsk\u00e9 str\u00e1\u017ee pat\u0159\u00ed zabezpe\u010den\u00ed a organizace sokolsk\u00fdch pr\u016fvod\u016f a slavnost\u00ed, ale tak\u00e9 odhalov\u00e1n\u00ed pam\u011btn\u00edch desek a \u0159\u00edzen\u00ed oslav vzniku republiky.<\/p>\n\n\n\n<figure class=\"wp-block-gallery has-nested-images columns-default is-cropped wp-block-gallery-1 is-layout-flex wp-block-gallery-is-layout-flex\">\n<figure class=\"wp-block-image size-large\"><img loading=\"lazy\" decoding=\"async\" width=\"683\" height=\"1024\" data-id=\"8335\" src=\"https:\/\/prahaskolska.200.solutions\/wp-content\/uploads\/2022\/11\/0V3A4434-2-683x1024.jpg\" alt=\"\" class=\"wp-image-8335\" srcset=\"https:\/\/prahaskolska.200.solutions\/wp-content\/uploads\/2022\/11\/0V3A4434-2-683x1024.jpg 683w, https:\/\/prahaskolska.200.solutions\/wp-content\/uploads\/2022\/11\/0V3A4434-2-200x300.jpg 200w, https:\/\/prahaskolska.200.solutions\/wp-content\/uploads\/2022\/11\/0V3A4434-2-768x1152.jpg 768w, https:\/\/prahaskolska.200.solutions\/wp-content\/uploads\/2022\/11\/0V3A4434-2-1024x1536.jpg 1024w, https:\/\/prahaskolska.200.solutions\/wp-content\/uploads\/2022\/11\/0V3A4434-2.jpg 1280w\" sizes=\"auto, (max-width: 683px) 100vw, 683px\" \/><figcaption class=\"wp-element-caption\">Sokol dr\u017e\u00edc\u00ed \u010destnou str\u00e1\u017e u Pam\u00e1tn\u00edku 17. listopadu<\/figcaption><\/figure>\n\n\n\n<figure class=\"wp-block-image size-large\"><img loading=\"lazy\" decoding=\"async\" width=\"683\" height=\"1024\" data-id=\"8336\" src=\"https:\/\/prahaskolska.200.solutions\/wp-content\/uploads\/2022\/11\/0V3A4439-1-683x1024.jpg\" alt=\"\" class=\"wp-image-8336\" srcset=\"https:\/\/prahaskolska.200.solutions\/wp-content\/uploads\/2022\/11\/0V3A4439-1-683x1024.jpg 683w, https:\/\/prahaskolska.200.solutions\/wp-content\/uploads\/2022\/11\/0V3A4439-1-200x300.jpg 200w, https:\/\/prahaskolska.200.solutions\/wp-content\/uploads\/2022\/11\/0V3A4439-1-768x1152.jpg 768w, https:\/\/prahaskolska.200.solutions\/wp-content\/uploads\/2022\/11\/0V3A4439-1-1024x1536.jpg 1024w, https:\/\/prahaskolska.200.solutions\/wp-content\/uploads\/2022\/11\/0V3A4439-1.jpg 1280w\" sizes=\"auto, (max-width: 683px) 100vw, 683px\" \/><\/figure>\n<\/figure>\n\n\n\n<p>Sou\u010d\u00e1st\u00ed oslav 33. v\u00fdro\u010d\u00ed Sametov\u00e9 revoluce byl i Sametov\u00fd brunch. V\u00fdt\u011b\u017eek z n\u011bj bude darov\u00e1n neziskov\u00e9 organizaci Fandi m\u00e1m\u00e1m, kter\u00fd podporuje samo\u017eivitelky v nouzi.<\/p>\n\n\n\n<figure class=\"wp-block-gallery has-nested-images columns-default is-cropped wp-block-gallery-2 is-layout-flex wp-block-gallery-is-layout-flex\">\n<figure class=\"wp-block-image size-large\"><img loading=\"lazy\" decoding=\"async\" width=\"1024\" height=\"680\" data-id=\"8339\" src=\"https:\/\/prahaskolska.200.solutions\/wp-content\/uploads\/2022\/11\/0V3A4315-1-1024x680.jpg\" alt=\"\" class=\"wp-image-8339\" srcset=\"https:\/\/prahaskolska.200.solutions\/wp-content\/uploads\/2022\/11\/0V3A4315-1-1024x680.jpg 1024w, https:\/\/prahaskolska.200.solutions\/wp-content\/uploads\/2022\/11\/0V3A4315-1-300x199.jpg 300w, https:\/\/prahaskolska.200.solutions\/wp-content\/uploads\/2022\/11\/0V3A4315-1-768x510.jpg 768w, https:\/\/prahaskolska.200.solutions\/wp-content\/uploads\/2022\/11\/0V3A4315-1-1536x1020.jpg 1536w, https:\/\/prahaskolska.200.solutions\/wp-content\/uploads\/2022\/11\/0V3A4315-1.jpg 1920w\" sizes=\"auto, (max-width: 1024px) 100vw, 1024px\" \/><\/figure>\n\n\n\n<figure class=\"wp-block-image size-large\"><img loading=\"lazy\" decoding=\"async\" width=\"1024\" height=\"711\" data-id=\"8340\" src=\"https:\/\/prahaskolska.200.solutions\/wp-content\/uploads\/2022\/11\/0V3A4323-1-1024x711.jpg\" alt=\"\" class=\"wp-image-8340\" srcset=\"https:\/\/prahaskolska.200.solutions\/wp-content\/uploads\/2022\/11\/0V3A4323-1-1024x711.jpg 1024w, https:\/\/prahaskolska.200.solutions\/wp-content\/uploads\/2022\/11\/0V3A4323-1-300x208.jpg 300w, https:\/\/prahaskolska.200.solutions\/wp-content\/uploads\/2022\/11\/0V3A4323-1-768x533.jpg 768w, https:\/\/prahaskolska.200.solutions\/wp-content\/uploads\/2022\/11\/0V3A4323-1-1536x1067.jpg 1536w, https:\/\/prahaskolska.200.solutions\/wp-content\/uploads\/2022\/11\/0V3A4323-1.jpg 1836w\" sizes=\"auto, (max-width: 1024px) 100vw, 1024px\" \/><figcaption class=\"wp-element-caption\">Sametov\u00fd brunch<\/figcaption><\/figure>\n<\/figure>\n\n\n\n<p>Instalace Sametov\u00e9 ark\u00e1dy zaujala jak d\u011bti, tak dosp\u011bl\u00e9. Jedn\u00e1 se o trojici ark\u00e1dov\u00fdch automat\u016f s t\u00e9matikou Sametov\u00e9 revoluce. Nap\u0159\u00edklad ve h\u0159e s n\u00e1zvem Havel race se st\u00e1v\u00e1te osobn\u00edm \u0159idi\u010dem V\u00e1clava Havla.<\/p>\n\n\n<div class=\"wp-block-image\">\n<figure class=\"aligncenter size-large\"><img loading=\"lazy\" decoding=\"async\" width=\"683\" height=\"1024\" src=\"https:\/\/prahaskolska.200.solutions\/wp-content\/uploads\/2022\/11\/0V3A4409-1-683x1024.jpg\" alt=\"\" class=\"wp-image-8345\" srcset=\"https:\/\/prahaskolska.200.solutions\/wp-content\/uploads\/2022\/11\/0V3A4409-1-683x1024.jpg 683w, https:\/\/prahaskolska.200.solutions\/wp-content\/uploads\/2022\/11\/0V3A4409-1-200x300.jpg 200w, https:\/\/prahaskolska.200.solutions\/wp-content\/uploads\/2022\/11\/0V3A4409-1-768x1152.jpg 768w, https:\/\/prahaskolska.200.solutions\/wp-content\/uploads\/2022\/11\/0V3A4409-1-1024x1536.jpg 1024w, https:\/\/prahaskolska.200.solutions\/wp-content\/uploads\/2022\/11\/0V3A4409-1.jpg 1280w\" sizes=\"auto, (max-width: 683px) 100vw, 683px\" \/><figcaption class=\"wp-element-caption\">Instalace &#8222;Sametov\u00e9 ark\u00e1dy&#8220;<\/figcaption><\/figure><\/div>\n\n\n<p>Nechyb\u011bly ani bannery s popul\u00e1rn\u00edm komiksem Opr\u00e1ski s\u010desk\u00ed histrorje, kter\u00fd se sna\u017e\u00ed \u010dten\u00e1\u0159\u016fm p\u0159ipomenout v\u00fdznamn\u00e9 okam\u017eiky z \u010desk\u00fdch d\u011bjin. Kombinace dobr\u00e9ho humoru, p\u0159\u00edjemn\u00e9ho vizu\u00e1lu a gramatick\u00fdch chyb bude bavit \u010desk\u00e9 publikum je\u0161t\u011b dlouho.<\/p>\n\n\n<div class=\"wp-block-image\">\n<figure class=\"aligncenter size-large\"><img loading=\"lazy\" decoding=\"async\" width=\"1024\" height=\"705\" src=\"https:\/\/prahaskolska.200.solutions\/wp-content\/uploads\/2022\/11\/0V3A4338-1024x705.jpg\" alt=\"\" class=\"wp-image-8348\" srcset=\"https:\/\/prahaskolska.200.solutions\/wp-content\/uploads\/2022\/11\/0V3A4338-1024x705.jpg 1024w, https:\/\/prahaskolska.200.solutions\/wp-content\/uploads\/2022\/11\/0V3A4338-300x206.jpg 300w, https:\/\/prahaskolska.200.solutions\/wp-content\/uploads\/2022\/11\/0V3A4338-768x528.jpg 768w, https:\/\/prahaskolska.200.solutions\/wp-content\/uploads\/2022\/11\/0V3A4338-1536x1057.jpg 1536w, https:\/\/prahaskolska.200.solutions\/wp-content\/uploads\/2022\/11\/0V3A4338.jpg 1853w\" sizes=\"auto, (max-width: 1024px) 100vw, 1024px\" \/><figcaption class=\"wp-element-caption\">Bannery s instalac\u00ed popul\u00e1rn\u00edho komiksu<\/figcaption><\/figure><\/div>\n\n\n<p>Siln\u00fdm z\u00e1\u017eitkem byla i Avia A21, kter\u00e1 byla k vid\u011bn\u00ed na N\u00e1rodn\u00ed t\u0159\u00edd\u011b. Jedn\u00e1 se o n\u00e1kladn\u00ed v\u016fz, kter\u00fd pou\u017e\u00edvala ve\u0159ejn\u00e1 bezpe\u010dnost pro p\u0159epravu zadr\u017een\u00fdch. Pr\u00e1v\u011b tak tomu bylo i 17. listopadu 1989, p\u0159i revolu\u010dn\u00edch ud\u00e1lostech.<\/p>\n\n\n<div class=\"wp-block-image\">\n<figure class=\"aligncenter size-large\"><img loading=\"lazy\" decoding=\"async\" width=\"1024\" height=\"683\" src=\"https:\/\/prahaskolska.200.solutions\/wp-content\/uploads\/2022\/11\/0V3A4453-1024x683.jpg\" alt=\"\" class=\"wp-image-8350\" srcset=\"https:\/\/prahaskolska.200.solutions\/wp-content\/uploads\/2022\/11\/0V3A4453-1024x683.jpg 1024w, https:\/\/prahaskolska.200.solutions\/wp-content\/uploads\/2022\/11\/0V3A4453-300x200.jpg 300w, https:\/\/prahaskolska.200.solutions\/wp-content\/uploads\/2022\/11\/0V3A4453-768x512.jpg 768w, https:\/\/prahaskolska.200.solutions\/wp-content\/uploads\/2022\/11\/0V3A4453-1536x1024.jpg 1536w, https:\/\/prahaskolska.200.solutions\/wp-content\/uploads\/2022\/11\/0V3A4453.jpg 1920w\" sizes=\"auto, (max-width: 1024px) 100vw, 1024px\" \/><figcaption class=\"wp-element-caption\">Avia A21 s n\u00e1t\u011brem ve\u0159ejn\u00e9 bezpe\u010dnosti<\/figcaption><\/figure><\/div>\n\n\n<p>P\u0159esto\u017ee u\u017e ub\u011bhlo od revoluce neuv\u011b\u0159iteln\u00fdch 33 let, st\u00e1le plat\u00ed (dnes mo\u017en\u00e1 v\u00edc, ne\u017e kdy jindy) v\u00fdrok Winstona Churchilla: ,,<em>Demokracie m\u00e1 cenu jedin\u011b tehdy, jestli\u017ee se dovede br\u00e1nit<\/em>\u2018\u2018. \u010ce\u0161i u\u017e v roce 1989 dok\u00e1zali, \u017ee demokracie cenu m\u00e1.<\/p>\n\n\n\n<figure class=\"wp-block-gallery has-nested-images columns-default is-cropped wp-block-gallery-3 is-layout-flex wp-block-gallery-is-layout-flex\">\n<figure class=\"wp-block-image size-large\"><img loading=\"lazy\" decoding=\"async\" width=\"683\" height=\"1024\" data-id=\"8354\" src=\"https:\/\/prahaskolska.200.solutions\/wp-content\/uploads\/2022\/11\/0V3A4397-683x1024.jpg\" alt=\"\" class=\"wp-image-8354\" srcset=\"https:\/\/prahaskolska.200.solutions\/wp-content\/uploads\/2022\/11\/0V3A4397-683x1024.jpg 683w, https:\/\/prahaskolska.200.solutions\/wp-content\/uploads\/2022\/11\/0V3A4397-200x300.jpg 200w, https:\/\/prahaskolska.200.solutions\/wp-content\/uploads\/2022\/11\/0V3A4397-768x1152.jpg 768w, https:\/\/prahaskolska.200.solutions\/wp-content\/uploads\/2022\/11\/0V3A4397-1024x1536.jpg 1024w, https:\/\/prahaskolska.200.solutions\/wp-content\/uploads\/2022\/11\/0V3A4397.jpg 1280w\" sizes=\"auto, (max-width: 683px) 100vw, 683px\" \/><figcaption class=\"wp-element-caption\">Sv\u00ed\u010dky u pam\u00e1tn\u00edku V\u00e1clava Havla<\/figcaption><\/figure>\n\n\n\n<figure class=\"wp-block-image size-large\"><img loading=\"lazy\" decoding=\"async\" width=\"683\" height=\"1024\" data-id=\"8352\" src=\"https:\/\/prahaskolska.200.solutions\/wp-content\/uploads\/2022\/11\/0V3A4365-683x1024.jpg\" alt=\"\" class=\"wp-image-8352\" srcset=\"https:\/\/prahaskolska.200.solutions\/wp-content\/uploads\/2022\/11\/0V3A4365-683x1024.jpg 683w, https:\/\/prahaskolska.200.solutions\/wp-content\/uploads\/2022\/11\/0V3A4365-200x300.jpg 200w, https:\/\/prahaskolska.200.solutions\/wp-content\/uploads\/2022\/11\/0V3A4365-768x1152.jpg 768w, https:\/\/prahaskolska.200.solutions\/wp-content\/uploads\/2022\/11\/0V3A4365-1024x1536.jpg 1024w, https:\/\/prahaskolska.200.solutions\/wp-content\/uploads\/2022\/11\/0V3A4365.jpg 1280w\" sizes=\"auto, (max-width: 683px) 100vw, 683px\" \/><figcaption class=\"wp-element-caption\">Sv\u00ed\u010dky u pam\u00e1tn\u00edku V\u00e1clava Havla<\/figcaption><\/figure>\n\n\n\n<figure class=\"wp-block-image size-large\"><img loading=\"lazy\" decoding=\"async\" width=\"658\" height=\"1024\" data-id=\"8359\" src=\"https:\/\/prahaskolska.200.solutions\/wp-content\/uploads\/2022\/11\/0V3A4346-658x1024.jpg\" alt=\"\" class=\"wp-image-8359\" srcset=\"https:\/\/prahaskolska.200.solutions\/wp-content\/uploads\/2022\/11\/0V3A4346-658x1024.jpg 658w, https:\/\/prahaskolska.200.solutions\/wp-content\/uploads\/2022\/11\/0V3A4346-193x300.jpg 193w, https:\/\/prahaskolska.200.solutions\/wp-content\/uploads\/2022\/11\/0V3A4346-768x1195.jpg 768w, https:\/\/prahaskolska.200.solutions\/wp-content\/uploads\/2022\/11\/0V3A4346-987x1536.jpg 987w, https:\/\/prahaskolska.200.solutions\/wp-content\/uploads\/2022\/11\/0V3A4346.jpg 1234w\" sizes=\"auto, (max-width: 658px) 100vw, 658px\" \/><\/figure>\n\n\n\n<figure class=\"wp-block-image size-large\"><img loading=\"lazy\" decoding=\"async\" width=\"667\" height=\"1024\" data-id=\"8360\" src=\"https:\/\/prahaskolska.200.solutions\/wp-content\/uploads\/2022\/11\/0V3A4307-2-667x1024.jpg\" alt=\"\" class=\"wp-image-8360\" srcset=\"https:\/\/prahaskolska.200.solutions\/wp-content\/uploads\/2022\/11\/0V3A4307-2-667x1024.jpg 667w, https:\/\/prahaskolska.200.solutions\/wp-content\/uploads\/2022\/11\/0V3A4307-2-195x300.jpg 195w, https:\/\/prahaskolska.200.solutions\/wp-content\/uploads\/2022\/11\/0V3A4307-2-768x1180.jpg 768w, https:\/\/prahaskolska.200.solutions\/wp-content\/uploads\/2022\/11\/0V3A4307-2-1000x1536.jpg 1000w, https:\/\/prahaskolska.200.solutions\/wp-content\/uploads\/2022\/11\/0V3A4307-2.jpg 1250w\" sizes=\"auto, (max-width: 667px) 100vw, 667px\" \/><\/figure>\n\n\n\n<figure class=\"wp-block-image size-large\"><img loading=\"lazy\" decoding=\"async\" width=\"1024\" height=\"683\" data-id=\"8358\" src=\"https:\/\/prahaskolska.200.solutions\/wp-content\/uploads\/2022\/11\/0V3A4418-1-1024x683.jpg\" alt=\"\" class=\"wp-image-8358\" srcset=\"https:\/\/prahaskolska.200.solutions\/wp-content\/uploads\/2022\/11\/0V3A4418-1-1024x683.jpg 1024w, https:\/\/prahaskolska.200.solutions\/wp-content\/uploads\/2022\/11\/0V3A4418-1-300x200.jpg 300w, https:\/\/prahaskolska.200.solutions\/wp-content\/uploads\/2022\/11\/0V3A4418-1-768x512.jpg 768w, https:\/\/prahaskolska.200.solutions\/wp-content\/uploads\/2022\/11\/0V3A4418-1-1536x1024.jpg 1536w, https:\/\/prahaskolska.200.solutions\/wp-content\/uploads\/2022\/11\/0V3A4418-1.jpg 1920w\" sizes=\"auto, (max-width: 1024px) 100vw, 1024px\" \/><\/figure>\n<\/figure>\n\n\n\n<p><\/p>\n","protected":false},"excerpt":{"rendered":"<p>U pam\u00e1tn\u00edku revoluce dr\u017eeli tradi\u010dn\u011b str\u00e1\u017e sokolov\u00e9. Mezi hlavn\u00ed \u00fakoly Sokolsk\u00e9 str\u00e1\u017ee pat\u0159\u00ed zabezpe\u010den\u00ed a organizace sokolsk\u00fdch pr\u016fvod\u016f a slavnost\u00ed, ale tak\u00e9 odhalov\u00e1n\u00ed pam\u011btn\u00edch desek a \u0159\u00edzen\u00ed oslav vzniku republiky. Sou\u010d\u00e1st\u00ed oslav 33. v\u00fdro\u010d\u00ed Sametov\u00e9 revoluce byl i Sametov\u00fd brunch. V\u00fdt\u011b\u017eek z n\u011bj bude darov\u00e1n neziskov\u00e9 organizaci Fandi m\u00e1m\u00e1m, kter\u00fd podporuje samo\u017eivitelky v nouzi. Instalace [&hellip;]<\/p>\n","protected":false},"author":23,"featured_media":8347,"comment_status":"open","ping_status":"open","sticky":false,"template":"","format":"standard","meta":{"inline_featured_image":false,"_breakdance_hide_in_design_set":false,"_breakdance_tags":"","footnotes":""},"categories":[274,62,109,51,46,110],"tags":[],"class_list":["post-8328","post","type-post","status-publish","format-standard","has-post-thumbnail","hentry","category-fotoreportaz","category-historie","category-kultura","category-spolecnost","category-studentske-zpravodajstvi","category-zajimavosti-z-prahy"],"acf":[],"_links":{"self":[{"href":"https:\/\/prahaskolska.200.solutions\/index.php?rest_route=\/wp\/v2\/posts\/8328","targetHints":{"allow":["GET"]}}],"collection":[{"href":"https:\/\/prahaskolska.200.solutions\/index.php?rest_route=\/wp\/v2\/posts"}],"about":[{"href":"https:\/\/prahaskolska.200.solutions\/index.php?rest_route=\/wp\/v2\/types\/post"}],"author":[{"embeddable":true,"href":"https:\/\/prahaskolska.200.solutions\/index.php?rest_route=\/wp\/v2\/users\/23"}],"replies":[{"embeddable":true,"href":"https:\/\/prahaskolska.200.solutions\/index.php?rest_route=%2Fwp%2Fv2%2Fcomments&post=8328"}],"version-history":[{"count":6,"href":"https:\/\/prahaskolska.200.solutions\/index.php?rest_route=\/wp\/v2\/posts\/8328\/revisions"}],"predecessor-version":[{"id":8956,"href":"https:\/\/prahaskolska.200.solutions\/index.php?rest_route=\/wp\/v2\/posts\/8328\/revisions\/8956"}],"wp:featuredmedia":[{"embeddable":true,"href":"https:\/\/prahaskolska.200.solutions\/index.php?rest_route=\/wp\/v2\/media\/8347"}],"wp:attachment":[{"href":"https:\/\/prahaskolska.200.solutions\/index.php?rest_route=%2Fwp%2Fv2%2Fmedia&parent=8328"}],"wp:term":[{"taxonomy":"category","embeddable":true,"href":"https:\/\/prahaskolska.200.solutions\/index.php?rest_route=%2Fwp%2Fv2%2Fcategories&post=8328"},{"taxonomy":"post_tag","embeddable":true,"href":"https:\/\/prahaskolska.200.solutions\/index.php?rest_route=%2Fwp%2Fv2%2Ftags&post=8328"}],"curies":[{"name":"wp","href":"https:\/\/api.w.org\/{rel}","templated":true}]}}